{"id":85004,"date":"2026-05-11T00:01:00","date_gmt":"2026-05-11T06:01:00","guid":{"rendered":"https:\/\/www.opinionpublica.tv\/portada\/?p=85004"},"modified":"2026-05-10T14:59:37","modified_gmt":"2026-05-10T20:59:37","slug":"alto-comisionado-de-onu-dh-reconoce-lucha-de-madres-buscadoras-por-10-de-mayo","status":"publish","type":"post","link":"https:\/\/www.opinionpublica.tv\/portada\/alto-comisionado-de-onu-dh-reconoce-lucha-de-madres-buscadoras-por-10-de-mayo\/","title":{"rendered":"Alto Comisionado de ONU-DH reconoce lucha de madres buscadoras por 10 de mayo"},"content":{"rendered":"\n<figure class=\"wp-block-image size-large\"><img fetchpriority=\"high\" decoding=\"async\" width=\"1024\" height=\"683\" src=\"https:\/\/www.opinionpublica.tv\/portada\/wp-content\/uploads\/2026\/05\/Alto-Comisionado-de-ONU-DH-reconoce-lucha-de-madres-buscadoras-por-10-de-mayo-1024x683.webp\" alt=\"Alto comisionado de onu dh reconoce lucha de madres buscadoras por 10 de mayo\" class=\"wp-image-85007\" srcset=\"https:\/\/www.opinionpublica.tv\/portada\/wp-content\/uploads\/2026\/05\/Alto-Comisionado-de-ONU-DH-reconoce-lucha-de-madres-buscadoras-por-10-de-mayo-1024x683.webp 1024w, https:\/\/www.opinionpublica.tv\/portada\/wp-content\/uploads\/2026\/05\/Alto-Comisionado-de-ONU-DH-reconoce-lucha-de-madres-buscadoras-por-10-de-mayo-300x200.webp 300w, https:\/\/www.opinionpublica.tv\/portada\/wp-content\/uploads\/2026\/05\/Alto-Comisionado-de-ONU-DH-reconoce-lucha-de-madres-buscadoras-por-10-de-mayo-768x512.webp 768w, https:\/\/www.opinionpublica.tv\/portada\/wp-content\/uploads\/2026\/05\/Alto-Comisionado-de-ONU-DH-reconoce-lucha-de-madres-buscadoras-por-10-de-mayo.webp 1200w\" sizes=\"(max-width: 1024px) 100vw, 1024px\" \/><\/figure>\n\n\n\n<p class=\"wp-block-paragraph\">En el marco del D\u00eda de las Madres, el Alto Comisionado de Naciones Unidas para los Derechos Humanos, Volker T\u00fcrk, reconoci\u00f3 a las madres buscadoras y a las familias que anhelan obtener verdad y justicia.<\/p>\n\n\n\n<p class=\"wp-block-paragraph\">\u201cLas desapariciones siguen siendo uno de los desaf\u00edos m\u00e1s graves y dolorosos en materia de derechos humanos en M\u00e9xico\u201d, afirm\u00f3 Volker T\u00fcrk.<\/p>\n\n\n\n<p class=\"wp-block-paragraph\">Los colectivos, agreg\u00f3, muchos de ellos liderados por mujeres, desempe\u00f1an una labor esencial de b\u00fasqueda, memoria y exigencia de rendici\u00f3n de cuenta.<\/p>\n\n\n\n<p class=\"wp-block-paragraph\">A trav\u00e9s de la cuenta de X, del organismo internacional, indic\u00f3 que las desapariciones un sufrimiento inimaginable y prolongado para las familias. Tambi\u00e9n, \u201cerosionan la confianza entre la poblaci\u00f3n y el Estado, responsable de prevenir, investigar, juzgar y condenar a los responsables\u201d.<\/p>\n\n\n\n<p class=\"wp-block-paragraph\">Salud\u00f3 el valor y la tenacidad de las familias de personas desaparecidas y los colectivos que los conforman, porque, dijo, no solo desempe\u00f1an labores esenciales de b\u00fasqueda y documentaci\u00f3n, sino lideran los esfuerzos por promover visibilidad, rendici\u00f3n de cuentas y respuestas institucionales.<\/p>\n\n\n\n<p class=\"wp-block-paragraph\"><em>Con informaci\u00f3n de La Jornada<\/em>.<\/p>\n","protected":false},"excerpt":{"rendered":"<p>En el marco del D\u00eda de las Madres, el Alto Comisionado de Naciones Unidas para los Derechos Humanos, Volker T\u00fcrk, reconoci\u00f3 a las madres buscadoras y a las familias que anhelan obtener verdad y justicia. \u201cLas desapariciones siguen siendo uno de los desaf\u00edos m\u00e1s graves y dolorosos en materia de derechos humanos en M\u00e9xico\u201d, afirm\u00f3 [&hellip;]<\/p>\n","protected":false},"author":6,"featured_media":85007,"comment_status":"closed","ping_status":"closed","sticky":false,"template":"","format":"standard","meta":{"_acf_changed":false,"_monsterinsights_skip_tracking":false,"slim_seo":{"title":"Alto Comisionado de ONU-DH reconoce lucha de madres buscadoras por 10 de mayo - Opini\u00f3n P\u00fablica","description":"En el marco del D\u00eda de las Madres, el Alto Comisionado de Naciones Unidas para los Derechos Humanos, Volker T\u00fcrk, reconoci\u00f3 a las madres buscadoras y a las fami"},"footnotes":""},"categories":[4],"tags":[298,3323,167],"class_list":["post-85004","post","type-post","status-publish","format-standard","has-post-thumbnail","hentry","category-pulsopolitico","tag-desaparecidos-en-mexico","tag-madres-buscadoras","tag-onu"],"acf":[],"_links":{"self":[{"href":"https:\/\/www.opinionpublica.tv\/portada\/wp-json\/wp\/v2\/posts\/85004","targetHints":{"allow":["GET"]}}],"collection":[{"href":"https:\/\/www.opinionpublica.tv\/portada\/wp-json\/wp\/v2\/posts"}],"about":[{"href":"https:\/\/www.opinionpublica.tv\/portada\/wp-json\/wp\/v2\/types\/post"}],"author":[{"embeddable":true,"href":"https:\/\/www.opinionpublica.tv\/portada\/wp-json\/wp\/v2\/users\/6"}],"replies":[{"embeddable":true,"href":"https:\/\/www.opinionpublica.tv\/portada\/wp-json\/wp\/v2\/comments?post=85004"}],"version-history":[{"count":2,"href":"https:\/\/www.opinionpublica.tv\/portada\/wp-json\/wp\/v2\/posts\/85004\/revisions"}],"predecessor-version":[{"id":85008,"href":"https:\/\/www.opinionpublica.tv\/portada\/wp-json\/wp\/v2\/posts\/85004\/revisions\/85008"}],"wp:featuredmedia":[{"embeddable":true,"href":"https:\/\/www.opinionpublica.tv\/portada\/wp-json\/wp\/v2\/media\/85007"}],"wp:attachment":[{"href":"https:\/\/www.opinionpublica.tv\/portada\/wp-json\/wp\/v2\/media?parent=85004"}],"wp:term":[{"taxonomy":"category","embeddable":true,"href":"https:\/\/www.opinionpublica.tv\/portada\/wp-json\/wp\/v2\/categories?post=85004"},{"taxonomy":"post_tag","embeddable":true,"href":"https:\/\/www.opinionpublica.tv\/portada\/wp-json\/wp\/v2\/tags?post=85004"}],"curies":[{"name":"wp","href":"https:\/\/api.w.org\/{rel}","templated":true}]}}