{"id":8499,"date":"2016-11-23T07:00:00","date_gmt":"2016-11-23T06:00:00","guid":{"rendered":"https:\/\/www.opinionpublica.tv\/portada\/2016\/11\/23\/senado-prohibe-las-peleas-de-perros\/"},"modified":"2016-11-23T07:00:00","modified_gmt":"2016-11-23T06:00:00","slug":"senado-prohibe-las-peleas-de-perros","status":"publish","type":"post","link":"https:\/\/www.opinionpublica.tv\/portada\/senado-prohibe-las-peleas-de-perros\/","title":{"rendered":"Senado proh\u00edbe las peleas de perros"},"content":{"rendered":"<p><img fetchpriority=\"high\" decoding=\"async\" class=\" size-full wp-image-8498\" src=\"https:\/\/www.opinionpublica.tv\/portada\/wp-content\/uploads\/2016\/11\/17aa9621283993fb4ead20e4a40f82cc.jpg\" alt=\"\" width=\"609\" height=\"501\" srcset=\"https:\/\/www.opinionpublica.tv\/portada\/wp-content\/uploads\/2016\/11\/17aa9621283993fb4ead20e4a40f82cc.jpg 609w, https:\/\/www.opinionpublica.tv\/portada\/wp-content\/uploads\/2016\/11\/17aa9621283993fb4ead20e4a40f82cc-300x247.jpg 300w\" sizes=\"(max-width: 609px) 100vw, 609px\" \/><br \/>\n<!--more--><\/p>\n<p style=\"text-align: justify;\">El pleno del Senado aprob\u00f3 \u00a0una reforma para prohibir las peleas de perros, la cual establece principios para el trato respetuoso a los animales.<\/p>\n<p style=\"text-align: justify;\">El trato digno y respetuoso hacia los animales se refiere a medidas para evitar el dolor, deterioro f\u00edsico y sufrimiento durante su\u00a0manejo\u00a0<\/p>\n<p style=\"text-align: justify;\">Dispone que los gobiernos de la Ciudad de M\u00e9xico, los estados, el federal y los municipales, \u201cen el \u00e1mbito de su respectiva competencia, establecer\u00e1n la prohibici\u00f3n de organizar, inducir o provocar peleas de perros\u201d.<\/p>\n<p style=\"text-align: justify;\">Asimismo, se contempla que se velar\u00e1 porque a los perros se les suministre agua y alimento suficientes, a efecto de mantenerlos sanos y con una nutrici\u00f3n adecuada; proporcionar a los animales un ambiente adecuado para su descanso, movimiento y estancia, de acuerdo a cada tipo de especie.<\/p>\n<blockquote>\n<p>Suministrar a los animales atenci\u00f3n m\u00e9dica preventiva y en caso de enfermedad brindar tratamiento m\u00e9dico expedito avalado por un m\u00e9dico veterinario; permitir a los animales la expresi\u00f3n de su comportamiento natural, y brindar a los animales un trato y condiciones que procuren su cuidado dependiendo de la especie\u201d, subraya la reforma.<\/p>\n<\/blockquote>\n<p style=\"text-align: justify;\">Adem\u00e1s, se a\u00f1ade que corresponde al gobierno federal expedir las normas oficiales mexicanas que determinen los principios b\u00e1sicos de trato digno y respetuoso previsto por esta Ley, que incluyen condiciones de captura, cautiverio, comercializaci\u00f3n, cuarentena, entrenamiento, exhibici\u00f3n, explotaci\u00f3n, manutenci\u00f3n, transporte, y sacrificio de los animales, as\u00ed como vigilar su cumplimiento.<\/p>\n<p style=\"text-align: justify;\">En tribuna, Jorge Ar\u00e9chiga, senador del PVEM, habl\u00f3 de la relevancia del dictamen para erradicar el maltrato, crueldad o negligencia hacia los animales.<\/p>\n<p style=\"text-align: justify;\">Con informaci\u00f3n de Notimex<\/p>\n","protected":false},"excerpt":{"rendered":"","protected":false},"author":1,"featured_media":8498,"comment_status":"open","ping_status":"open","sticky":false,"template":"","format":"standard","meta":{"_acf_changed":false,"_monsterinsights_skip_tracking":false,"slim_seo":{"title":"Senado proh\u00edbe las peleas de perros - Opini\u00f3n P\u00fablica","description":"El pleno del Senado aprob\u00f3 \u00a0una reforma para prohibir las peleas de perros, la cual establece principios para el trato respetuoso a los animales. El trato digno"},"footnotes":""},"categories":[9],"tags":[],"class_list":["post-8499","post","type-post","status-publish","format-standard","has-post-thumbnail","hentry","category-nacional"],"acf":[],"_links":{"self":[{"href":"https:\/\/www.opinionpublica.tv\/portada\/wp-json\/wp\/v2\/posts\/8499","targetHints":{"allow":["GET"]}}],"collection":[{"href":"https:\/\/www.opinionpublica.tv\/portada\/wp-json\/wp\/v2\/posts"}],"about":[{"href":"https:\/\/www.opinionpublica.tv\/portada\/wp-json\/wp\/v2\/types\/post"}],"author":[{"embeddable":true,"href":"https:\/\/www.opinionpublica.tv\/portada\/wp-json\/wp\/v2\/users\/1"}],"replies":[{"embeddable":true,"href":"https:\/\/www.opinionpublica.tv\/portada\/wp-json\/wp\/v2\/comments?post=8499"}],"version-history":[{"count":0,"href":"https:\/\/www.opinionpublica.tv\/portada\/wp-json\/wp\/v2\/posts\/8499\/revisions"}],"wp:featuredmedia":[{"embeddable":true,"href":"https:\/\/www.opinionpublica.tv\/portada\/wp-json\/wp\/v2\/media\/8498"}],"wp:attachment":[{"href":"https:\/\/www.opinionpublica.tv\/portada\/wp-json\/wp\/v2\/media?parent=8499"}],"wp:term":[{"taxonomy":"category","embeddable":true,"href":"https:\/\/www.opinionpublica.tv\/portada\/wp-json\/wp\/v2\/categories?post=8499"},{"taxonomy":"post_tag","embeddable":true,"href":"https:\/\/www.opinionpublica.tv\/portada\/wp-json\/wp\/v2\/tags?post=8499"}],"curies":[{"name":"wp","href":"https:\/\/api.w.org\/{rel}","templated":true}]}}