{"id":8497,"date":"2016-11-23T07:00:00","date_gmt":"2016-11-23T06:00:00","guid":{"rendered":"https:\/\/www.opinionpublica.tv\/portada\/2016\/11\/23\/trump-elige-a-una-mujer-para-puesto-clave\/"},"modified":"2016-11-23T07:00:00","modified_gmt":"2016-11-23T06:00:00","slug":"trump-elige-a-una-mujer-para-puesto-clave","status":"publish","type":"post","link":"https:\/\/www.opinionpublica.tv\/portada\/trump-elige-a-una-mujer-para-puesto-clave\/","title":{"rendered":"Trump elige a una mujer para puesto clave"},"content":{"rendered":"<p><img fetchpriority=\"high\" decoding=\"async\" class=\" size-full wp-image-8496\" src=\"https:\/\/www.opinionpublica.tv\/portada\/wp-content\/uploads\/2016\/11\/eade650eabdc5f976e535757dcf24ac5.jpg\" alt=\"\" width=\"562\" height=\"423\" srcset=\"https:\/\/www.opinionpublica.tv\/portada\/wp-content\/uploads\/2016\/11\/eade650eabdc5f976e535757dcf24ac5.jpg 562w, https:\/\/www.opinionpublica.tv\/portada\/wp-content\/uploads\/2016\/11\/eade650eabdc5f976e535757dcf24ac5-300x226.jpg 300w\" sizes=\"(max-width: 562px) 100vw, 562px\" \/><br \/>\n<!--more--><\/p>\n<p style=\"text-align: justify;\">El presidente electo estadunidense, Donald Trump, eligi\u00f3 a la gobernadora de Carolina del Sur, Nikki Haley, para representar a Estados Unidos ante la ONU, en lo que constituye el primer nombramiento de una mujer para un puesto clave en su gobierno.<\/p>\n<p style=\"text-align: justify;\">Fuentes cercanas al futuro mandatario, citadas por medios estadunidenses, aseguran que hoy se har\u00e1 oficial el nombramiento de Haley como embajadora de Estados Unidos ante la ONU, puesto que actualmente ocupa Samantha Power.<\/p>\n<p style=\"text-align: justify;\">Haley, de 44 a\u00f1os y gobernadora de Carolina del Sur desde 2011, se opuso a Trump durante el proceso de primarias del Partido Republicano y brind\u00f3 su apoyo, primero, al senador por el estado de Florida, Marco Rubio, y cuando este fue eliminado, al senador por Texas, Ted Cruz.<\/p>\n<p style=\"text-align: justify;\">A pesar de esa inicial oposici\u00f3n, el nombre de Haley son\u00f3 como posible compa\u00f1era de f\u00f3rmula de Trump como candidata vicepresidencial, puesto que acab\u00f3 en manos del gobernador de Indiana, Mike Pence.<\/p>\n<p style=\"text-align: justify;\">Fuentes citadas por medios estadunidenses indican que Haley, como representante de Estados Unidos ante la ONU, formar\u00e1 parte del gabinete presidencial, un nivel de importancia que algunos presidentes republicanos no han conferido a los representantes del pa\u00eds ante las Naciones Unidas.<\/p>\n<p style=\"text-align: justify;\">El jueves pasado, Haley mantuvo una reuni\u00f3n \u00abbuena\u00bb con el presidente electo en la Trump Tower de Manhattan, en Nueva York, donde hablaron de \u00abm\u00faltiples temas\u00bb, seg\u00fan dijo la propia gobernadora a la prensa a su salida del encuentro.<\/p>\n<p style=\"text-align: justify;\">La asesora del millonario neoyorquino, Kellyanne Conway, quien act\u00faa como portavoz del equipo de transici\u00f3n, dijo que la gobernadora hab\u00eda llegado a Nueva York para prestar \u00absus consejos\u00bb y hablar del \u00abgran \u00e9xito\u00bb que ha tenido como m\u00e1xima autoridad ejecutiva de Carolina del Sur.<\/p>\n<p style=\"text-align: justify;\">El diario The Wall Street Journal adelant\u00f3 anoche que Haley era la candidata con m\u00e1s posibilidades de convertirse en la representante de Estados Unidos en la ONU.<\/p>\n<p style=\"text-align: justify;\">Informaci\u00f3n de Exc\u00e9lsior<\/p>\n","protected":false},"excerpt":{"rendered":"","protected":false},"author":1,"featured_media":8496,"comment_status":"open","ping_status":"open","sticky":false,"template":"","format":"standard","meta":{"_acf_changed":false,"_monsterinsights_skip_tracking":false,"slim_seo":{"title":"Trump elige a una mujer para puesto clave - Opini\u00f3n P\u00fablica","description":"El presidente electo estadunidense, Donald Trump, eligi\u00f3 a la gobernadora de Carolina del Sur, Nikki Haley, para representar a Estados Unidos ante la ONU, en lo"},"footnotes":""},"categories":[24],"tags":[],"class_list":["post-8497","post","type-post","status-publish","format-standard","has-post-thumbnail","hentry","category-estados-unidos"],"acf":[],"_links":{"self":[{"href":"https:\/\/www.opinionpublica.tv\/portada\/wp-json\/wp\/v2\/posts\/8497","targetHints":{"allow":["GET"]}}],"collection":[{"href":"https:\/\/www.opinionpublica.tv\/portada\/wp-json\/wp\/v2\/posts"}],"about":[{"href":"https:\/\/www.opinionpublica.tv\/portada\/wp-json\/wp\/v2\/types\/post"}],"author":[{"embeddable":true,"href":"https:\/\/www.opinionpublica.tv\/portada\/wp-json\/wp\/v2\/users\/1"}],"replies":[{"embeddable":true,"href":"https:\/\/www.opinionpublica.tv\/portada\/wp-json\/wp\/v2\/comments?post=8497"}],"version-history":[{"count":0,"href":"https:\/\/www.opinionpublica.tv\/portada\/wp-json\/wp\/v2\/posts\/8497\/revisions"}],"wp:featuredmedia":[{"embeddable":true,"href":"https:\/\/www.opinionpublica.tv\/portada\/wp-json\/wp\/v2\/media\/8496"}],"wp:attachment":[{"href":"https:\/\/www.opinionpublica.tv\/portada\/wp-json\/wp\/v2\/media?parent=8497"}],"wp:term":[{"taxonomy":"category","embeddable":true,"href":"https:\/\/www.opinionpublica.tv\/portada\/wp-json\/wp\/v2\/categories?post=8497"},{"taxonomy":"post_tag","embeddable":true,"href":"https:\/\/www.opinionpublica.tv\/portada\/wp-json\/wp\/v2\/tags?post=8497"}],"curies":[{"name":"wp","href":"https:\/\/api.w.org\/{rel}","templated":true}]}}