{"id":8493,"date":"2016-11-22T07:00:00","date_gmt":"2016-11-22T06:00:00","guid":{"rendered":"https:\/\/www.opinionpublica.tv\/portada\/2016\/11\/22\/efemerides-25-de-noviembre\/"},"modified":"2016-11-22T07:00:00","modified_gmt":"2016-11-22T06:00:00","slug":"efemerides-25-de-noviembre","status":"publish","type":"post","link":"https:\/\/www.opinionpublica.tv\/portada\/efemerides-25-de-noviembre\/","title":{"rendered":"Efem\u00e9rides 25 de Noviembre"},"content":{"rendered":"<img fetchpriority=\"high\" decoding=\"async\" class=\" size-full wp-image-8492\" src=\"https:\/\/www.opinionpublica.tv\/portada\/wp-content\/uploads\/2016\/11\/ce8a64366b75efc57f1768053fc7afe4.jpg\" alt=\"\" class=\"caption\" title=\"Catalina de Alejandr\u00eda fue una m\u00e1rtir cristiana del siglo IV\" width=\"200\" height=\"261\" \/>\n<p style=\"text-align: justify;\">Es el 329.\u00ba (tricent\u00e9simo vigesimonoveno) d\u00eda del a\u00f1o en el calendario gregoriano y el 330.\u00ba en los a\u00f1os bisiestos. Quedan 36\u00a0d\u00edas para finalizar el a\u00f1o.<\/p>\n<p><!--more--><\/p>\n<h2 style=\"text-align: justify;\"><span id=\"Acontecimientos\" class=\"mw-headline\">Acontecimientos<\/span><\/h2>\n<ul style=\"text-align: justify;\">\n<li><a title=\"1192\" href=\"https:\/\/es.wikipedia.org\/wiki\/1192\">1192<\/a>: en <a title=\"Paris\" href=\"https:\/\/es.wikipedia.org\/wiki\/Paris\">Paris<\/a>, <a class=\"mw-redirect\" title=\"San Juan de Mata\" href=\"https:\/\/es.wikipedia.org\/wiki\/San_Juan_de_Mata\">San Juan de Mata<\/a> (que posteriormente fundar\u00e1 la <a title=\"Orden Trinitaria\" href=\"https:\/\/es.wikipedia.org\/wiki\/Orden_Trinitaria\">Orden Trinitaria<\/a>), es ordenado sacerdote por el obispo <a title=\"Maurice de Sully\" href=\"https:\/\/es.wikipedia.org\/wiki\/Maurice_de_Sully\">Maurice de Sully<\/a>.<\/li>\n<li><a title=\"1491\" href=\"https:\/\/es.wikipedia.org\/wiki\/1491\">1491<\/a>: en <a title=\"Santa Fe (Granada)\" href=\"https:\/\/es.wikipedia.org\/wiki\/Santa_Fe_(Granada)\">Santa Fe<\/a> (<a title=\"Reino nazar\u00ed de Granada\" href=\"https:\/\/es.wikipedia.org\/wiki\/Reino_nazar%C3%AD_de_Granada\">Reino de Granada<\/a>), <a title=\"Boabdil\" href=\"https:\/\/es.wikipedia.org\/wiki\/Boabdil\">Boabdil<\/a> y los <a title=\"Reyes Cat\u00f3licos\" href=\"https:\/\/es.wikipedia.org\/wiki\/Reyes_Cat%C3%B3licos\">Reyes Cat\u00f3licos<\/a> firman las <i><a title=\"Capitulaciones de Granada\" href=\"https:\/\/es.wikipedia.org\/wiki\/Capitulaciones_de_Granada\">Capitulaciones de Granada<\/a><\/i>.<\/li>\n<li><a title=\"1496\" href=\"https:\/\/es.wikipedia.org\/wiki\/1496\">1496<\/a>: en <a title=\"Espa\u00f1a\" href=\"https:\/\/es.wikipedia.org\/wiki\/Espa%C3%B1a\">Espa\u00f1a<\/a>, <a title=\"Alonso Fern\u00e1ndez de Lugo\" href=\"https:\/\/es.wikipedia.org\/wiki\/Alonso_Fern%C3%A1ndez_de_Lugo\">Alonso Fern\u00e1ndez de Lugo<\/a> es nombrado \u00ab<a title=\"Adelantado\" href=\"https:\/\/es.wikipedia.org\/wiki\/Adelantado\">adelantado<\/a>\u00bb de las <a title=\"Canarias\" href=\"https:\/\/es.wikipedia.org\/wiki\/Canarias\">Islas Canarias<\/a>.<\/li>\n<li><a title=\"1541\" href=\"https:\/\/es.wikipedia.org\/wiki\/1541\">1541<\/a>: en <a title=\"Per\u00fa\" href=\"https:\/\/es.wikipedia.org\/wiki\/Per%C3%BA\">Per\u00fa<\/a> se funda la <a class=\"mw-redirect\" title=\"Villa de Santa Catalina de Guadalc\u00e1zar del Valle de Moquegua\" href=\"https:\/\/es.wikipedia.org\/wiki\/Villa_de_Santa_Catalina_de_Guadalc%C3%A1zar_del_Valle_de_Moquegua\">Villa de Santa Catalina de Guadalc\u00e1zar del Valle de Moquegua<\/a> (actual ciudad de Moquegua).<\/li>\n<li><a title=\"1550\" href=\"https:\/\/es.wikipedia.org\/wiki\/1550\">1550<\/a>: en el <a title=\"Virreinato de Nueva Espa\u00f1a\" href=\"https:\/\/es.wikipedia.org\/wiki\/Virreinato_de_Nueva_Espa%C3%B1a\">Virreinato de Nueva Espa\u00f1a<\/a>, comienza el gobierno del virrey <a title=\"Luis de Velasco y Ruiz de Alarc\u00f3n\" href=\"https:\/\/es.wikipedia.org\/wiki\/Luis_de_Velasco_y_Ruiz_de_Alarc%C3%B3n\">Luis de Velasco y Ruiz de Alarc\u00f3n<\/a>.<\/li>\n<li><a title=\"1578\" href=\"https:\/\/es.wikipedia.org\/wiki\/1578\">1578<\/a>: en <a title=\"Madrid\" href=\"https:\/\/es.wikipedia.org\/wiki\/Madrid\">Madrid<\/a> (<a title=\"Espa\u00f1a\" href=\"https:\/\/es.wikipedia.org\/wiki\/Espa%C3%B1a\">Espa\u00f1a<\/a>), <a title=\"Felipe II de Espa\u00f1a\" href=\"https:\/\/es.wikipedia.org\/wiki\/Felipe_II_de_Espa%C3%B1a\">Felipe II<\/a> ordena a los obispos americanos que castiguen a los cl\u00e9rigos que maltratan a los indios.<\/li>\n<li><a title=\"1601\" href=\"https:\/\/es.wikipedia.org\/wiki\/1601\">1601<\/a>: en la regi\u00f3n de <a title=\"Zelanda\" href=\"https:\/\/es.wikipedia.org\/wiki\/Zelanda\">Zelanda<\/a> (<a title=\"Pa\u00edses Bajos\" href=\"https:\/\/es.wikipedia.org\/wiki\/Pa%C3%ADses_Bajos\">Pa\u00edses Bajos<\/a>), una inundaci\u00f3n hace desaparecer para siempre la aldea de Vremdijke (tambi\u00e9n Vroondijk, Vremdic, Frondic o Vrandic).<\/li>\n<li><a title=\"1724\" href=\"https:\/\/es.wikipedia.org\/wiki\/1724\">1724<\/a>: en Madrid se realiza la primera reuni\u00f3n de las Cortes generales del reino espa\u00f1ol.<\/li>\n<li><a title=\"1741\" href=\"https:\/\/es.wikipedia.org\/wiki\/1741\">1741<\/a>: <a title=\"Isabel I de Rusia\" href=\"https:\/\/es.wikipedia.org\/wiki\/Isabel_I_de_Rusia\">Isabel I de Rusia<\/a> encierra en una prisi\u00f3n al zar ni\u00f1o <a title=\"Iv\u00e1n VI de Rusia\" href=\"https:\/\/es.wikipedia.org\/wiki\/Iv%C3%A1n_VI_de_Rusia\">Iv\u00e1n VI<\/a> y es nombrada emperatriz de Rusia; ser\u00e1 llamada <i>La Clemente<\/i>.<\/li>\n<li><a title=\"1776\" href=\"https:\/\/es.wikipedia.org\/wiki\/1776\">1776<\/a>: en <a class=\"mw-redirect\" title=\"Guayana\" href=\"https:\/\/es.wikipedia.org\/wiki\/Guayana\">Guayana<\/a>, el espa\u00f1ol <a title=\"Manuel Centuri\u00f3n\" href=\"https:\/\/es.wikipedia.org\/wiki\/Manuel_Centuri%C3%B3n\">Manuel Centuri\u00f3n<\/a> toma posesi\u00f3n de su cargo como comandante general.<\/li>\n<li><a title=\"1783\" href=\"https:\/\/es.wikipedia.org\/wiki\/1783\">1783<\/a>: en <a title=\"Estados Unidos\" href=\"https:\/\/es.wikipedia.org\/wiki\/Estados_Unidos\">Estados Unidos<\/a>, tras la <a title=\"Guerra de Independencia de los Estados Unidos\" href=\"https:\/\/es.wikipedia.org\/wiki\/Guerra_de_Independencia_de_los_Estados_Unidos\">guerra de independencia<\/a>, zarpa del puerto de <a title=\"Nueva York\" href=\"https:\/\/es.wikipedia.org\/wiki\/Nueva_York\">Nueva York<\/a> el \u00faltimo barco brit\u00e1nico de las colonias norteamericanas.<\/li>\n<li><a title=\"1812\" href=\"https:\/\/es.wikipedia.org\/wiki\/1812\">1812<\/a>: en <a title=\"M\u00e9xico\" href=\"https:\/\/es.wikipedia.org\/wiki\/M%C3%A9xico\">M\u00e9xico<\/a>, durante la Guerra de Independencia, un grupo de patriotas mexicanos toman la ciudad de <a title=\"Oaxaca de Ju\u00e1rez\" href=\"https:\/\/es.wikipedia.org\/wiki\/Oaxaca_de_Ju%C3%A1rez\">Oaxaca<\/a> que estaba en poder de los espa\u00f1oles.<\/li>\n<li><a title=\"1821\" href=\"https:\/\/es.wikipedia.org\/wiki\/1821\">1821<\/a>: en <a title=\"Alajuela (ciudad)\" href=\"https:\/\/es.wikipedia.org\/wiki\/Alajuela_(ciudad)\">Alajuela<\/a> (<a title=\"Costa Rica\" href=\"https:\/\/es.wikipedia.org\/wiki\/Costa_Rica\">Costa Rica<\/a>) se proclama la independencia del pa\u00eds.<\/li>\n<li><a title=\"1833\" href=\"https:\/\/es.wikipedia.org\/wiki\/1833\">1833<\/a>: en el mar al sur de la isla de <a title=\"Sumatra\" href=\"https:\/\/es.wikipedia.org\/wiki\/Sumatra\">Sumatra<\/a>, a 175\u00a0km al sur de <a title=\"Padang\" href=\"https:\/\/es.wikipedia.org\/wiki\/Padang\">Padang<\/a> (<a title=\"Indonesia\" href=\"https:\/\/es.wikipedia.org\/wiki\/Indonesia\">Indonesia<\/a> <span class=\"plainlinks nourlexpansion\"><img decoding=\"async\" class=\"wmamapbutton noprint\" title=\"Mostrar el lugar en un mapa interactivo\" src=\"https:\/\/upload.wikimedia.org\/wikipedia\/commons\/thumb\/9\/9a\/Erioll_world.svg\/15px-Erioll_world.svg.png\" alt=\"\" \/><a class=\"external text\" href=\"http:\/\/tools.wmflabs.org\/geohack\/geohack.php?language=es&amp;pagename=25_de_noviembre&amp;params=-2.5_N_100.5_E_\"><span class=\"geo-default\"><span class=\"geo-dec\" title=\"Mapas, fotos y otros datos de -2.5 100.5\"><span class=\"geo\"><span class=\"latitude\">-2.5,<\/span> <span class=\"longitude\">100.5<\/span><\/span><\/span><\/span><\/a><\/span>) a las 20:00 (hora local) se registra un <a title=\"Terremoto\" href=\"https:\/\/es.wikipedia.org\/wiki\/Terremoto\">terremoto<\/a> de 8,9 grados en la <a title=\"Escala sismol\u00f3gica de Richter\" href=\"https:\/\/es.wikipedia.org\/wiki\/Escala_sismol%C3%B3gica_de_Richter\">escala sismol\u00f3gica de Richter<\/a>, que dura cinco minutos. Es mucho m\u00e1s duradero y mort\u00edfero que el que sucedi\u00f3 en el mismo sitio 37\u00a0a\u00f1os antes. El <a title=\"Tsunami\" href=\"https:\/\/es.wikipedia.org\/wiki\/Tsunami\">tsunami<\/a> resultante produjo un n\u00famero indeterminado de v\u00edctimas en los continentes cercanos. La erupci\u00f3n resultante de dos volcanes produjo una inundaci\u00f3n que sepult\u00f3 varios pueblos bajo 6\u00a0m de barro.<sup id=\"cite_ref-1\" class=\"reference\"><a href=\"https:\/\/es.wikipedia.org\/wiki\/25_de_noviembre#cite_note-1\">1<\/a><\/sup><\/li>\n<li><a title=\"1839\" href=\"https:\/\/es.wikipedia.org\/wiki\/1839\">1839<\/a>: en el estado de <a title=\"Andhra Pradesh\" href=\"https:\/\/es.wikipedia.org\/wiki\/Andhra_Pradesh\">Andhra Pradesh<\/a> (<a title=\"India\" href=\"https:\/\/es.wikipedia.org\/wiki\/India\">India<\/a>), una <a class=\"mw-redirect\" title=\"Marea de tempestad\" href=\"https:\/\/es.wikipedia.org\/wiki\/Marea_de_tempestad\">marejada cicl\u00f3nica<\/a> (de 12\u00a0<a class=\"mw-redirect\" title=\"Metros\" href=\"https:\/\/es.wikipedia.org\/wiki\/Metros\">m<\/a> de altura) provocada por un inmenso <a title=\"Cicl\u00f3n\" href=\"https:\/\/es.wikipedia.org\/wiki\/Cicl%C3%B3n\">cicl\u00f3n<\/a> golpea el puerto de <a title=\"Distrito de Godavari Este\" href=\"https:\/\/es.wikipedia.org\/wiki\/Distrito_de_Godavari_Este\">Coringa<\/a>, destruye 2000\u00a0barcos y mata a 20\u00a0000 personas.<sup id=\"cite_ref-2\" class=\"reference\"><a href=\"https:\/\/es.wikipedia.org\/wiki\/25_de_noviembre#cite_note-2\">2<\/a><\/sup> Ya en <a title=\"1789\" href=\"https:\/\/es.wikipedia.org\/wiki\/1789\">1789<\/a> hab\u00eda sucedido lo mismo, con la misma cantidad de v\u00edctimas.<\/li>\n<li><a title=\"1842\" href=\"https:\/\/es.wikipedia.org\/wiki\/1842\">1842<\/a>: en <a title=\"Paraguay\" href=\"https:\/\/es.wikipedia.org\/wiki\/Paraguay\">Paraguay<\/a> se inicia la reuni\u00f3n de un Congreso Nacional, donde se crea la bandera paraguaya. El pa\u00eds declara su independencia definitiva de la <a title=\"Confederaci\u00f3n Argentina\" href=\"https:\/\/es.wikipedia.org\/wiki\/Confederaci%C3%B3n_Argentina\">Confederaci\u00f3n Argentina<\/a>.<\/li>\n<li><a title=\"1870\" href=\"https:\/\/es.wikipedia.org\/wiki\/1870\">1870<\/a>: en Paraguay se jura la <a title=\"Constituci\u00f3n del Paraguay\" href=\"https:\/\/es.wikipedia.org\/wiki\/Constituci%C3%B3n_del_Paraguay\">Constituci\u00f3n Nacional<\/a>. <a title=\"Cirilo Antonio Rivarola\" href=\"https:\/\/es.wikipedia.org\/wiki\/Cirilo_Antonio_Rivarola\">Cirilo Antonio Rivarola<\/a> asume la presidencia constitucional de la Rep\u00fablica. Lo secunda en la vicepresidencia <a title=\"Cayo Miltos\" href=\"https:\/\/es.wikipedia.org\/wiki\/Cayo_Miltos\">Cayo Miltos<\/a>.<\/li>\n<li><a title=\"1874\" href=\"https:\/\/es.wikipedia.org\/wiki\/1874\">1874<\/a>: en Paraguay, <a title=\"Juan Bautista Gill\" href=\"https:\/\/es.wikipedia.org\/wiki\/Juan_Bautista_Gill\">Juan Bautista Gill<\/a> asume la presidencia constitucional de la Rep\u00fablica. Lo secunda <a title=\"Higinio Uriarte\" href=\"https:\/\/es.wikipedia.org\/wiki\/Higinio_Uriarte\">Higinio Uriarte<\/a>. El presidente Gill decreta amnist\u00eda pol\u00edtica y libertad a presos pol\u00edticos.<\/li>\n<li><a title=\"1878\" href=\"https:\/\/es.wikipedia.org\/wiki\/1878\">1878<\/a>: en Paraguay, <a title=\"C\u00e1ndido Bareiro\" href=\"https:\/\/es.wikipedia.org\/wiki\/C%C3%A1ndido_Bareiro\">C\u00e1ndido Bareiro<\/a> asume la presidencia constitucional de la Rep\u00fablica. Lo secunda <a title=\"Adolfo Saguier\" href=\"https:\/\/es.wikipedia.org\/wiki\/Adolfo_Saguier\">Adolfo Saguier<\/a>.<\/li>\n<li><a title=\"1882\" href=\"https:\/\/es.wikipedia.org\/wiki\/1882\">1882<\/a>: en Paraguay, <a title=\"Bernardino Caballero\" href=\"https:\/\/es.wikipedia.org\/wiki\/Bernardino_Caballero\">Bernardino Caballero<\/a> asume la presidencia constitucional de la Rep\u00fablica. Lo secunda <a title=\"Juan Antonio Jara\" href=\"https:\/\/es.wikipedia.org\/wiki\/Juan_Antonio_Jara\">Juan Antonio Jara<\/a>.<\/li>\n<li><a title=\"1885\" href=\"https:\/\/es.wikipedia.org\/wiki\/1885\">1885<\/a>: en <a title=\"Atlanta\" href=\"https:\/\/es.wikipedia.org\/wiki\/Atlanta\">Atlanta<\/a> (<a title=\"Estados Unidos\" href=\"https:\/\/es.wikipedia.org\/wiki\/Estados_Unidos\">Estados Unidos<\/a>) se vota la \u00abley seca\u00bb, que entrar\u00e1 en vigor en <a title=\"1886\" href=\"https:\/\/es.wikipedia.org\/wiki\/1886\">1886<\/a>.<\/li>\n<li><a title=\"1886\" href=\"https:\/\/es.wikipedia.org\/wiki\/1886\">1886<\/a>: en la <a title=\"Bah\u00eda de San Sebasti\u00e1n\" href=\"https:\/\/es.wikipedia.org\/wiki\/Bah%C3%ADa_de_San_Sebasti%C3%A1n\">bah\u00eda de San Sebasti\u00e1n<\/a> (<a title=\"Provincia de Tierra del Fuego, Ant\u00e1rtida e Islas del Atl\u00e1ntico Sur\" href=\"https:\/\/es.wikipedia.org\/wiki\/Provincia_de_Tierra_del_Fuego,_Ant%C3%A1rtida_e_Islas_del_Atl%C3%A1ntico_Sur\">Tierra del Fuego<\/a>), soldados argentinos liderados por el capit\u00e1n <a title=\"Ram\u00f3n Lista\" href=\"https:\/\/es.wikipedia.org\/wiki\/Ram%C3%B3n_Lista\">Ram\u00f3n Lista<\/a> (1856-1897) matan a 28\u00a0<a class=\"mw-redirect\" title=\"Etnia selknam\" href=\"https:\/\/es.wikipedia.org\/wiki\/Etnia_selknam\">indios onas<\/a> (<a title=\"Genocidio selknam\" href=\"https:\/\/es.wikipedia.org\/wiki\/Genocidio_selknam\">matanza de playa San Sebasti\u00e1n<\/a>).<\/li>\n<li>1886: en Paraguay, <a title=\"Patricio Escobar\" href=\"https:\/\/es.wikipedia.org\/wiki\/Patricio_Escobar\">Patricio Escobar<\/a> asume la presidencia constitucional de la Rep\u00fablica. Lo secunda Jos\u00e9 del Rosario Miranda.<\/li>\n<li><a title=\"1890\" href=\"https:\/\/es.wikipedia.org\/wiki\/1890\">1890<\/a>: en Paraguay, <a title=\"Juan Gualberto Gonz\u00e1lez\" href=\"https:\/\/es.wikipedia.org\/wiki\/Juan_Gualberto_Gonz%C3%A1lez\">Juan Gualberto Gonz\u00e1lez<\/a> asume la presidencia constitucional de la Rep\u00fablica. Lo secunda Marcos Mor\u00ednigo.<\/li>\n<li><a title=\"1894\" href=\"https:\/\/es.wikipedia.org\/wiki\/1894\">1894<\/a>: en Paraguay, <a title=\"Juan Bautista Egusquiza\" href=\"https:\/\/es.wikipedia.org\/wiki\/Juan_Bautista_Egusquiza\">Juan Bautista Egusquiza<\/a> asume la presidencia constitucional de la Rep\u00fablica. Lo secunda <a title=\"Facundo Ynsfr\u00e1n Caballero\" href=\"https:\/\/es.wikipedia.org\/wiki\/Facundo_Ynsfr%C3%A1n_Caballero\">Facundo Ynsfr\u00e1n Caballero<\/a>.<\/li>\n<li><a title=\"1897\" href=\"https:\/\/es.wikipedia.org\/wiki\/1897\">1897<\/a>: en Madrid, <a title=\"Luis Mu\u00f1oz Rivera\" href=\"https:\/\/es.wikipedia.org\/wiki\/Luis_Mu%C3%B1oz_Rivera\">Luis Mu\u00f1oz Rivera<\/a> recibe la <a class=\"mw-redirect\" title=\"Carta Auton\u00f3mica de Puerto Rico\" href=\"https:\/\/es.wikipedia.org\/wiki\/Carta_Auton%C3%B3mica_de_Puerto_Rico\">Carta Auton\u00f3mica de Puerto Rico<\/a>, de manos del presidente del Gobierno espa\u00f1ol, <a title=\"Pr\u00e1xedes Mateo Sagasta\" href=\"https:\/\/es.wikipedia.org\/wiki\/Pr%C3%A1xedes_Mateo_Sagasta\">Pr\u00e1xedes Mateo Sagasta<\/a>.<\/li>\n<li><a title=\"1898\" href=\"https:\/\/es.wikipedia.org\/wiki\/1898\">1898<\/a>: en Paraguay, <a title=\"Emilio Aceval\" href=\"https:\/\/es.wikipedia.org\/wiki\/Emilio_Aceval\">Emilio Aceval<\/a> asume la presidencia constitucional de la Rep\u00fablica. Lo secunda <a class=\"mw-redirect\" title=\"Andr\u00e9s H\u00e9ctor Carvallo Acosta\" href=\"https:\/\/es.wikipedia.org\/wiki\/Andr%C3%A9s_H%C3%A9ctor_Carvallo_Acosta\">Andr\u00e9s H\u00e9ctor Carvallo Acosta<\/a>.<\/li>\n<li><a title=\"1902\" href=\"https:\/\/es.wikipedia.org\/wiki\/1902\">1902<\/a>: en Paraguay, <a title=\"Juan Antonio Escurra\" href=\"https:\/\/es.wikipedia.org\/wiki\/Juan_Antonio_Escurra\">Juan Antonio Escurra<\/a> asume la presidencia constitucional de la Rep\u00fablica. Lo secunda <a title=\"Manuel Dom\u00ednguez (pol\u00edtico)\" href=\"https:\/\/es.wikipedia.org\/wiki\/Manuel_Dom%C3%ADnguez_(pol%C3%ADtico)\">Manuel Dom\u00ednguez<\/a>.<\/li>\n<li><a title=\"1902\" href=\"https:\/\/es.wikipedia.org\/wiki\/1902\">1902<\/a>: en <a title=\"Chile\" href=\"https:\/\/es.wikipedia.org\/wiki\/Chile\">Chile<\/a>, se funda por <a title=\"Decreto\" href=\"https:\/\/es.wikipedia.org\/wiki\/Decreto\">decreto supremo<\/a> la <a title=\"Comuna\" href=\"https:\/\/es.wikipedia.org\/wiki\/Comuna\">comuna<\/a> de <a title=\"Peralillo (Chile)\" href=\"https:\/\/es.wikipedia.org\/wiki\/Peralillo_(Chile)\">Peralillo<\/a>.<\/li>\n<li><a title=\"1906\" href=\"https:\/\/es.wikipedia.org\/wiki\/1906\">1906<\/a>: en Paraguay, <a title=\"Benigno Ferreira\" href=\"https:\/\/es.wikipedia.org\/wiki\/Benigno_Ferreira\">Benigno Ferreira<\/a> asume la presidencia constitucional de la Rep\u00fablica. Lo secunda Emiliano Gonz\u00e1lez Navero.<\/li>\n<li><a title=\"1910\" href=\"https:\/\/es.wikipedia.org\/wiki\/1910\">1910<\/a>: en Paraguay, <a title=\"Manuel Gondra\" href=\"https:\/\/es.wikipedia.org\/wiki\/Manuel_Gondra\">Manuel Gondra<\/a> asume la presidencia constitucional de la Rep\u00fablica. Lo secunda Juan Bautista Gaona.<\/li>\n<li><a title=\"1911\" href=\"https:\/\/es.wikipedia.org\/wiki\/1911\">1911<\/a>: el gobierno <a title=\"Gran Breta\u00f1a\" href=\"https:\/\/es.wikipedia.org\/wiki\/Gran_Breta%C3%B1a\">brit\u00e1nico<\/a> publica el tratado secreto con <a title=\"Francia\" href=\"https:\/\/es.wikipedia.org\/wiki\/Francia\">Francia<\/a> suscrito en 1904, por el que <a title=\"Egipto\" href=\"https:\/\/es.wikipedia.org\/wiki\/Egipto\">Egipto<\/a> qued\u00f3 en la zona de influencia brit\u00e1nica y <a title=\"Marruecos\" href=\"https:\/\/es.wikipedia.org\/wiki\/Marruecos\">Marruecos<\/a> en la francesa.<\/li>\n<li><a title=\"1915\" href=\"https:\/\/es.wikipedia.org\/wiki\/1915\">1915<\/a> <a class=\"mw-redirect\" title=\"Einstein\" href=\"https:\/\/es.wikipedia.org\/wiki\/Einstein\">Einstein<\/a> presentaba ante la <a title=\"Academia Prusiana de las Ciencias\" href=\"https:\/\/es.wikipedia.org\/wiki\/Academia_Prusiana_de_las_Ciencias\">Academia Prusiana de las Ciencias<\/a> su <a class=\"mw-redirect\" title=\"Teor\u00eda de la Relatividad General\" href=\"https:\/\/es.wikipedia.org\/wiki\/Teor%C3%ADa_de_la_Relatividad_General\">Teor\u00eda de la Relatividad General<\/a>.<\/li>\n<li><a title=\"1915\" href=\"https:\/\/es.wikipedia.org\/wiki\/1915\">1915<\/a>: en el marco de la <a title=\"Primera Guerra Mundial\" href=\"https:\/\/es.wikipedia.org\/wiki\/Primera_Guerra_Mundial\">Primera Guerra Mundial<\/a>, el ej\u00e9rcito de Mackensen conquista Amselfeld (<a class=\"new\" title=\"Cosovia (a\u00fan no redactado)\" href=\"https:\/\/es.wikipedia.org\/w\/index.php?title=Cosovia&amp;action=edit&amp;redlink=1\">Cosovia<\/a>). Los restos del ej\u00e9rcito serbio se refugian en <a title=\"Albania\" href=\"https:\/\/es.wikipedia.org\/wiki\/Albania\">Albania<\/a>.<\/li>\n<li><a title=\"1918\" href=\"https:\/\/es.wikipedia.org\/wiki\/1918\">1918<\/a>: en el marco de la Primera Guerra Mundial, entra en <a title=\"Estrasburgo\" href=\"https:\/\/es.wikipedia.org\/wiki\/Estrasburgo\">Estrasburgo<\/a> el mariscal franc\u00e9s <a title=\"Philippe P\u00e9tain\" href=\"https:\/\/es.wikipedia.org\/wiki\/Philippe_P%C3%A9tain\">Philippe P\u00e9tain<\/a>.<\/li>\n<li><a title=\"1919\" href=\"https:\/\/es.wikipedia.org\/wiki\/1919\">1919<\/a>: en el marco de la Primera Guerra Mundial, <a title=\"Alemania\" href=\"https:\/\/es.wikipedia.org\/wiki\/Alemania\">Alemania<\/a> y <a title=\"Polonia\" href=\"https:\/\/es.wikipedia.org\/wiki\/Polonia\">Polonia<\/a> firman un tratado sobre el desalojo de <a title=\"Prusia\" href=\"https:\/\/es.wikipedia.org\/wiki\/Prusia\">Prusia<\/a> Occidental por parte alemana.<\/li>\n<li><a title=\"1921\" href=\"https:\/\/es.wikipedia.org\/wiki\/1921\">1921<\/a>: en <a title=\"Jap\u00f3n\" href=\"https:\/\/es.wikipedia.org\/wiki\/Jap%C3%B3n\">Jap\u00f3n<\/a>, el pr\u00edncipe <a class=\"mw-redirect\" title=\"Emperador Sh\u014dwa\" href=\"https:\/\/es.wikipedia.org\/wiki\/Emperador_Sh%C5%8Dwa\">Hirohito<\/a> (heredero del <a class=\"mw-redirect\" title=\"Imperio japon\u00e9s\" href=\"https:\/\/es.wikipedia.org\/wiki\/Imperio_japon%C3%A9s\">Imperio japon\u00e9s<\/a>) se convierte en regente.<\/li>\n<li><a title=\"1922\" href=\"https:\/\/es.wikipedia.org\/wiki\/1922\">1922<\/a>: en <a title=\"Italia\" href=\"https:\/\/es.wikipedia.org\/wiki\/Italia\">Italia<\/a>, <a title=\"Benito Mussolini\" href=\"https:\/\/es.wikipedia.org\/wiki\/Benito_Mussolini\">Benito Mussolini<\/a>, primer ministro del nuevo Gobierno de coalici\u00f3n, recibe plenos poderes del Parlamento italiano.<\/li>\n<li><a title=\"1933\" href=\"https:\/\/es.wikipedia.org\/wiki\/1933\">1933<\/a>: en Paraguay, se publica una reconstrucci\u00f3n del <i><a title=\"Himno nacional del Paraguay\" href=\"https:\/\/es.wikipedia.org\/wiki\/Himno_nacional_del_Paraguay\">Himno Nacional<\/a><\/i>, realizada por <a class=\"new\" title=\"Juan Manuel Sosa Escalada (a\u00fan no redactado)\" href=\"https:\/\/es.wikipedia.org\/w\/index.php?title=Juan_Manuel_Sosa_Escalada&amp;action=edit&amp;redlink=1\">Juan Manuel Sosa Escalada<\/a>.<\/li>\n<li><a title=\"1935\" href=\"https:\/\/es.wikipedia.org\/wiki\/1935\">1935<\/a>: en <a title=\"Grecia\" href=\"https:\/\/es.wikipedia.org\/wiki\/Grecia\">Grecia<\/a>, regresa al pa\u00eds el rey <a title=\"Jorge II de Grecia\" href=\"https:\/\/es.wikipedia.org\/wiki\/Jorge_II_de_Grecia\">Jorge II<\/a>, exiliado en <a title=\"1923\" href=\"https:\/\/es.wikipedia.org\/wiki\/1923\">1923<\/a>.<\/li>\n<li><a title=\"1936\" href=\"https:\/\/es.wikipedia.org\/wiki\/1936\">1936<\/a>: en <a title=\"Berl\u00edn\" href=\"https:\/\/es.wikipedia.org\/wiki\/Berl%C3%ADn\">Berl\u00edn<\/a> \u2014en el periodo preliminar a la <a title=\"Segunda Guerra Mundial\" href=\"https:\/\/es.wikipedia.org\/wiki\/Segunda_Guerra_Mundial\">Segunda Guerra Mundial<\/a>\u2014 se firma el <a title=\"Pacto Antikomintern\" href=\"https:\/\/es.wikipedia.org\/wiki\/Pacto_Antikomintern\">pacto Antikomintern<\/a>, acuerdo pol\u00edtico-militar suscrito por <a title=\"Alemania\" href=\"https:\/\/es.wikipedia.org\/wiki\/Alemania\">Alemania<\/a> y <a title=\"Jap\u00f3n\" href=\"https:\/\/es.wikipedia.org\/wiki\/Jap%C3%B3n\">Jap\u00f3n<\/a>.<\/li>\n<li><a title=\"1941\" href=\"https:\/\/es.wikipedia.org\/wiki\/1941\">1941<\/a>: en el marco de la Segunda Guerra Mundial, <a title=\"Bulgaria\" href=\"https:\/\/es.wikipedia.org\/wiki\/Bulgaria\">Bulgaria<\/a> y el gobierno chino de <a title=\"Nank\u00edn\" href=\"https:\/\/es.wikipedia.org\/wiki\/Nank%C3%ADn\">Nank\u00edn<\/a> se adhieren al pacto Antikomintern.<\/li>\n<li><a title=\"1945\" href=\"https:\/\/es.wikipedia.org\/wiki\/1945\">1945<\/a>: en <a title=\"Polonia\" href=\"https:\/\/es.wikipedia.org\/wiki\/Polonia\">Polonia<\/a>, <a class=\"new\" title=\"Jan Olszewski (a\u00fan no redactado)\" href=\"https:\/\/es.wikipedia.org\/w\/index.php?title=Jan_Olszewski&amp;action=edit&amp;redlink=1\">Jan Olszewski<\/a> es nombrado jefe del nuevo Gobierno.<\/li>\n<li><a title=\"1956\" href=\"https:\/\/es.wikipedia.org\/wiki\/1956\">1956<\/a>: en <a title=\"M\u00e9xico\" href=\"https:\/\/es.wikipedia.org\/wiki\/M%C3%A9xico\">M\u00e9xico<\/a>, <a title=\"Fidel Castro\" href=\"https:\/\/es.wikipedia.org\/wiki\/Fidel_Castro\">Fidel Castro<\/a>, su hermano <a title=\"Ra\u00fal Castro\" href=\"https:\/\/es.wikipedia.org\/wiki\/Ra%C3%BAl_Castro\">Ra\u00fal<\/a>, el <a title=\"Che Guevara\" href=\"https:\/\/es.wikipedia.org\/wiki\/Che_Guevara\">Che Guevara<\/a> y 79\u00a0expedicionarios m\u00e1s zarpan del puerto de <a class=\"mw-redirect\" title=\"Tuxpan (Veracruz)\" href=\"https:\/\/es.wikipedia.org\/wiki\/Tuxpan_(Veracruz)\">Tuxpan<\/a> en el <a title=\"Granma (yate)\" href=\"https:\/\/es.wikipedia.org\/wiki\/Granma_(yate)\">yate Granma<\/a>para iniciar la <a title=\"Revoluci\u00f3n cubana\" href=\"https:\/\/es.wikipedia.org\/wiki\/Revoluci%C3%B3n_cubana\">Revoluci\u00f3n cubana<\/a>.<\/li>\n<li><a title=\"1960\" href=\"https:\/\/es.wikipedia.org\/wiki\/1960\">1960<\/a>: en <a title=\"Rep\u00fablica Dominicana\" href=\"https:\/\/es.wikipedia.org\/wiki\/Rep%C3%BAblica_Dominicana\">Rep\u00fablica Dominicana<\/a>, el asesinato de las <a title=\"Hermanas Mirabal\" href=\"https:\/\/es.wikipedia.org\/wiki\/Hermanas_Mirabal\">hermanas Mirabal<\/a>, por su oposici\u00f3n al dictador <a title=\"Rafael Le\u00f3nidas Trujillo\" href=\"https:\/\/es.wikipedia.org\/wiki\/Rafael_Le%C3%B3nidas_Trujillo\">Rafael Le\u00f3nidas Trujillo<\/a>, supone el comienzo del final de esta dictadura y el motivo de que se elija esta fecha para conmemorar el <a title=\"D\u00eda Internacional de la Eliminaci\u00f3n de la Violencia contra la Mujer\" href=\"https:\/\/es.wikipedia.org\/wiki\/D%C3%ADa_Internacional_de_la_Eliminaci%C3%B3n_de_la_Violencia_contra_la_Mujer\">D\u00eda Internacional de la Eliminaci\u00f3n de la Violencia contra la Mujer<\/a>.<\/li>\n<li><a title=\"1962\" href=\"https:\/\/es.wikipedia.org\/wiki\/1962\">1962<\/a>: en <a title=\"Uruguay\" href=\"https:\/\/es.wikipedia.org\/wiki\/Uruguay\">Uruguay<\/a> se celebran <a title=\"Elecciones generales de Uruguay de 1962\" href=\"https:\/\/es.wikipedia.org\/wiki\/Elecciones_generales_de_Uruguay_de_1962\">elecciones generales<\/a>. Se renuevan los 9 cargos del <a title=\"Consejo Nacional de Gobierno 1963-1967\" href=\"https:\/\/es.wikipedia.org\/wiki\/Consejo_Nacional_de_Gobierno_1963-1967\">Consejo Nacional de Gobierno<\/a>, cuya mayor\u00eda sigue en manos del <a title=\"Partido Nacional (Uruguay)\" href=\"https:\/\/es.wikipedia.org\/wiki\/Partido_Nacional_(Uruguay)\">Partido Nacional<\/a>.<\/li>\n<li><a title=\"1963\" href=\"https:\/\/es.wikipedia.org\/wiki\/1963\">1963<\/a>: en Estados Unidos se llevan a cabo simult\u00e1neamente los funerales del expresidente <a title=\"John F. Kennedy\" href=\"https:\/\/es.wikipedia.org\/wiki\/John_F._Kennedy\">John F. Kennedy<\/a> y de <a title=\"Lee Harvey Oswald\" href=\"https:\/\/es.wikipedia.org\/wiki\/Lee_Harvey_Oswald\">Lee Harvey Oswald<\/a> (su supuesto asesino)<\/li>\n<li><a title=\"1965\" href=\"https:\/\/es.wikipedia.org\/wiki\/1965\">1965<\/a>: <a title=\"Mobutu Sese Seko\" href=\"https:\/\/es.wikipedia.org\/wiki\/Mobutu_Sese_Seko\">Mobutu Sese Seko<\/a> (jefe de las Fuerzas Armadas) depone al presidente de <a title=\"Zaire\" href=\"https:\/\/es.wikipedia.org\/wiki\/Zaire\">Zaire<\/a>, <a title=\"Joseph Kasa-Vubu\" href=\"https:\/\/es.wikipedia.org\/wiki\/Joseph_Kasa-Vubu\">Joseph Kasa-Vubu<\/a>, y usurpa el poder pol\u00edtico.<\/li>\n<li><a title=\"1970\" href=\"https:\/\/es.wikipedia.org\/wiki\/1970\">1970<\/a>: en el cuartel general del ej\u00e9rcito japon\u00e9s en <a title=\"Tokio\" href=\"https:\/\/es.wikipedia.org\/wiki\/Tokio\">Tokio<\/a> (Jap\u00f3n), el escritor y dramaturgo <a title=\"Yukio Mishima\" href=\"https:\/\/es.wikipedia.org\/wiki\/Yukio_Mishima\">Yukio Mishima<\/a> (45) comete el suicidio ritual <a class=\"mw-redirect\" title=\"Seppuku\" href=\"https:\/\/es.wikipedia.org\/wiki\/Seppuku\">seppuku<\/a>.<\/li>\n<li><a title=\"1975\" href=\"https:\/\/es.wikipedia.org\/wiki\/1975\">1975<\/a>: <a title=\"Surinam\" href=\"https:\/\/es.wikipedia.org\/wiki\/Surinam\">Surinam<\/a> se independiza de <a title=\"Pa\u00edses Bajos\" href=\"https:\/\/es.wikipedia.org\/wiki\/Pa%C3%ADses_Bajos\">Pa\u00edses Bajos<\/a>.<\/li>\n<li><a title=\"1986\" href=\"https:\/\/es.wikipedia.org\/wiki\/1986\">1986<\/a>: la <a title=\"Unesco\" href=\"https:\/\/es.wikipedia.org\/wiki\/Unesco\">Unesco<\/a> declara <a title=\"Patrimonio de la Humanidad\" href=\"https:\/\/es.wikipedia.org\/wiki\/Patrimonio_de_la_Humanidad\">Patrimonio de la Humanidad<\/a> las ciudades de <a title=\"Toledo\" href=\"https:\/\/es.wikipedia.org\/wiki\/Toledo\">Toledo<\/a> y <a title=\"C\u00e1ceres\" href=\"https:\/\/es.wikipedia.org\/wiki\/C%C3%A1ceres\">C\u00e1ceres<\/a>, el conjunto monumental <a title=\"Mud\u00e9jar\" href=\"https:\/\/es.wikipedia.org\/wiki\/Mud%C3%A9jar\">mud\u00e9jar<\/a> de <a title=\"Teruel\" href=\"https:\/\/es.wikipedia.org\/wiki\/Teruel\">Teruel<\/a> y el <a title=\"Parque nacional de Garajonay\" href=\"https:\/\/es.wikipedia.org\/wiki\/Parque_nacional_de_Garajonay\">Parque nacional de Garajonay<\/a>.<\/li>\n<li><a title=\"1992\" href=\"https:\/\/es.wikipedia.org\/wiki\/1992\">1992<\/a>: en <a title=\"Tayikist\u00e1n\" href=\"https:\/\/es.wikipedia.org\/wiki\/Tayikist%C3%A1n\">Tayikist\u00e1n<\/a> se adopta una nueva <a title=\"Bandera de Tayikist\u00e1n\" href=\"https:\/\/es.wikipedia.org\/wiki\/Bandera_de_Tayikist%C3%A1n\">bandera<\/a>.<\/li>\n<li><a title=\"1999\" href=\"https:\/\/es.wikipedia.org\/wiki\/1999\">1999<\/a>: el ni\u00f1o <a title=\"Cuba\" href=\"https:\/\/es.wikipedia.org\/wiki\/Cuba\">cubano<\/a> <a title=\"Eli\u00e1n Gonz\u00e1lez\" href=\"https:\/\/es.wikipedia.org\/wiki\/Eli%C3%A1n_Gonz%C3%A1lez\">Eli\u00e1n Gonz\u00e1lez<\/a> es rescatado tras perder a su madre y otras personas al naufragar la <a title=\"Lancha\" href=\"https:\/\/es.wikipedia.org\/wiki\/Lancha\">lancha<\/a> en que hu\u00edan hacia <a title=\"Florida\" href=\"https:\/\/es.wikipedia.org\/wiki\/Florida\">Florida<\/a>; en meses siguientes su caso se convirti\u00f3 en una crisis diplom\u00e1tica.<\/li>\n<li><a title=\"2014\" href=\"https:\/\/es.wikipedia.org\/wiki\/2014\">2014<\/a>: el <a class=\"mw-redirect\" title=\"L\u00edder supremo de Ir\u00e1n\" href=\"https:\/\/es.wikipedia.org\/wiki\/L%C3%ADder_supremo_de_Ir%C3%A1n\">l\u00edder supremo de Ir\u00e1n<\/a>, <a title=\"Al\u00ed Jamenei\" href=\"https:\/\/es.wikipedia.org\/wiki\/Al%C3%AD_Jamenei\">Al\u00ed Khamenei<\/a>, ratifica el apoyo del Gobierno a las organizaciones terroristas, <a class=\"mw-redirect\" title=\"Hezbollah\" href=\"https:\/\/es.wikipedia.org\/wiki\/Hezbollah\">Hezbollah<\/a> y <a title=\"Ham\u00e1s\" href=\"https:\/\/es.wikipedia.org\/wiki\/Ham%C3%A1s\">Ham\u00e1s<\/a>.<sup id=\"cite_ref-3\" class=\"reference\"><a href=\"https:\/\/es.wikipedia.org\/wiki\/25_de_noviembre#cite_note-3\">3<\/a><\/sup><\/li>\n<\/ul>\n<h2 style=\"text-align: justify;\"><span id=\"Nacimientos\" class=\"mw-headline\">Nacimientos<\/span><\/h2>\n<ul style=\"text-align: justify;\">\n<li><a title=\"1562\" href=\"https:\/\/es.wikipedia.org\/wiki\/1562\">1562<\/a>: <a title=\"Lope de Vega\" href=\"https:\/\/es.wikipedia.org\/wiki\/Lope_de_Vega\">Lope de Vega<\/a>, dramaturgo y poeta espa\u00f1ol.<\/li>\n<li><a title=\"1569\" href=\"https:\/\/es.wikipedia.org\/wiki\/1569\">1569<\/a>: <a title=\"Federico Kettler\" href=\"https:\/\/es.wikipedia.org\/wiki\/Federico_Kettler\">Federico Kettler<\/a>, arist\u00f3crata let\u00f3n (f. 1642).<\/li>\n<li><a title=\"1577\" href=\"https:\/\/es.wikipedia.org\/wiki\/1577\">1577<\/a>: <a title=\"Piet Hein\" href=\"https:\/\/es.wikipedia.org\/wiki\/Piet_Hein\">Piet Hein<\/a>, militar neerland\u00e9s.<\/li>\n<li><a title=\"1835\" href=\"https:\/\/es.wikipedia.org\/wiki\/1835\">1835<\/a>: <a title=\"Andrew Carnegie\" href=\"https:\/\/es.wikipedia.org\/wiki\/Andrew_Carnegie\">Andrew Carnegie<\/a>, industrial y fil\u00e1ntropo brit\u00e1nico-estadounidense.<\/li>\n<li><a title=\"1844\" href=\"https:\/\/es.wikipedia.org\/wiki\/1844\">1844<\/a>: <a class=\"mw-redirect\" title=\"Karl Benz\" href=\"https:\/\/es.wikipedia.org\/wiki\/Karl_Benz\">Karl Benz<\/a>, ingeniero mec\u00e1nico alem\u00e1n.<\/li>\n<li><a title=\"1845\" href=\"https:\/\/es.wikipedia.org\/wiki\/1845\">1845<\/a>: <a class=\"mw-redirect\" title=\"E\u00e7a de Queir\u00f3s\" href=\"https:\/\/es.wikipedia.org\/wiki\/E%C3%A7a_de_Queir%C3%B3s\">E\u00e7a de Queir\u00f3s<\/a>, novelista portugu\u00e9s.<\/li>\n<li><a title=\"1852\" href=\"https:\/\/es.wikipedia.org\/wiki\/1852\">1852<\/a>: <a title=\"Eduardo de Hinojosa y Naveros\" href=\"https:\/\/es.wikipedia.org\/wiki\/Eduardo_de_Hinojosa_y_Naveros\">Eduardo de Hinojosa y Naveros<\/a>, pol\u00edtico, historiador y arque\u00f3logo espa\u00f1ol.<\/li>\n<li><a title=\"1878\" href=\"https:\/\/es.wikipedia.org\/wiki\/1878\">1878<\/a>: <a title=\"Georg Kaiser\" href=\"https:\/\/es.wikipedia.org\/wiki\/Georg_Kaiser\">Georg Kaiser<\/a>, dramaturgo alem\u00e1n.<\/li>\n<li><a title=\"1880\" href=\"https:\/\/es.wikipedia.org\/wiki\/1880\">1880<\/a>: <a class=\"mw-redirect\" title=\"Leonard Sidney Woolf\" href=\"https:\/\/es.wikipedia.org\/wiki\/Leonard_Sidney_Woolf\">Leonard Sidney Woolf<\/a>, escritor brit\u00e1nico.<\/li>\n<li><a title=\"1881\" href=\"https:\/\/es.wikipedia.org\/wiki\/1881\">1881<\/a>: <a title=\"Juan XXIII\" href=\"https:\/\/es.wikipedia.org\/wiki\/Juan_XXIII\">Juan XXIII<\/a>, papa italiano.<\/li>\n<li><a title=\"1895\" href=\"https:\/\/es.wikipedia.org\/wiki\/1895\">1895<\/a>: <a title=\"Anast\u00e1s Mikoy\u00e1n\" href=\"https:\/\/es.wikipedia.org\/wiki\/Anast%C3%A1s_Mikoy%C3%A1n\">Anast\u00e1s Mikoy\u00e1n<\/a>, bolchevique armenio y estadista sovi\u00e9tico.<\/li>\n<li>1895: <a title=\"Wilhelm Kempff\" href=\"https:\/\/es.wikipedia.org\/wiki\/Wilhelm_Kempff\">Wilhelm Kempff<\/a>, pianista y compositor alem\u00e1n (f. 1991).<\/li>\n<li><a title=\"1896\" href=\"https:\/\/es.wikipedia.org\/wiki\/1896\">1896<\/a>: <a title=\"Virgil Thomson\" href=\"https:\/\/es.wikipedia.org\/wiki\/Virgil_Thomson\">Virgil Thomson<\/a>, compositor estadounidense.<\/li>\n<li><a title=\"1897\" href=\"https:\/\/es.wikipedia.org\/wiki\/1897\">1897<\/a>: <a title=\"Willie &quot;The Lion&quot; Smith\" href=\"https:\/\/es.wikipedia.org\/wiki\/Willie_%22The_Lion%22_Smith\">Willie <i>The Lion<\/i> Smith<\/a>, pianista, cantante y compositor estadounidense (f. 1975).<\/li>\n<li><a title=\"1900\" href=\"https:\/\/es.wikipedia.org\/wiki\/1900\">1900<\/a>: <a title=\"Rudolf H\u00f6\u00df\" href=\"https:\/\/es.wikipedia.org\/wiki\/Rudolf_H%C3%B6%C3%9F\">Rudolf Hoess<\/a> (no confundir con <a title=\"Rudolf Hess\" href=\"https:\/\/es.wikipedia.org\/wiki\/Rudolf_Hess\">Rudolf Hess<\/a>), comandante alem\u00e1n del campo de concentraci\u00f3n nazi en Auschwitz (Polonia).<\/li>\n<li><a title=\"1901\" href=\"https:\/\/es.wikipedia.org\/wiki\/1901\">1901<\/a>: <a title=\"Arthur Liebehenschel\" href=\"https:\/\/es.wikipedia.org\/wiki\/Arthur_Liebehenschel\">Arthur Liebehenschel<\/a>, l\u00edder nazi alem\u00e1n (f. 1948).<\/li>\n<li><a title=\"1904\" href=\"https:\/\/es.wikipedia.org\/wiki\/1904\">1904<\/a>: <a title=\"Ba Jin\" href=\"https:\/\/es.wikipedia.org\/wiki\/Ba_Jin\">Ba Jin<\/a>, escritor chino.<\/li>\n<li>1904: <a title=\"John Summerson\" href=\"https:\/\/es.wikipedia.org\/wiki\/John_Summerson\">John Summerson<\/a>, historiador del arte, arquitecto y divulgador brit\u00e1nico (f. 1992).<\/li>\n<li><a title=\"1906\" href=\"https:\/\/es.wikipedia.org\/wiki\/1906\">1906<\/a>: <a title=\"Joaqu\u00edn Collar Serra\" href=\"https:\/\/es.wikipedia.org\/wiki\/Joaqu%C3%ADn_Collar_Serra\">Joaqu\u00edn Collar Serra<\/a>, militar y piloto espa\u00f1ol (f. 1933).<\/li>\n<li><a title=\"1911\" href=\"https:\/\/es.wikipedia.org\/wiki\/1911\">1911<\/a>: <a title=\"Roelof Frankot\" href=\"https:\/\/es.wikipedia.org\/wiki\/Roelof_Frankot\">Roelof Frankot<\/a> pintor neerland\u00e9s (f. 1984).<\/li>\n<li><a title=\"1914\" href=\"https:\/\/es.wikipedia.org\/wiki\/1914\">1914<\/a>: <a title=\"Joe DiMaggio\" href=\"https:\/\/es.wikipedia.org\/wiki\/Joe_DiMaggio\">Joe DiMaggio<\/a>, beisbolista estadounidense (f. 1999).<\/li>\n<li><a title=\"1915\" href=\"https:\/\/es.wikipedia.org\/wiki\/1915\">1915<\/a>: <a title=\"Augusto Pinochet\" href=\"https:\/\/es.wikipedia.org\/wiki\/Augusto_Pinochet\">Augusto Pinochet<\/a>, militar, pol\u00edtico y dictador chileno entre 1973 y 1990 (f. 2006).<\/li>\n<li>1915: <a title=\"Armando Villanueva\" href=\"https:\/\/es.wikipedia.org\/wiki\/Armando_Villanueva\">Armando Villanueva<\/a>, pol\u00edtico peruano (f. 2013).<\/li>\n<li><a title=\"1916\" href=\"https:\/\/es.wikipedia.org\/wiki\/1916\">1916<\/a>: <a title=\"Mar\u00eda Adela Durango\" href=\"https:\/\/es.wikipedia.org\/wiki\/Mar%C3%ADa_Adela_Durango\">Mar\u00eda Adela Durango<\/a>, escritora espa\u00f1ola.<\/li>\n<li><a title=\"1920\" href=\"https:\/\/es.wikipedia.org\/wiki\/1920\">1920<\/a>: <a title=\"Ricardo Montalb\u00e1n\" href=\"https:\/\/es.wikipedia.org\/wiki\/Ricardo_Montalb%C3%A1n\">Ricardo Montalb\u00e1n<\/a>, actor mexicano-estadounidense (f. 2009).<\/li>\n<li>1920: <a title=\"Noel Neill\" href=\"https:\/\/es.wikipedia.org\/wiki\/Noel_Neill\">Noel Neill<\/a>, actriz estadounidense (f. 2016).<\/li>\n<li><a title=\"1922\" href=\"https:\/\/es.wikipedia.org\/wiki\/1922\">1922<\/a>: <a title=\"Gloria Lasso\" href=\"https:\/\/es.wikipedia.org\/wiki\/Gloria_Lasso\">Gloria Lasso<\/a>, cantante franco-espa\u00f1ola.<\/li>\n<li><a title=\"1923\" href=\"https:\/\/es.wikipedia.org\/wiki\/1923\">1923<\/a>: <a title=\"Mauno Koivisto\" href=\"https:\/\/es.wikipedia.org\/wiki\/Mauno_Koivisto\">Mauno Koivisto<\/a>, pol\u00edtico finland\u00e9s.<\/li>\n<li><a title=\"1924\" href=\"https:\/\/es.wikipedia.org\/wiki\/1924\">1924<\/a>: <a title=\"Paul Desmond\" href=\"https:\/\/es.wikipedia.org\/wiki\/Paul_Desmond\">Paul Desmond<\/a>, saxofonista estadounidense de jazz.<\/li>\n<li><a title=\"1925\" href=\"https:\/\/es.wikipedia.org\/wiki\/1925\">1925<\/a>: <a title=\"Mar\u00eda Asquerino\" href=\"https:\/\/es.wikipedia.org\/wiki\/Mar%C3%ADa_Asquerino\">Mar\u00eda Asquerino<\/a>, actriz espa\u00f1ola.<\/li>\n<li><a title=\"1926\" href=\"https:\/\/es.wikipedia.org\/wiki\/1926\">1926<\/a>: <a title=\"Poul Anderson\" href=\"https:\/\/es.wikipedia.org\/wiki\/Poul_Anderson\">Poul Anderson<\/a>, escritor estadounidense de ciencia ficci\u00f3n.<\/li>\n<li>1926: <a title=\"Jeffrey Hunter\" href=\"https:\/\/es.wikipedia.org\/wiki\/Jeffrey_Hunter\">Jeffrey Hunter<\/a>, actor estadounidense.<\/li>\n<li><a title=\"1931\" href=\"https:\/\/es.wikipedia.org\/wiki\/1931\">1931<\/a>: <a title=\"Nat Adderley\" href=\"https:\/\/es.wikipedia.org\/wiki\/Nat_Adderley\">Nat Adderley<\/a>, m\u00fasico de jazz estadounidense.<\/li>\n<li><a title=\"1933\" href=\"https:\/\/es.wikipedia.org\/wiki\/1933\">1933<\/a>: <a title=\"Juan Agust\u00edn Figueroa\" href=\"https:\/\/es.wikipedia.org\/wiki\/Juan_Agust%C3%ADn_Figueroa\">Juan Agust\u00edn Figueroa<\/a>, abogado y pol\u00edtico chileno.<\/li>\n<li><a title=\"1934\" href=\"https:\/\/es.wikipedia.org\/wiki\/1934\">1934<\/a>: <a title=\"Jos\u00e9 Mar\u00eda Langlais\" href=\"https:\/\/es.wikipedia.org\/wiki\/Jos%C3%A9_Mar%C3%ADa_Langlais\">Jos\u00e9 Mar\u00eda Langlais<\/a>, actor argentino (f. 2006).<\/li>\n<li><a title=\"1935\" href=\"https:\/\/es.wikipedia.org\/wiki\/1935\">1935<\/a>: <a class=\"mw-redirect\" title=\"Jos\u00e9 Lasala\" href=\"https:\/\/es.wikipedia.org\/wiki\/Jos%C3%A9_Lasala\">Jos\u00e9 Esteban Lasala<\/a>, director y guionista espa\u00f1ol (f. 2007).<\/li>\n<li><a title=\"1938\" href=\"https:\/\/es.wikipedia.org\/wiki\/1938\">1938<\/a>: <a title=\"Rosanna Schiaffino\" href=\"https:\/\/es.wikipedia.org\/wiki\/Rosanna_Schiaffino\">Rosanna Schiaffino<\/a>, actriz italiana.<\/li>\n<li><a title=\"1939\" href=\"https:\/\/es.wikipedia.org\/wiki\/1939\">1939<\/a>: <a title=\"Angelino Soler\" href=\"https:\/\/es.wikipedia.org\/wiki\/Angelino_Soler\">Angelino Soler<\/a>, ciclista espa\u00f1ol.<\/li>\n<li><a title=\"1941\" href=\"https:\/\/es.wikipedia.org\/wiki\/1941\">1941<\/a>: <a title=\"Percy Sledge\" href=\"https:\/\/es.wikipedia.org\/wiki\/Percy_Sledge\">Percy Sledge<\/a>, cantante estadounidense.<\/li>\n<li><a title=\"1942\" href=\"https:\/\/es.wikipedia.org\/wiki\/1942\">1942<\/a>: <a title=\"Mary da Cu\u00f1a\" href=\"https:\/\/es.wikipedia.org\/wiki\/Mary_da_Cu%C3%B1a\">Mary da Cu\u00f1a<\/a>, actriz y directora teatral uruguaya (f. 2016).<\/li>\n<li><a title=\"1946\" href=\"https:\/\/es.wikipedia.org\/wiki\/1946\">1946<\/a>: <a title=\"Bev Bevan\" href=\"https:\/\/es.wikipedia.org\/wiki\/Bev_Bevan\">Bev Bevan<\/a>, baterista brit\u00e1nico, de la banda Electric Light Orchestra.<\/li>\n<li><a title=\"1947\" href=\"https:\/\/es.wikipedia.org\/wiki\/1947\">1947<\/a>: <a title=\"St\u00e9phane Courtois\" href=\"https:\/\/es.wikipedia.org\/wiki\/St%C3%A9phane_Courtois\">St\u00e9phane Courtois<\/a>, historiador franc\u00e9s.<\/li>\n<li>1947: <a title=\"John Larroquette\" href=\"https:\/\/es.wikipedia.org\/wiki\/John_Larroquette\">John Larroquette<\/a>, actor estadounidense.<\/li>\n<li><a title=\"1950\" href=\"https:\/\/es.wikipedia.org\/wiki\/1950\">1950<\/a>: <a title=\"Giorgio Faletti\" href=\"https:\/\/es.wikipedia.org\/wiki\/Giorgio_Faletti\">Giorgio Faletti<\/a>, cantante, actor y escritor italiano (f. 2014).<\/li>\n<li><a title=\"1951\" href=\"https:\/\/es.wikipedia.org\/wiki\/1951\">1951<\/a>: <a title=\"Arturo P\u00e9rez-Reverte\" href=\"https:\/\/es.wikipedia.org\/wiki\/Arturo_P%C3%A9rez-Reverte\">Arturo P\u00e9rez-Reverte<\/a>, periodista y escritor espa\u00f1ol.<\/li>\n<li><a title=\"1952\" href=\"https:\/\/es.wikipedia.org\/wiki\/1952\">1952<\/a>: <a title=\"Ignacio Fern\u00e1ndez Toxo\" href=\"https:\/\/es.wikipedia.org\/wiki\/Ignacio_Fern%C3%A1ndez_Toxo\">Ignacio Fern\u00e1ndez Toxo<\/a>, sindicalista espa\u00f1ol.<\/li>\n<li><a title=\"1953\" href=\"https:\/\/es.wikipedia.org\/wiki\/1953\">1953<\/a>: <a class=\"mw-redirect\" title=\"Manuel Hidalgo\" href=\"https:\/\/es.wikipedia.org\/wiki\/Manuel_Hidalgo\">Manuel Hidalgo<\/a>, periodista y escritor espa\u00f1ol.<\/li>\n<li>1953: <a title=\"Jeffrey Skilling\" href=\"https:\/\/es.wikipedia.org\/wiki\/Jeffrey_Skilling\">Jeffrey Skilling<\/a>, empresario estadounidense.<\/li>\n<li><a title=\"1955\" href=\"https:\/\/es.wikipedia.org\/wiki\/1955\">1955<\/a>: <a title=\"Ramonc\u00edn\" href=\"https:\/\/es.wikipedia.org\/wiki\/Ramonc%C3%ADn\">Ramonc\u00edn<\/a>, m\u00fasico y compositor espa\u00f1ol.<\/li>\n<li><a title=\"1959\" href=\"https:\/\/es.wikipedia.org\/wiki\/1959\">1959<\/a>: <a title=\"Charles Kennedy\" href=\"https:\/\/es.wikipedia.org\/wiki\/Charles_Kennedy\">Charles Kennedy<\/a>, pol\u00edtico brit\u00e1nico.<\/li>\n<li>1959: <a title=\"Marillion\" href=\"https:\/\/es.wikipedia.org\/wiki\/Marillion\">Steve Rothery<\/a>, guitarrista brit\u00e1nico, de la banda Marillion.<\/li>\n<li><a title=\"1960\" href=\"https:\/\/es.wikipedia.org\/wiki\/1960\">1960<\/a>: <a class=\"mw-redirect\" title=\"John F. Kennedy, Jr.\" href=\"https:\/\/es.wikipedia.org\/wiki\/John_F._Kennedy,_Jr.\">John F. Kennedy, Jr.<\/a>, periodista estadounidense.<\/li>\n<li><a title=\"1962\" href=\"https:\/\/es.wikipedia.org\/wiki\/1962\">1962<\/a>: <a title=\"Hironobu Sakaguchi\" href=\"https:\/\/es.wikipedia.org\/wiki\/Hironobu_Sakaguchi\">Hironobu Sakaguchi<\/a>, desarrollador de videojuegos japon\u00e9s, creador de la saga <i>Final Fantasy<\/i>.<\/li>\n<li><a title=\"1963\" href=\"https:\/\/es.wikipedia.org\/wiki\/1963\">1963<\/a>: <a title=\"Kevin Chamberlin\" href=\"https:\/\/es.wikipedia.org\/wiki\/Kevin_Chamberlin\">Kevin Chamberlin<\/a>, actor estadounidense.<\/li>\n<li><a title=\"1964\" href=\"https:\/\/es.wikipedia.org\/wiki\/1964\">1964<\/a>: <a title=\"Mark Lanegan\" href=\"https:\/\/es.wikipedia.org\/wiki\/Mark_Lanegan\">Mark Lanegan<\/a>, cantante estadounidense, de la banda Screaming Trees.<\/li>\n<li><a title=\"1965\" href=\"https:\/\/es.wikipedia.org\/wiki\/1965\">1965<\/a>: <a title=\"Fernando Sallaberry\" href=\"https:\/\/es.wikipedia.org\/wiki\/Fernando_Sallaberry\">Fernando Sallaberry<\/a>, cantante puertorrique\u00f1o de origen espa\u00f1ol, de la banda Menudo.<\/li>\n<li>1965: <a title=\"Dougray Scott\" href=\"https:\/\/es.wikipedia.org\/wiki\/Dougray_Scott\">Dougray Scott<\/a>, actor escoc\u00e9s.<\/li>\n<li><a title=\"1966\" href=\"https:\/\/es.wikipedia.org\/wiki\/1966\">1966<\/a>: <a title=\"Tim Armstrong\" href=\"https:\/\/es.wikipedia.org\/wiki\/Tim_Armstrong\">Tim Armstrong<\/a>, m\u00fasico estadounidense, de las bandas Rancid y The Transplants.<\/li>\n<li>1966: <a class=\"mw-redirect\" title=\"Billy Burke\" href=\"https:\/\/es.wikipedia.org\/wiki\/Billy_Burke\">Billy Burke<\/a>, actor estadounidense.<\/li>\n<li><a title=\"1967\" href=\"https:\/\/es.wikipedia.org\/wiki\/1967\">1967<\/a>: <a title=\"Niurka Marcos\" href=\"https:\/\/es.wikipedia.org\/wiki\/Niurka_Marcos\">Niurka Marcos<\/a>, actriz y cantante cubana.<\/li>\n<li>1967: <a title=\"Kazuya Nakai\" href=\"https:\/\/es.wikipedia.org\/wiki\/Kazuya_Nakai\">Kazuya Nakai<\/a>, seiyu japon\u00e9s.<\/li>\n<li><a title=\"1968\" href=\"https:\/\/es.wikipedia.org\/wiki\/1968\">1968<\/a>: <a title=\"Jill Hennessy\" href=\"https:\/\/es.wikipedia.org\/wiki\/Jill_Hennessy\">Jill Hennessy<\/a>, actriz canadiense.<\/li>\n<li>1968: <a title=\"Erick Sermon\" href=\"https:\/\/es.wikipedia.org\/wiki\/Erick_Sermon\">Erick Sermon<\/a>, rapero estadounidense.<\/li>\n<li><a title=\"1969\" href=\"https:\/\/es.wikipedia.org\/wiki\/1969\">1969<\/a>: <a title=\"Anthony Peeler\" href=\"https:\/\/es.wikipedia.org\/wiki\/Anthony_Peeler\">Anthony Peeler<\/a>, baloncestista estadounidense.<\/li>\n<li><a title=\"1971\" href=\"https:\/\/es.wikipedia.org\/wiki\/1971\">1971<\/a>: <a title=\"Christina Applegate\" href=\"https:\/\/es.wikipedia.org\/wiki\/Christina_Applegate\">Christina Applegate<\/a>, actriz estadounidense.<\/li>\n<li><a title=\"1973\" href=\"https:\/\/es.wikipedia.org\/wiki\/1973\">1973<\/a>: <a title=\"Eddie Steeples\" href=\"https:\/\/es.wikipedia.org\/wiki\/Eddie_Steeples\">Eddie Steeples<\/a>, actor estadounidense.<\/li>\n<li>1973: <a title=\"Erick Strickland\" href=\"https:\/\/es.wikipedia.org\/wiki\/Erick_Strickland\">Erick Strickland<\/a>, baloncestista estadounidense.<\/li>\n<li>1973: <a title=\"Octavio Dotel\" href=\"https:\/\/es.wikipedia.org\/wiki\/Octavio_Dotel\">Octavio Dotel<\/a>, beisbolista dominicano.<\/li>\n<li><a title=\"1976\" href=\"https:\/\/es.wikipedia.org\/wiki\/1976\">1976<\/a>: <a title=\"Clint Mathis\" href=\"https:\/\/es.wikipedia.org\/wiki\/Clint_Mathis\">Clint Mathis<\/a>, futbolista estadounidense.<\/li>\n<li>1976: <a title=\"Donovan McNabb\" href=\"https:\/\/es.wikipedia.org\/wiki\/Donovan_McNabb\">Donovan McNabb<\/a>, jugador estadounidense de f\u00fatbol americano.<\/li>\n<li><a title=\"1977\" href=\"https:\/\/es.wikipedia.org\/wiki\/1977\">1977<\/a>: <a title=\"Guillermo Ca\u00f1as\" href=\"https:\/\/es.wikipedia.org\/wiki\/Guillermo_Ca%C3%B1as\">Guillermo Ca\u00f1as<\/a>, tenista argentino.<\/li>\n<li><a title=\"1978\" href=\"https:\/\/es.wikipedia.org\/wiki\/1978\">1978<\/a>: <a title=\"Ta\u00eds Ara\u00fajo\" href=\"https:\/\/es.wikipedia.org\/wiki\/Ta%C3%ADs_Ara%C3%BAjo\">Ta\u00eds Ara\u00fajo<\/a>, actriz brasile\u00f1a<\/li>\n<li>1978: <a title=\"Ringo Shiina\" href=\"https:\/\/es.wikipedia.org\/wiki\/Ringo_Shiina\">Ringo Shiina<\/a>, cantante japonesa.<\/li>\n<li><a title=\"1979\" href=\"https:\/\/es.wikipedia.org\/wiki\/1979\">1979<\/a>: <a title=\"Brooke Haven\" href=\"https:\/\/es.wikipedia.org\/wiki\/Brooke_Haven\">Brooke Haven<\/a>, actriz porno estadounidense.<\/li>\n<li><a title=\"1980\" href=\"https:\/\/es.wikipedia.org\/wiki\/1980\">1980<\/a>: <a title=\"Noelia Arias\" href=\"https:\/\/es.wikipedia.org\/wiki\/Noelia_Arias\">Noelia Arias<\/a>, actriz y vedette chilena.<\/li>\n<li>1980: <a title=\"Aaron Mokoena\" href=\"https:\/\/es.wikipedia.org\/wiki\/Aaron_Mokoena\">Aaron Mokoena<\/a>, futbolista sudafricano.<\/li>\n<li>1980: <a title=\"Nick Swisher\" href=\"https:\/\/es.wikipedia.org\/wiki\/Nick_Swisher\">Nick Swisher<\/a>, beisbolista estadounidense.<\/li>\n<li><a title=\"1981\" href=\"https:\/\/es.wikipedia.org\/wiki\/1981\">1981<\/a>: <a title=\"Xabi Alonso\" href=\"https:\/\/es.wikipedia.org\/wiki\/Xabi_Alonso\">Xabi Alonso<\/a>, futbolista espa\u00f1ol.<\/li>\n<li>1981: <a class=\"mw-redirect\" title=\"Jenna Bush\" href=\"https:\/\/es.wikipedia.org\/wiki\/Jenna_Bush\">Jenna Bush<\/a>, hija del expresidente George W. Bush.<\/li>\n<li>1981: <a title=\"Jared Jeffries\" href=\"https:\/\/es.wikipedia.org\/wiki\/Jared_Jeffries\">Jared Jeffries<\/a>, baloncestista estadounidense.<\/li>\n<li><a title=\"1983\" href=\"https:\/\/es.wikipedia.org\/wiki\/1983\">1983<\/a>: <a title=\"Paty Cant\u00fa\" href=\"https:\/\/es.wikipedia.org\/wiki\/Paty_Cant%C3%BA\">Paty Cant\u00fa<\/a>, cantante mexicana.<\/li>\n<li><a title=\"1984\" href=\"https:\/\/es.wikipedia.org\/wiki\/1984\">1984<\/a>: <a title=\"Gaspard Ulliel\" href=\"https:\/\/es.wikipedia.org\/wiki\/Gaspard_Ulliel\">Gaspard Ulliel<\/a>, actor franc\u00e9s.<\/li>\n<li><a title=\"1986\" href=\"https:\/\/es.wikipedia.org\/wiki\/1986\">1986<\/a>: <a title=\"Katie Cassidy\" href=\"https:\/\/es.wikipedia.org\/wiki\/Katie_Cassidy\">Katie Cassidy<\/a>, cantante y actriz estadounidense.<\/li>\n<li><a title=\"1987\" href=\"https:\/\/es.wikipedia.org\/wiki\/1987\">1987<\/a>: <a title=\"Alejo Malia\" href=\"https:\/\/es.wikipedia.org\/wiki\/Alejo_Malia\">Alejo Malia<\/a>, artista espa\u00f1ol.<\/li>\n<\/ul>\n<h2 style=\"text-align: justify;\"><span id=\"Fallecimientos\" class=\"mw-headline\">Fallecimientos<\/span><\/h2>\n<ul style=\"text-align: justify;\">\n<li><a title=\"1185\" href=\"https:\/\/es.wikipedia.org\/wiki\/1185\">1185<\/a>: <a title=\"Lucio III\" href=\"https:\/\/es.wikipedia.org\/wiki\/Lucio_III\">Lucio III<\/a>, papa italiano.<\/li>\n<li><a title=\"1534\" href=\"https:\/\/es.wikipedia.org\/wiki\/1534\">1534<\/a>: <a title=\"Beatriz Galindo\" href=\"https:\/\/es.wikipedia.org\/wiki\/Beatriz_Galindo\">Beatriz Galindo<\/a>, <i>La Latina<\/i>, escritora y humanista espa\u00f1ola (n. 1465).<\/li>\n<li><a title=\"1560\" href=\"https:\/\/es.wikipedia.org\/wiki\/1560\">1560<\/a>: <a title=\"Andrea Doria\" href=\"https:\/\/es.wikipedia.org\/wiki\/Andrea_Doria\">Andrea Doria<\/a>, almirante y estadista genov\u00e9s.<\/li>\n<li><a title=\"1763\" href=\"https:\/\/es.wikipedia.org\/wiki\/1763\">1763<\/a>: <a title=\"Abate Pr\u00e9vost\" href=\"https:\/\/es.wikipedia.org\/wiki\/Abate_Pr%C3%A9vost\">Abate Pr\u00e9vost<\/a>, novelista franc\u00e9s.<\/li>\n<li><a title=\"1830\" href=\"https:\/\/es.wikipedia.org\/wiki\/1830\">1830<\/a>: <a title=\"Pierre Rode\" href=\"https:\/\/es.wikipedia.org\/wiki\/Pierre_Rode\">Pierre Rode<\/a>, compositor y violinista franc\u00e9s.<\/li>\n<li><a title=\"1849\" href=\"https:\/\/es.wikipedia.org\/wiki\/1849\">1849<\/a>: <a title=\"Juan Arolas\" href=\"https:\/\/es.wikipedia.org\/wiki\/Juan_Arolas\">Juan Arolas<\/a>, escritor espa\u00f1ol (n. 1805).<\/li>\n<li><a title=\"1865\" href=\"https:\/\/es.wikipedia.org\/wiki\/1865\">1865<\/a>: <a title=\"Heinrich Barth\" href=\"https:\/\/es.wikipedia.org\/wiki\/Heinrich_Barth\">Heinrich Barth<\/a>, explorador alem\u00e1n.<\/li>\n<li><a title=\"1881\" href=\"https:\/\/es.wikipedia.org\/wiki\/1881\">1881<\/a>: <a title=\"Theobald B\u00f6hm\" href=\"https:\/\/es.wikipedia.org\/wiki\/Theobald_B%C3%B6hm\">Theobald B\u00f6hm<\/a>, m\u00fasico alem\u00e1n.<\/li>\n<li><a title=\"1884\" href=\"https:\/\/es.wikipedia.org\/wiki\/1884\">1884<\/a>: <a title=\"Adolph Wilhelm Hermann Kolbe\" href=\"https:\/\/es.wikipedia.org\/wiki\/Adolph_Wilhelm_Hermann_Kolbe\">Adolph Wilhelm Hermann Kolbe<\/a>, qu\u00edmico alem\u00e1n (n. 1818).<\/li>\n<li><a title=\"1885\" href=\"https:\/\/es.wikipedia.org\/wiki\/1885\">1885<\/a>: <a title=\"Alfonso XII de Espa\u00f1a\" href=\"https:\/\/es.wikipedia.org\/wiki\/Alfonso_XII_de_Espa%C3%B1a\">Alfonso XII<\/a>, rey espa\u00f1ol.<\/li>\n<li>1885: <a title=\"Nicol\u00e1s Avellaneda\" href=\"https:\/\/es.wikipedia.org\/wiki\/Nicol%C3%A1s_Avellaneda\">Nicol\u00e1s Avellaneda<\/a>, pol\u00edtico y presidente argentino (n. 1837).<\/li>\n<li>1885: <a title=\"Francisco Serrano y Dom\u00ednguez\" href=\"https:\/\/es.wikipedia.org\/wiki\/Francisco_Serrano_y_Dom%C3%ADnguez\">Francisco Serrano y Dom\u00ednguez<\/a>, general y pol\u00edtico espa\u00f1ol.<\/li>\n<li><a title=\"1902\" href=\"https:\/\/es.wikipedia.org\/wiki\/1902\">1902<\/a>: <a title=\"Antonio Gisbert\" href=\"https:\/\/es.wikipedia.org\/wiki\/Antonio_Gisbert\">Antonio Gisbert<\/a>, pintor espa\u00f1ol.<\/li>\n<li><a title=\"1903\" href=\"https:\/\/es.wikipedia.org\/wiki\/1903\">1903<\/a>: <a title=\"Sabino Arana\" href=\"https:\/\/es.wikipedia.org\/wiki\/Sabino_Arana\">Sabino Arana<\/a>, pol\u00edtico vasco.<\/li>\n<li><a title=\"1909\" href=\"https:\/\/es.wikipedia.org\/wiki\/1909\">1909<\/a>: <a title=\"Luis Montt Montt\" href=\"https:\/\/es.wikipedia.org\/wiki\/Luis_Montt_Montt\">Luis Montt Montt<\/a>, escritor y pol\u00edtico chileno (n. 1848).<\/li>\n<li><a title=\"1925\" href=\"https:\/\/es.wikipedia.org\/wiki\/1925\">1925<\/a>: <a title=\"Vajiravudh\" href=\"https:\/\/es.wikipedia.org\/wiki\/Vajiravudh\">Vajiravudh<\/a>, rey tailand\u00e9s.<\/li>\n<li><a title=\"1941\" href=\"https:\/\/es.wikipedia.org\/wiki\/1941\">1941<\/a>: <a title=\"Pedro Aguirre Cerda\" href=\"https:\/\/es.wikipedia.org\/wiki\/Pedro_Aguirre_Cerda\">Pedro Aguirre Cerda<\/a>, presidente chileno.<\/li>\n<li><a title=\"1944\" href=\"https:\/\/es.wikipedia.org\/wiki\/1944\">1944<\/a>: <a title=\"Kenesaw Mountain Landis\" href=\"https:\/\/es.wikipedia.org\/wiki\/Kenesaw_Mountain_Landis\">Kenesaw Mountain Landis<\/a>, jurista estadounidense.<\/li>\n<li>1944: <a title=\"Jos\u00e9 Villalba Riquelme\" href=\"https:\/\/es.wikipedia.org\/wiki\/Jos%C3%A9_Villalba_Riquelme\">Jos\u00e9 Villalba Riquelme<\/a>, militar espa\u00f1ol (n. 1856).<\/li>\n<li><a title=\"1949\" href=\"https:\/\/es.wikipedia.org\/wiki\/1949\">1949<\/a>: <a class=\"mw-redirect\" title=\"Digno Nu\u00f1ez\" href=\"https:\/\/es.wikipedia.org\/wiki\/Digno_Nu%C3%B1ez\">Digno N\u00fa\u00f1ez<\/a>, empresario y pol\u00edtico ecuatoriano (n. 1866).<\/li>\n<li><a title=\"1950\" href=\"https:\/\/es.wikipedia.org\/wiki\/1950\">1950<\/a>: <a class=\"mw-redirect\" title=\"Johannes Wilhelm Jensen\" href=\"https:\/\/es.wikipedia.org\/wiki\/Johannes_Wilhelm_Jensen\">Johannes Wilhelm Jensen<\/a>, escritor dan\u00e9s, premio Nobel de Literatura en 1944.<\/li>\n<li>1950: <a title=\"Mao Anying\" href=\"https:\/\/es.wikipedia.org\/wiki\/Mao_Anying\">Mao Anying<\/a>, militar chino, hijo mayor de Mao Zedong (n. 1922).<\/li>\n<li><a title=\"1956\" href=\"https:\/\/es.wikipedia.org\/wiki\/1956\">1956<\/a>: <a class=\"mw-redirect\" title=\"Alexandr Dovzhenko\" href=\"https:\/\/es.wikipedia.org\/wiki\/Alexandr_Dovzhenko\">Alexandr Dovzhenko<\/a>, guionista, productor y cineasta ucraniano.<\/li>\n<li><a title=\"1958\" href=\"https:\/\/es.wikipedia.org\/wiki\/1958\">1958<\/a>: <a class=\"mw-redirect\" title=\"V\u00edctor de la Serna Espina\" href=\"https:\/\/es.wikipedia.org\/wiki\/V%C3%ADctor_de_la_Serna_Espina\">V\u00edctor de la Serna Espina<\/a>, escritor y periodista espa\u00f1ol.<\/li>\n<li><a title=\"1959\" href=\"https:\/\/es.wikipedia.org\/wiki\/1959\">1959<\/a>: <a class=\"mw-redirect\" title=\"G\u00e9rard Philipe\" href=\"https:\/\/es.wikipedia.org\/wiki\/G%C3%A9rard_Philipe\">G\u00e9rard Philipe<\/a>, actor franc\u00e9s.<\/li>\n<li><a title=\"1967\" href=\"https:\/\/es.wikipedia.org\/wiki\/1967\">1967<\/a>: <a class=\"mw-redirect\" title=\"Yossel Ar\u00f3novich Tsadkin\" href=\"https:\/\/es.wikipedia.org\/wiki\/Yossel_Ar%C3%B3novich_Tsadkin\">Ossip Zadkine<\/a>, escultor ruso (n. 1890).<\/li>\n<li><a title=\"1968\" href=\"https:\/\/es.wikipedia.org\/wiki\/1968\">1968<\/a>: <a title=\"Upton Sinclair\" href=\"https:\/\/es.wikipedia.org\/wiki\/Upton_Sinclair\">Upton Sinclair<\/a>, escritor estadounidense.<\/li>\n<li><a title=\"1970\" href=\"https:\/\/es.wikipedia.org\/wiki\/1970\">1970<\/a>: <a title=\"Yukio Mishima\" href=\"https:\/\/es.wikipedia.org\/wiki\/Yukio_Mishima\">Yukio Mishima<\/a>, escritor japon\u00e9s.<\/li>\n<li><a title=\"1973\" href=\"https:\/\/es.wikipedia.org\/wiki\/1973\">1973<\/a>: <a title=\"Laurence Harvey\" href=\"https:\/\/es.wikipedia.org\/wiki\/Laurence_Harvey\">Laurence Harvey<\/a>, actor y cineasta lituano.<\/li>\n<li><a title=\"1974\" href=\"https:\/\/es.wikipedia.org\/wiki\/1974\">1974<\/a>: <a title=\"Nick Drake\" href=\"https:\/\/es.wikipedia.org\/wiki\/Nick_Drake\">Nick Drake<\/a>, m\u00fasico brit\u00e1nico.<\/li>\n<li><a title=\"1974\" href=\"https:\/\/es.wikipedia.org\/wiki\/1974\">1974<\/a>: <a class=\"mw-redirect\" title=\"Sithu U Thant\" href=\"https:\/\/es.wikipedia.org\/wiki\/Sithu_U_Thant\">Sithu U Thant<\/a>, pol\u00edtico birmano.<\/li>\n<li><a title=\"1985\" href=\"https:\/\/es.wikipedia.org\/wiki\/1985\">1985<\/a>: <a title=\"Elsa Morante\" href=\"https:\/\/es.wikipedia.org\/wiki\/Elsa_Morante\">Elsa Morante<\/a>, escritora italiana.<\/li>\n<li><a title=\"1996\" href=\"https:\/\/es.wikipedia.org\/wiki\/1996\">1996<\/a>: <a title=\"Ricardo L\u00f3pez Aranda\" href=\"https:\/\/es.wikipedia.org\/wiki\/Ricardo_L%C3%B3pez_Aranda\">Ricardo L\u00f3pez Aranda<\/a>, escritor espa\u00f1ol.<\/li>\n<li><a title=\"1998\" href=\"https:\/\/es.wikipedia.org\/wiki\/1998\">1998<\/a>: <a title=\"Flip Wilson\" href=\"https:\/\/es.wikipedia.org\/wiki\/Flip_Wilson\">Flip Wilson<\/a>, comediante y actor estadounidense.<\/li>\n<li><a title=\"1999\" href=\"https:\/\/es.wikipedia.org\/wiki\/1999\">1999<\/a>: <a title=\"Pierre B\u00e9zier\" href=\"https:\/\/es.wikipedia.org\/wiki\/Pierre_B%C3%A9zier\">Pierre B\u00e9zier<\/a>, matem\u00e1tico franc\u00e9s.<\/li>\n<li><a title=\"2000\" href=\"https:\/\/es.wikipedia.org\/wiki\/2000\">2000<\/a>: <a title=\"Mario Giacomelli\" href=\"https:\/\/es.wikipedia.org\/wiki\/Mario_Giacomelli\">Mario Giacomelli<\/a>, tip\u00f3grafo y fot\u00f3grafo italiano.<\/li>\n<li><a title=\"2001\" href=\"https:\/\/es.wikipedia.org\/wiki\/2001\">2001<\/a>: <a class=\"mw-redirect\" title=\"Alan J. M. Bray\" href=\"https:\/\/es.wikipedia.org\/wiki\/Alan_J._M._Bray\">Alan Bray<\/a>, historiador y activista gay brit\u00e1nico (n. 1948).<\/li>\n<li><a title=\"2002\" href=\"https:\/\/es.wikipedia.org\/wiki\/2002\">2002<\/a>: <a title=\"Karel Reisz\" href=\"https:\/\/es.wikipedia.org\/wiki\/Karel_Reisz\">Karel Reisz<\/a>, cineasta checo.<\/li>\n<li><a title=\"2003\" href=\"https:\/\/es.wikipedia.org\/wiki\/2003\">2003<\/a>: <a class=\"new\" title=\"Michael Small (a\u00fan no redactado)\" href=\"https:\/\/es.wikipedia.org\/w\/index.php?title=Michael_Small&amp;action=edit&amp;redlink=1\">Michael Small<\/a>, compositor estadounidense de m\u00fasica de cine (n. 1939).<\/li>\n<li><a title=\"2005\" href=\"https:\/\/es.wikipedia.org\/wiki\/2005\">2005<\/a>: <a title=\"George Best\" href=\"https:\/\/es.wikipedia.org\/wiki\/George_Best\">George Best<\/a>, futbolista brit\u00e1nico (n. 1946).<\/li>\n<li>2005: <a title=\"Richard Burns\" href=\"https:\/\/es.wikipedia.org\/wiki\/Richard_Burns\">Richard Burns<\/a>, piloto de rallis brit\u00e1nico (n. 1971).<\/li>\n<li><a title=\"2006\" href=\"https:\/\/es.wikipedia.org\/wiki\/2006\">2006<\/a>: <a title=\"Valent\u00edn Elizalde\" href=\"https:\/\/es.wikipedia.org\/wiki\/Valent%C3%ADn_Elizalde\">Valent\u00edn Elizalde<\/a>, cantante mexicano (n. 1979).<\/li>\n<li>2006: <a title=\"Leoc\u00e1n Portus\" href=\"https:\/\/es.wikipedia.org\/wiki\/Leoc%C3%A1n_Portus\">Leoc\u00e1n Portus<\/a>, pol\u00edtico chileno (n. 1923).<\/li>\n<li><a title=\"2007\" href=\"https:\/\/es.wikipedia.org\/wiki\/2007\">2007<\/a>: <a title=\"Kevin DuBrow\" href=\"https:\/\/es.wikipedia.org\/wiki\/Kevin_DuBrow\">Kevin DuBrow<\/a>, cantante estadounidense, de la banda Quiet Riot (n. 1955).<\/li>\n<li>2007: <a title=\"Enzo Viena\" href=\"https:\/\/es.wikipedia.org\/wiki\/Enzo_Viena\">Enzo Viena<\/a>, actor argentino (n. 1933).<\/li>\n<li><a title=\"2008\" href=\"https:\/\/es.wikipedia.org\/wiki\/2008\">2008<\/a>: <a title=\"\u00c1ngel Campos P\u00e1mpano\" href=\"https:\/\/es.wikipedia.org\/wiki\/%C3%81ngel_Campos_P%C3%A1mpano\">\u00c1ngel Campos P\u00e1mpano<\/a>, poeta extreme\u00f1o (n. 1957).<\/li>\n<li><a title=\"2011\" href=\"https:\/\/es.wikipedia.org\/wiki\/2011\">2011<\/a>: <a title=\"Vasili Aleks\u00e9yev\" href=\"https:\/\/es.wikipedia.org\/wiki\/Vasili_Aleks%C3%A9yev\">Vasili Aleks\u00e9yev<\/a>, levantador de pesas ruso (n. 1942).<\/li>\n<li>2011: <a class=\"mw-redirect\" title=\"Anatoli Geleskul\" href=\"https:\/\/es.wikipedia.org\/wiki\/Anatoli_Geleskul\">Anatoli Geleskul<\/a>, traductor ruso (n. 1934).<\/li>\n<li>2011: <a title=\"Sergio Poblete\" href=\"https:\/\/es.wikipedia.org\/wiki\/Sergio_Poblete\">Sergio Poblete<\/a>, militar chileno (n. 1918).<\/li>\n<li><a title=\"2013\" href=\"https:\/\/es.wikipedia.org\/wiki\/2013\">2013<\/a>: <a title=\"Ricardo Fort\" href=\"https:\/\/es.wikipedia.org\/wiki\/Ricardo_Fort\">Ricardo Fort<\/a>, empresario y director art\u00edstico argentino (n. 1968).<\/li>\n<li>2013: <a title=\"Greg Kovacs\" href=\"https:\/\/es.wikipedia.org\/wiki\/Greg_Kovacs\">Greg Kovacs<\/a>, fisicoculturista canadiense (n. 1968).<\/li>\n<li>2013: <a title=\"Elke Neidhardt\" href=\"https:\/\/es.wikipedia.org\/wiki\/Elke_Neidhardt\">Elke Neidhardt<\/a>, actriz y directora de \u00f3pera alemana-australiana (n. 1941)<\/li>\n<\/ul>\n<h2 style=\"text-align: justify;\"><span id=\"Celebraciones\" class=\"mw-headline\">Celebraciones<\/span><\/h2>\n<ul style=\"text-align: justify;\">\n<li><a title=\"D\u00eda Internacional de la Eliminaci\u00f3n de la Violencia contra la Mujer\" href=\"https:\/\/es.wikipedia.org\/wiki\/D%C3%ADa_Internacional_de_la_Eliminaci%C3%B3n_de_la_Violencia_contra_la_Mujer\">D\u00eda Internacional de la Eliminaci\u00f3n de la Violencia contra la Mujer<\/a>.<\/li>\n<li><span class=\"flagicon\"><img decoding=\"async\" class=\"thumbborder\" title=\"Bandera de Surinam\" src=\"https:\/\/upload.wikimedia.org\/wikipedia\/commons\/thumb\/6\/60\/Flag_of_Suriname.svg\/20px-Flag_of_Suriname.svg.png\" srcset=\"\/\/upload.wikimedia.org\/wikipedia\/commons\/thumb\/6\/60\/Flag_of_Suriname.svg\/30px-Flag_of_Suriname.svg.png 1.5x, \/\/upload.wikimedia.org\/wikipedia\/commons\/thumb\/6\/60\/Flag_of_Suriname.svg\/40px-Flag_of_Suriname.svg.png 2x\" alt=\"Bandera de Surinam\" width=\"20\" height=\"13\" data-file-width=\"900\" data-file-height=\"600\" \/>\u00a0<\/span><a title=\"Surinam\" href=\"https:\/\/es.wikipedia.org\/wiki\/Surinam\">Surinam<\/a>:D\u00eda de la Independencia.<\/li>\n<\/ul>\n<h3 style=\"text-align: justify;\"><span id=\"Santoral_cat.C3.B3lico\" class=\"mw-headline\"><a title=\"Santoral cat\u00f3lico\" href=\"https:\/\/es.wikipedia.org\/wiki\/Santoral_cat%C3%B3lico\">Santoral cat\u00f3lico<\/a><\/span><\/h3>\n<ul>\n<li style=\"text-align: justify;\"><a title=\"Catalina de Alejandr\u00eda\" href=\"https:\/\/es.wikipedia.org\/wiki\/Catalina_de_Alejandr%C3%ADa\">Catalina de Alejandr\u00eda<\/a>, virgen y m\u00e1rtir.<\/li>\n<\/ul>\n","protected":false},"excerpt":{"rendered":"<p>Es el 329.\u00ba (tricent\u00e9simo vigesimonoveno) d\u00eda del a\u00f1o en el calendario gregoriano y el 330.\u00ba en los a\u00f1os bisiestos. Quedan 36\u00a0d\u00edas para finalizar el a\u00f1o.<\/p>\n","protected":false},"author":6,"featured_media":8492,"comment_status":"open","ping_status":"open","sticky":false,"template":"","format":"standard","meta":{"_acf_changed":false,"_monsterinsights_skip_tracking":false,"slim_seo":{"title":"Efem\u00e9rides 25 de Noviembre - Opini\u00f3n P\u00fablica","description":"Es el 329.\u00ba (tricent\u00e9simo vigesimonoveno) d\u00eda del a\u00f1o en el calendario gregoriano y el 330.\u00ba en los a\u00f1os bisiestos. Quedan 36\u00a0d\u00edas para finalizar el a\u00f1o. Aconte"},"footnotes":""},"categories":[27],"tags":[],"class_list":["post-8493","post","type-post","status-publish","format-standard","has-post-thumbnail","hentry","category-un-dia-como-hoy"],"acf":[],"_links":{"self":[{"href":"https:\/\/www.opinionpublica.tv\/portada\/wp-json\/wp\/v2\/posts\/8493","targetHints":{"allow":["GET"]}}],"collection":[{"href":"https:\/\/www.opinionpublica.tv\/portada\/wp-json\/wp\/v2\/posts"}],"about":[{"href":"https:\/\/www.opinionpublica.tv\/portada\/wp-json\/wp\/v2\/types\/post"}],"author":[{"embeddable":true,"href":"https:\/\/www.opinionpublica.tv\/portada\/wp-json\/wp\/v2\/users\/6"}],"replies":[{"embeddable":true,"href":"https:\/\/www.opinionpublica.tv\/portada\/wp-json\/wp\/v2\/comments?post=8493"}],"version-history":[{"count":0,"href":"https:\/\/www.opinionpublica.tv\/portada\/wp-json\/wp\/v2\/posts\/8493\/revisions"}],"wp:featuredmedia":[{"embeddable":true,"href":"https:\/\/www.opinionpublica.tv\/portada\/wp-json\/wp\/v2\/media\/8492"}],"wp:attachment":[{"href":"https:\/\/www.opinionpublica.tv\/portada\/wp-json\/wp\/v2\/media?parent=8493"}],"wp:term":[{"taxonomy":"category","embeddable":true,"href":"https:\/\/www.opinionpublica.tv\/portada\/wp-json\/wp\/v2\/categories?post=8493"},{"taxonomy":"post_tag","embeddable":true,"href":"https:\/\/www.opinionpublica.tv\/portada\/wp-json\/wp\/v2\/tags?post=8493"}],"curies":[{"name":"wp","href":"https:\/\/api.w.org\/{rel}","templated":true}]}}