{"id":84875,"date":"2026-05-09T13:23:49","date_gmt":"2026-05-09T19:23:49","guid":{"rendered":"https:\/\/www.opinionpublica.tv\/portada\/?p=84875"},"modified":"2026-05-09T13:26:06","modified_gmt":"2026-05-09T19:26:06","slug":"libro-de-la-semana-el-recuerdo-del-justo-pasta-dura-autor-isaac-benaor","status":"publish","type":"post","link":"https:\/\/www.opinionpublica.tv\/portada\/libro-de-la-semana-el-recuerdo-del-justo-pasta-dura-autor-isaac-benaor\/","title":{"rendered":"Libro de la semana: El Recuerdo del Justo | Autor Isaac Benaor"},"content":{"rendered":"\n<figure class=\"wp-block-image size-large\"><img fetchpriority=\"high\" decoding=\"async\" width=\"687\" height=\"1024\" src=\"https:\/\/www.opinionpublica.tv\/portada\/wp-content\/uploads\/2026\/05\/El-Recuerdo-del-Justo-Autor-Isaac-Benaor-687x1024.jpg\" alt=\"Version 1.0.0\" class=\"wp-image-84879\" srcset=\"https:\/\/www.opinionpublica.tv\/portada\/wp-content\/uploads\/2026\/05\/El-Recuerdo-del-Justo-Autor-Isaac-Benaor-687x1024.jpg 687w, https:\/\/www.opinionpublica.tv\/portada\/wp-content\/uploads\/2026\/05\/El-Recuerdo-del-Justo-Autor-Isaac-Benaor-201x300.jpg 201w, https:\/\/www.opinionpublica.tv\/portada\/wp-content\/uploads\/2026\/05\/El-Recuerdo-del-Justo-Autor-Isaac-Benaor-768x1145.jpg 768w, https:\/\/www.opinionpublica.tv\/portada\/wp-content\/uploads\/2026\/05\/El-Recuerdo-del-Justo-Autor-Isaac-Benaor.jpg 1000w\" sizes=\"(max-width: 687px) 100vw, 687px\" \/><figcaption class=\"wp-element-caption\">Version 1.0.0<\/figcaption><\/figure>\n\n\n\n<p class=\"wp-block-paragraph\">Los Escritos designan a Yesh\u00faa (Jes\u00fas de Nazaret) como \u00abel Autor de la vida\u00bb, situando Su \u00e1mbito de acci\u00f3n desde el momento mismo de la Creaci\u00f3n. Y siendo esto as\u00ed, cabr\u00eda preguntarse: \u00bfC\u00f3mo una realidad espiritual de este calibre puede limitarse a unos escasos vers\u00edculos de la Tor\u00e1 o a contados textos de los profetas? Pues (como se declara) Su obra expiatoria precedi\u00f3 la misma existencia del mundo.<\/p>\n\n\n\n<p class=\"wp-block-paragraph\">Y nos parece muy relevante que, de todos los aspectos adscritos a Su preexistencia, sea el de Su muerte expiatoria el que m\u00e1s huella ha dejado entre los profundos secretos del texto b\u00edblico.<\/p>\n\n\n\n<p class=\"wp-block-paragraph\">A trav\u00e9s de las ense\u00f1anzas de este libro le invitamos a acompa\u00f1arnos en la b\u00fasqueda del Mes\u00edas en textos de la Biblia donde nunca se hubiera imaginado encontrarlo, explorando todo un universo de conceptos que nos permitir\u00e1n comprender mejor Su obra, as\u00ed como los profundos secretos que rodean Su naturaleza.<\/p>\n","protected":false},"excerpt":{"rendered":"<p>Los Escritos designan a Yesh\u00faa (Jes\u00fas de Nazaret) como \u00abel Autor de la vida\u00bb, situando Su \u00e1mbito de acci\u00f3n desde el momento mismo de la Creaci\u00f3n. Y siendo esto as\u00ed, cabr\u00eda preguntarse: \u00bfC\u00f3mo una realidad espiritual de este calibre puede limitarse a unos escasos vers\u00edculos de la Tor\u00e1 o a contados textos de los profetas? [&hellip;]<\/p>\n","protected":false},"author":6,"featured_media":84879,"comment_status":"closed","ping_status":"closed","sticky":false,"template":"","format":"standard","meta":{"_acf_changed":false,"_monsterinsights_skip_tracking":false,"slim_seo":{"title":"Libro de la semana: El Recuerdo del Justo | Autor Isaac Benaor - Opini\u00f3n P\u00fablica","description":"Los Escritos designan a Yesh\u00faa (Jes\u00fas de Nazaret) como \"el Autor de la vida\", situando Su \u00e1mbito de acci\u00f3n desde el momento mismo de la Creaci\u00f3n. Y siendo esto"},"footnotes":""},"categories":[1007],"tags":[3331,507,1115,506],"class_list":["post-84875","post","type-post","status-publish","format-standard","has-post-thumbnail","hentry","category-el-libro-de-la-semana","tag-isaac-benaor","tag-lectura","tag-libro-de-la-semana","tag-libros"],"acf":[],"_links":{"self":[{"href":"https:\/\/www.opinionpublica.tv\/portada\/wp-json\/wp\/v2\/posts\/84875","targetHints":{"allow":["GET"]}}],"collection":[{"href":"https:\/\/www.opinionpublica.tv\/portada\/wp-json\/wp\/v2\/posts"}],"about":[{"href":"https:\/\/www.opinionpublica.tv\/portada\/wp-json\/wp\/v2\/types\/post"}],"author":[{"embeddable":true,"href":"https:\/\/www.opinionpublica.tv\/portada\/wp-json\/wp\/v2\/users\/6"}],"replies":[{"embeddable":true,"href":"https:\/\/www.opinionpublica.tv\/portada\/wp-json\/wp\/v2\/comments?post=84875"}],"version-history":[{"count":3,"href":"https:\/\/www.opinionpublica.tv\/portada\/wp-json\/wp\/v2\/posts\/84875\/revisions"}],"predecessor-version":[{"id":84880,"href":"https:\/\/www.opinionpublica.tv\/portada\/wp-json\/wp\/v2\/posts\/84875\/revisions\/84880"}],"wp:featuredmedia":[{"embeddable":true,"href":"https:\/\/www.opinionpublica.tv\/portada\/wp-json\/wp\/v2\/media\/84879"}],"wp:attachment":[{"href":"https:\/\/www.opinionpublica.tv\/portada\/wp-json\/wp\/v2\/media?parent=84875"}],"wp:term":[{"taxonomy":"category","embeddable":true,"href":"https:\/\/www.opinionpublica.tv\/portada\/wp-json\/wp\/v2\/categories?post=84875"},{"taxonomy":"post_tag","embeddable":true,"href":"https:\/\/www.opinionpublica.tv\/portada\/wp-json\/wp\/v2\/tags?post=84875"}],"curies":[{"name":"wp","href":"https:\/\/api.w.org\/{rel}","templated":true}]}}