{"id":8465,"date":"2016-11-22T07:00:00","date_gmt":"2016-11-22T06:00:00","guid":{"rendered":"https:\/\/www.opinionpublica.tv\/portada\/2016\/11\/22\/fotos-perros-disfrutando-del-otono\/"},"modified":"2016-11-22T07:00:00","modified_gmt":"2016-11-22T06:00:00","slug":"fotos-perros-disfrutando-del-otono","status":"publish","type":"post","link":"https:\/\/www.opinionpublica.tv\/portada\/fotos-perros-disfrutando-del-otono\/","title":{"rendered":"Fotos: Perros disfrutando del oto\u00f1o"},"content":{"rendered":"<p><img fetchpriority=\"high\" decoding=\"async\" class=\" size-full wp-image-8450\" src=\"https:\/\/www.opinionpublica.tv\/portada\/wp-content\/uploads\/2016\/11\/fcfb8c06df80563a653f50336efdcca2.jpg\" alt=\"\" width=\"880\" height=\"587\" srcset=\"https:\/\/www.opinionpublica.tv\/portada\/wp-content\/uploads\/2016\/11\/fcfb8c06df80563a653f50336efdcca2.jpg 880w, https:\/\/www.opinionpublica.tv\/portada\/wp-content\/uploads\/2016\/11\/fcfb8c06df80563a653f50336efdcca2-300x200.jpg 300w, https:\/\/www.opinionpublica.tv\/portada\/wp-content\/uploads\/2016\/11\/fcfb8c06df80563a653f50336efdcca2-768x512.jpg 768w\" sizes=\"(max-width: 880px) 100vw, 880px\" \/><br \/>\n<!--more--><\/p>\n<h2>Anne Geier, es una fot\u00f3grafa de Austria, tiene un hermoso don de captar retratos conmovedores de perros.<\/h2>\n<p>\u00a0<\/p>\n<h2 style=\"text-align: justify;\"><img decoding=\"async\" class=\" size-full wp-image-8451\" src=\"https:\/\/www.opinionpublica.tv\/portada\/wp-content\/uploads\/2016\/11\/autumndogphotographyannegeier12jpgimgw12801280.jpeg\" width=\"880\" height=\"587\" srcset=\"https:\/\/www.opinionpublica.tv\/portada\/wp-content\/uploads\/2016\/11\/autumndogphotographyannegeier12jpgimgw12801280.jpeg 880w, https:\/\/www.opinionpublica.tv\/portada\/wp-content\/uploads\/2016\/11\/autumndogphotographyannegeier12jpgimgw12801280-300x200.jpeg 300w, https:\/\/www.opinionpublica.tv\/portada\/wp-content\/uploads\/2016\/11\/autumndogphotographyannegeier12jpgimgw12801280-768x512.jpeg 768w\" sizes=\"(max-width: 880px) 100vw, 880px\" \/><img decoding=\"async\" class=\" size-full wp-image-8452\" src=\"https:\/\/www.opinionpublica.tv\/portada\/wp-content\/uploads\/2016\/11\/autumndogphotographyannegeier44jpgimgw12801280.jpeg\" width=\"880\" height=\"587\" srcset=\"https:\/\/www.opinionpublica.tv\/portada\/wp-content\/uploads\/2016\/11\/autumndogphotographyannegeier44jpgimgw12801280.jpeg 880w, https:\/\/www.opinionpublica.tv\/portada\/wp-content\/uploads\/2016\/11\/autumndogphotographyannegeier44jpgimgw12801280-300x200.jpeg 300w, https:\/\/www.opinionpublica.tv\/portada\/wp-content\/uploads\/2016\/11\/autumndogphotographyannegeier44jpgimgw12801280-768x512.jpeg 768w\" sizes=\"(max-width: 880px) 100vw, 880px\" \/><img loading=\"lazy\" decoding=\"async\" class=\" size-full wp-image-8453\" src=\"https:\/\/www.opinionpublica.tv\/portada\/wp-content\/uploads\/2016\/11\/autumndogphotographyannegeier34jpgimgw12801280.jpeg\" width=\"880\" height=\"584\" srcset=\"https:\/\/www.opinionpublica.tv\/portada\/wp-content\/uploads\/2016\/11\/autumndogphotographyannegeier34jpgimgw12801280.jpeg 880w, https:\/\/www.opinionpublica.tv\/portada\/wp-content\/uploads\/2016\/11\/autumndogphotographyannegeier34jpgimgw12801280-300x199.jpeg 300w, https:\/\/www.opinionpublica.tv\/portada\/wp-content\/uploads\/2016\/11\/autumndogphotographyannegeier34jpgimgw12801280-768x510.jpeg 768w\" sizes=\"(max-width: 880px) 100vw, 880px\" \/><img loading=\"lazy\" decoding=\"async\" class=\" size-full wp-image-8454\" src=\"https:\/\/www.opinionpublica.tv\/portada\/wp-content\/uploads\/2016\/11\/autumndogphotographyannegeier32jpgimgw12801280.jpeg\" width=\"880\" height=\"584\" srcset=\"https:\/\/www.opinionpublica.tv\/portada\/wp-content\/uploads\/2016\/11\/autumndogphotographyannegeier32jpgimgw12801280.jpeg 880w, https:\/\/www.opinionpublica.tv\/portada\/wp-content\/uploads\/2016\/11\/autumndogphotographyannegeier32jpgimgw12801280-300x199.jpeg 300w, https:\/\/www.opinionpublica.tv\/portada\/wp-content\/uploads\/2016\/11\/autumndogphotographyannegeier32jpgimgw12801280-768x510.jpeg 768w\" sizes=\"(max-width: 880px) 100vw, 880px\" \/><img loading=\"lazy\" decoding=\"async\" class=\" size-full wp-image-8455\" src=\"https:\/\/www.opinionpublica.tv\/portada\/wp-content\/uploads\/2016\/11\/autumndogphotographyannegeier25jpgimgw12801280.jpeg\" width=\"880\" height=\"587\" srcset=\"https:\/\/www.opinionpublica.tv\/portada\/wp-content\/uploads\/2016\/11\/autumndogphotographyannegeier25jpgimgw12801280.jpeg 880w, https:\/\/www.opinionpublica.tv\/portada\/wp-content\/uploads\/2016\/11\/autumndogphotographyannegeier25jpgimgw12801280-300x200.jpeg 300w, https:\/\/www.opinionpublica.tv\/portada\/wp-content\/uploads\/2016\/11\/autumndogphotographyannegeier25jpgimgw12801280-768x512.jpeg 768w\" sizes=\"(max-width: 880px) 100vw, 880px\" \/><img loading=\"lazy\" decoding=\"async\" class=\" size-full wp-image-8456\" src=\"https:\/\/www.opinionpublica.tv\/portada\/wp-content\/uploads\/2016\/11\/autumndogphotographyannegeier31jpgimgw12801280.jpeg\" width=\"880\" height=\"587\" srcset=\"https:\/\/www.opinionpublica.tv\/portada\/wp-content\/uploads\/2016\/11\/autumndogphotographyannegeier31jpgimgw12801280.jpeg 880w, https:\/\/www.opinionpublica.tv\/portada\/wp-content\/uploads\/2016\/11\/autumndogphotographyannegeier31jpgimgw12801280-300x200.jpeg 300w, https:\/\/www.opinionpublica.tv\/portada\/wp-content\/uploads\/2016\/11\/autumndogphotographyannegeier31jpgimgw12801280-768x512.jpeg 768w\" sizes=\"(max-width: 880px) 100vw, 880px\" \/><img loading=\"lazy\" decoding=\"async\" class=\" size-full wp-image-8457\" src=\"https:\/\/www.opinionpublica.tv\/portada\/wp-content\/uploads\/2016\/11\/autumndogphotographyannegeier26jpgimgw12801280.jpeg\" width=\"880\" height=\"587\" srcset=\"https:\/\/www.opinionpublica.tv\/portada\/wp-content\/uploads\/2016\/11\/autumndogphotographyannegeier26jpgimgw12801280.jpeg 880w, https:\/\/www.opinionpublica.tv\/portada\/wp-content\/uploads\/2016\/11\/autumndogphotographyannegeier26jpgimgw12801280-300x200.jpeg 300w, https:\/\/www.opinionpublica.tv\/portada\/wp-content\/uploads\/2016\/11\/autumndogphotographyannegeier26jpgimgw12801280-768x512.jpeg 768w\" sizes=\"(max-width: 880px) 100vw, 880px\" \/><img loading=\"lazy\" decoding=\"async\" class=\" size-full wp-image-8458\" src=\"https:\/\/www.opinionpublica.tv\/portada\/wp-content\/uploads\/2016\/11\/autumndogphotographyannegeier17jpgimgw12801280.jpeg\" width=\"880\" height=\"584\" srcset=\"https:\/\/www.opinionpublica.tv\/portada\/wp-content\/uploads\/2016\/11\/autumndogphotographyannegeier17jpgimgw12801280.jpeg 880w, https:\/\/www.opinionpublica.tv\/portada\/wp-content\/uploads\/2016\/11\/autumndogphotographyannegeier17jpgimgw12801280-300x199.jpeg 300w, https:\/\/www.opinionpublica.tv\/portada\/wp-content\/uploads\/2016\/11\/autumndogphotographyannegeier17jpgimgw12801280-768x510.jpeg 768w\" sizes=\"(max-width: 880px) 100vw, 880px\" \/><img loading=\"lazy\" decoding=\"async\" class=\" size-full wp-image-8459\" src=\"https:\/\/www.opinionpublica.tv\/portada\/wp-content\/uploads\/2016\/11\/autumndogphotographyannegeier18jpgimgw12801280.jpeg\" width=\"880\" height=\"584\" srcset=\"https:\/\/www.opinionpublica.tv\/portada\/wp-content\/uploads\/2016\/11\/autumndogphotographyannegeier18jpgimgw12801280.jpeg 880w, https:\/\/www.opinionpublica.tv\/portada\/wp-content\/uploads\/2016\/11\/autumndogphotographyannegeier18jpgimgw12801280-300x199.jpeg 300w, https:\/\/www.opinionpublica.tv\/portada\/wp-content\/uploads\/2016\/11\/autumndogphotographyannegeier18jpgimgw12801280-768x510.jpeg 768w\" sizes=\"(max-width: 880px) 100vw, 880px\" \/><img loading=\"lazy\" decoding=\"async\" class=\" size-full wp-image-8460\" src=\"https:\/\/www.opinionpublica.tv\/portada\/wp-content\/uploads\/2016\/11\/autumndogphotographyannegeier1jpgimgw12801280.jpeg\" width=\"880\" height=\"587\" srcset=\"https:\/\/www.opinionpublica.tv\/portada\/wp-content\/uploads\/2016\/11\/autumndogphotographyannegeier1jpgimgw12801280.jpeg 880w, https:\/\/www.opinionpublica.tv\/portada\/wp-content\/uploads\/2016\/11\/autumndogphotographyannegeier1jpgimgw12801280-300x200.jpeg 300w, https:\/\/www.opinionpublica.tv\/portada\/wp-content\/uploads\/2016\/11\/autumndogphotographyannegeier1jpgimgw12801280-768x512.jpeg 768w\" sizes=\"(max-width: 880px) 100vw, 880px\" \/><img loading=\"lazy\" decoding=\"async\" class=\" size-full wp-image-8461\" src=\"https:\/\/www.opinionpublica.tv\/portada\/wp-content\/uploads\/2016\/11\/autumndogphotographyannegeier21jpgimgw12801280.jpeg\" width=\"880\" height=\"587\" srcset=\"https:\/\/www.opinionpublica.tv\/portada\/wp-content\/uploads\/2016\/11\/autumndogphotographyannegeier21jpgimgw12801280.jpeg 880w, https:\/\/www.opinionpublica.tv\/portada\/wp-content\/uploads\/2016\/11\/autumndogphotographyannegeier21jpgimgw12801280-300x200.jpeg 300w, https:\/\/www.opinionpublica.tv\/portada\/wp-content\/uploads\/2016\/11\/autumndogphotographyannegeier21jpgimgw12801280-768x512.jpeg 768w\" sizes=\"(max-width: 880px) 100vw, 880px\" \/><img loading=\"lazy\" decoding=\"async\" class=\" size-full wp-image-8462\" src=\"https:\/\/www.opinionpublica.tv\/portada\/wp-content\/uploads\/2016\/11\/autumndogphotographyannegeier19jpgimgw12801280.jpeg\" width=\"880\" height=\"587\" srcset=\"https:\/\/www.opinionpublica.tv\/portada\/wp-content\/uploads\/2016\/11\/autumndogphotographyannegeier19jpgimgw12801280.jpeg 880w, https:\/\/www.opinionpublica.tv\/portada\/wp-content\/uploads\/2016\/11\/autumndogphotographyannegeier19jpgimgw12801280-300x200.jpeg 300w, https:\/\/www.opinionpublica.tv\/portada\/wp-content\/uploads\/2016\/11\/autumndogphotographyannegeier19jpgimgw12801280-768x512.jpeg 768w\" sizes=\"(max-width: 880px) 100vw, 880px\" \/><img loading=\"lazy\" decoding=\"async\" class=\" size-full wp-image-8463\" src=\"https:\/\/www.opinionpublica.tv\/portada\/wp-content\/uploads\/2016\/11\/autumndogphotographyannegeier54jpgimgw12801280.jpeg\" width=\"880\" height=\"587\" srcset=\"https:\/\/www.opinionpublica.tv\/portada\/wp-content\/uploads\/2016\/11\/autumndogphotographyannegeier54jpgimgw12801280.jpeg 880w, https:\/\/www.opinionpublica.tv\/portada\/wp-content\/uploads\/2016\/11\/autumndogphotographyannegeier54jpgimgw12801280-300x200.jpeg 300w, https:\/\/www.opinionpublica.tv\/portada\/wp-content\/uploads\/2016\/11\/autumndogphotographyannegeier54jpgimgw12801280-768x512.jpeg 768w\" sizes=\"(max-width: 880px) 100vw, 880px\" \/><img loading=\"lazy\" decoding=\"async\" class=\" size-full wp-image-8464\" src=\"https:\/\/www.opinionpublica.tv\/portada\/wp-content\/uploads\/2016\/11\/autumndogphotographyannegeier47jpgimgw12801280.jpeg\" width=\"880\" height=\"584\" srcset=\"https:\/\/www.opinionpublica.tv\/portada\/wp-content\/uploads\/2016\/11\/autumndogphotographyannegeier47jpgimgw12801280.jpeg 880w, https:\/\/www.opinionpublica.tv\/portada\/wp-content\/uploads\/2016\/11\/autumndogphotographyannegeier47jpgimgw12801280-300x199.jpeg 300w, https:\/\/www.opinionpublica.tv\/portada\/wp-content\/uploads\/2016\/11\/autumndogphotographyannegeier47jpgimgw12801280-768x510.jpeg 768w\" sizes=\"(max-width: 880px) 100vw, 880px\" \/><\/h2>\n<p>\u00a0<\/p>\n","protected":false},"excerpt":{"rendered":"","protected":false},"author":1,"featured_media":8450,"comment_status":"open","ping_status":"open","sticky":false,"template":"","format":"standard","meta":{"_acf_changed":false,"_monsterinsights_skip_tracking":false,"slim_seo":{"title":"Fotos: Perros disfrutando del oto\u00f1o - Opini\u00f3n P\u00fablica","description":"Anne Geier, es una fot\u00f3grafa de Austria, tiene un hermoso don de captar retratos conmovedores de perros. \u00a0 \u00a0"},"footnotes":""},"categories":[15],"tags":[],"class_list":["post-8465","post","type-post","status-publish","format-standard","has-post-thumbnail","hentry","category-galerias"],"acf":[],"_links":{"self":[{"href":"https:\/\/www.opinionpublica.tv\/portada\/wp-json\/wp\/v2\/posts\/8465","targetHints":{"allow":["GET"]}}],"collection":[{"href":"https:\/\/www.opinionpublica.tv\/portada\/wp-json\/wp\/v2\/posts"}],"about":[{"href":"https:\/\/www.opinionpublica.tv\/portada\/wp-json\/wp\/v2\/types\/post"}],"author":[{"embeddable":true,"href":"https:\/\/www.opinionpublica.tv\/portada\/wp-json\/wp\/v2\/users\/1"}],"replies":[{"embeddable":true,"href":"https:\/\/www.opinionpublica.tv\/portada\/wp-json\/wp\/v2\/comments?post=8465"}],"version-history":[{"count":0,"href":"https:\/\/www.opinionpublica.tv\/portada\/wp-json\/wp\/v2\/posts\/8465\/revisions"}],"wp:featuredmedia":[{"embeddable":true,"href":"https:\/\/www.opinionpublica.tv\/portada\/wp-json\/wp\/v2\/media\/8450"}],"wp:attachment":[{"href":"https:\/\/www.opinionpublica.tv\/portada\/wp-json\/wp\/v2\/media?parent=8465"}],"wp:term":[{"taxonomy":"category","embeddable":true,"href":"https:\/\/www.opinionpublica.tv\/portada\/wp-json\/wp\/v2\/categories?post=8465"},{"taxonomy":"post_tag","embeddable":true,"href":"https:\/\/www.opinionpublica.tv\/portada\/wp-json\/wp\/v2\/tags?post=8465"}],"curies":[{"name":"wp","href":"https:\/\/api.w.org\/{rel}","templated":true}]}}