{"id":8447,"date":"2016-11-22T07:00:00","date_gmt":"2016-11-22T06:00:00","guid":{"rendered":"https:\/\/www.opinionpublica.tv\/portada\/2016\/11\/22\/fmi-proyecta-poco-crecimiento-en-mexico\/"},"modified":"2016-11-22T07:00:00","modified_gmt":"2016-11-22T06:00:00","slug":"fmi-proyecta-poco-crecimiento-en-mexico","status":"publish","type":"post","link":"https:\/\/www.opinionpublica.tv\/portada\/fmi-proyecta-poco-crecimiento-en-mexico\/","title":{"rendered":"FMI proyecta poco crecimiento en M\u00e9xico"},"content":{"rendered":"<p><img fetchpriority=\"high\" decoding=\"async\" class=\" size-full wp-image-8446\" src=\"https:\/\/www.opinionpublica.tv\/portada\/wp-content\/uploads\/2016\/11\/93b473cb3c3c49e3b104da1178e2b4c6.jpg\" alt=\"\" width=\"655\" height=\"450\" srcset=\"https:\/\/www.opinionpublica.tv\/portada\/wp-content\/uploads\/2016\/11\/93b473cb3c3c49e3b104da1178e2b4c6.jpg 655w, https:\/\/www.opinionpublica.tv\/portada\/wp-content\/uploads\/2016\/11\/93b473cb3c3c49e3b104da1178e2b4c6-300x206.jpg 300w\" sizes=\"(max-width: 655px) 100vw, 655px\" \/><br \/>\n<!--more--><\/p>\n<p style=\"text-align: justify;\">El Fondo Monetario Internacional (FMI) revis\u00f3 a la baja sus proyecciones de crecimiento de M\u00e9xico para los pr\u00f3ximos a\u00f1os en cerca de medio punto porcentual debido a una menor producci\u00f3n de petr\u00f3leo y una perspectiva de Estados Unidos m\u00e1s d\u00e9bil.<\/p>\n<p style=\"text-align: justify;\">La previsi\u00f3n para el crecimiento del Producto Interno Bruto (PIB) de M\u00e9xico para 2016 cay\u00f3 a 2.1% desde el 2.5% de julio, seg\u00fan un informe anual sobre el pa\u00eds.<\/p>\n<p style=\"text-align: justify;\">Para 2017, recort\u00f3 su previsi\u00f3n a 2.2% desde el 2.6% anterior.<\/p>\n<p style=\"text-align: justify;\">El FMI calific\u00f3 al sistema financiero en M\u00e9xico como \u00abresilente\u00bb gracias a su solvencia y liquidez, lo que lo podr\u00eda llevar a soportar \u00abseveras crisis\u00bb.<\/p>\n<p style=\"text-align: justify;\">\u00a1Seg\u00fan el organismo, el sistema podr\u00eda aguantar una combinaci\u00f3n de tasas de inter\u00e9s y la depreciaci\u00f3n del tipo de cambio.<\/p>\n<p style=\"text-align: justify;\">\u00abLos fundamentos econ\u00f3micos de M\u00e9xico son fuertes. En el panorama a mediano plazo se prev\u00e9 un crecimiento sustentado por fuertes pol\u00edticas macroecon\u00f3micas, iniciativas y balances relativamente s\u00f3lidos\u00bb, indica el FMI.<\/p>\n<p style=\"text-align: justify;\">De acuerdo con el organismo, los principales riesgos externos para la econom\u00eda del pa\u00eds incluyen la ralentizaci\u00f3n del crecimiento en EU, la ca\u00edda en los precios de petr\u00f3leo y la volatilidad en los mercados financieros.<\/p>\n<p style=\"text-align: justify;\">Informaci\u00f3n de Expansi\u00f3n<\/p>\n","protected":false},"excerpt":{"rendered":"","protected":false},"author":1,"featured_media":8446,"comment_status":"open","ping_status":"open","sticky":false,"template":"","format":"standard","meta":{"_acf_changed":false,"_monsterinsights_skip_tracking":false,"slim_seo":{"title":"FMI proyecta poco crecimiento en M\u00e9xico - Opini\u00f3n P\u00fablica","description":"El Fondo Monetario Internacional (FMI) revis\u00f3 a la baja sus proyecciones de crecimiento de M\u00e9xico para los pr\u00f3ximos a\u00f1os en cerca de medio punto porcentual debi"},"footnotes":""},"categories":[9],"tags":[],"class_list":["post-8447","post","type-post","status-publish","format-standard","has-post-thumbnail","hentry","category-nacional"],"acf":[],"_links":{"self":[{"href":"https:\/\/www.opinionpublica.tv\/portada\/wp-json\/wp\/v2\/posts\/8447","targetHints":{"allow":["GET"]}}],"collection":[{"href":"https:\/\/www.opinionpublica.tv\/portada\/wp-json\/wp\/v2\/posts"}],"about":[{"href":"https:\/\/www.opinionpublica.tv\/portada\/wp-json\/wp\/v2\/types\/post"}],"author":[{"embeddable":true,"href":"https:\/\/www.opinionpublica.tv\/portada\/wp-json\/wp\/v2\/users\/1"}],"replies":[{"embeddable":true,"href":"https:\/\/www.opinionpublica.tv\/portada\/wp-json\/wp\/v2\/comments?post=8447"}],"version-history":[{"count":0,"href":"https:\/\/www.opinionpublica.tv\/portada\/wp-json\/wp\/v2\/posts\/8447\/revisions"}],"wp:featuredmedia":[{"embeddable":true,"href":"https:\/\/www.opinionpublica.tv\/portada\/wp-json\/wp\/v2\/media\/8446"}],"wp:attachment":[{"href":"https:\/\/www.opinionpublica.tv\/portada\/wp-json\/wp\/v2\/media?parent=8447"}],"wp:term":[{"taxonomy":"category","embeddable":true,"href":"https:\/\/www.opinionpublica.tv\/portada\/wp-json\/wp\/v2\/categories?post=8447"},{"taxonomy":"post_tag","embeddable":true,"href":"https:\/\/www.opinionpublica.tv\/portada\/wp-json\/wp\/v2\/tags?post=8447"}],"curies":[{"name":"wp","href":"https:\/\/api.w.org\/{rel}","templated":true}]}}