{"id":84449,"date":"2026-05-03T07:39:42","date_gmt":"2026-05-03T13:39:42","guid":{"rendered":"https:\/\/www.opinionpublica.tv\/portada\/?p=84449"},"modified":"2026-05-03T07:41:11","modified_gmt":"2026-05-03T13:41:11","slug":"video-oracion-regina-caeli-papa-leon-xiv-3-de-mayo-de-2026","status":"publish","type":"post","link":"https:\/\/www.opinionpublica.tv\/portada\/video-oracion-regina-caeli-papa-leon-xiv-3-de-mayo-de-2026\/","title":{"rendered":"Video: Oraci\u00f3n Regina Caeli Papa Le\u00f3n XIV | Domingo 3 de mayo 2026"},"content":{"rendered":"\n<p><a href=\"https:\/\/www.youtube.com\/@VaticanNewsES\"><\/a><\/p>\n\n\n\n<figure class=\"wp-block-embed is-type-video is-provider-youtube wp-block-embed-youtube wp-embed-aspect-16-9 wp-has-aspect-ratio\"><div class=\"wp-block-embed__wrapper\">\n<iframe title=\"Regina Caeli, 3 de mayo de 2026 - Papa Le\u00f3n XIV LSE\" width=\"800\" height=\"450\" src=\"https:\/\/www.youtube.com\/embed\/V97TTK15l1k?feature=oembed\" frameborder=\"0\" allow=\"accelerometer; autoplay; clipboard-write; encrypted-media; gyroscope; picture-in-picture; web-share\" referrerpolicy=\"strict-origin-when-cross-origin\" allowfullscreen><\/iframe>\n<\/div><\/figure>\n\n\n\n<p><em>Ciudad del Vaticano<\/em>.- Desde la Plaza de San Pedro, el rezo de la Oraci\u00f3n del Regina Caeli, dirigido por el Papa Le\u00f3n XIV.<\/p>\n","protected":false},"excerpt":{"rendered":"<p>Ciudad del Vaticano.- Desde la Plaza de San Pedro, el rezo de la Oraci\u00f3n del Regina Caeli, dirigido por el Papa Le\u00f3n XIV.<\/p>\n","protected":false},"author":6,"featured_media":84452,"comment_status":"closed","ping_status":"closed","sticky":false,"template":"","format":"standard","meta":{"_acf_changed":false,"_monsterinsights_skip_tracking":false,"_monsterinsights_sitenote_active":false,"_monsterinsights_sitenote_note":"","_monsterinsights_sitenote_category":0,"slim_seo":{"title":"Video: Oraci\u00f3n Regina Caeli Papa Le\u00f3n XIV | Domingo 3 de mayo 2026 - Opini\u00f3n P\u00fablica","description":"https:\/\/www.youtube.com\/live\/V97TTK15l1k?si=AF4FB-AihB9LUsWj Ciudad del Vaticano .- Desde la Plaza de San Pedro, el rezo de la Oraci\u00f3n del Regina Caeli, dirigid"},"footnotes":""},"categories":[2,13,8],"tags":[1621,3023,1130],"class_list":["post-84449","post","type-post","status-publish","format-standard","has-post-thumbnail","hentry","category-videos-destacados","category-videos-destacados-contenido","category-videos","tag-ciudad-del-vaticano","tag-oracion-regina-caeli","tag-papa-leon-xiv"],"acf":[],"_links":{"self":[{"href":"https:\/\/www.opinionpublica.tv\/portada\/wp-json\/wp\/v2\/posts\/84449","targetHints":{"allow":["GET"]}}],"collection":[{"href":"https:\/\/www.opinionpublica.tv\/portada\/wp-json\/wp\/v2\/posts"}],"about":[{"href":"https:\/\/www.opinionpublica.tv\/portada\/wp-json\/wp\/v2\/types\/post"}],"author":[{"embeddable":true,"href":"https:\/\/www.opinionpublica.tv\/portada\/wp-json\/wp\/v2\/users\/6"}],"replies":[{"embeddable":true,"href":"https:\/\/www.opinionpublica.tv\/portada\/wp-json\/wp\/v2\/comments?post=84449"}],"version-history":[{"count":2,"href":"https:\/\/www.opinionpublica.tv\/portada\/wp-json\/wp\/v2\/posts\/84449\/revisions"}],"predecessor-version":[{"id":84451,"href":"https:\/\/www.opinionpublica.tv\/portada\/wp-json\/wp\/v2\/posts\/84449\/revisions\/84451"}],"wp:featuredmedia":[{"embeddable":true,"href":"https:\/\/www.opinionpublica.tv\/portada\/wp-json\/wp\/v2\/media\/84452"}],"wp:attachment":[{"href":"https:\/\/www.opinionpublica.tv\/portada\/wp-json\/wp\/v2\/media?parent=84449"}],"wp:term":[{"taxonomy":"category","embeddable":true,"href":"https:\/\/www.opinionpublica.tv\/portada\/wp-json\/wp\/v2\/categories?post=84449"},{"taxonomy":"post_tag","embeddable":true,"href":"https:\/\/www.opinionpublica.tv\/portada\/wp-json\/wp\/v2\/tags?post=84449"}],"curies":[{"name":"wp","href":"https:\/\/api.w.org\/{rel}","templated":true}]}}