{"id":84436,"date":"2026-05-03T00:01:00","date_gmt":"2026-05-03T06:01:00","guid":{"rendered":"https:\/\/www.opinionpublica.tv\/portada\/?p=84436"},"modified":"2026-05-02T20:43:48","modified_gmt":"2026-05-03T02:43:48","slug":"efemerides-3-de-mayo-un-dia-como-hoy-en-la-historia","status":"publish","type":"post","link":"https:\/\/www.opinionpublica.tv\/portada\/efemerides-3-de-mayo-un-dia-como-hoy-en-la-historia\/","title":{"rendered":"Efem\u00e9rides 3 de mayo | Un d\u00eda como hoy en la historia&#8230;"},"content":{"rendered":"\n<p><em>Un d\u00eda 3 de mayo como hoy, pero de 1979, el Partido Conservador gana las elecciones generales en el Reino Unido y su l\u00edder, Margaret Thatcher, se convierte en la primera mujer en Europa que ocupa el puesto de primer ministro<\/em>.<\/p>\n\n\n\n<figure class=\"wp-block-image size-full\"><img fetchpriority=\"high\" decoding=\"async\" width=\"831\" height=\"485\" src=\"https:\/\/www.opinionpublica.tv\/portada\/wp-content\/uploads\/2026\/05\/1979-el-Partido-Conservador-gana-las-elecciones-generales-en-el-Reino-Unido-y-su-lider-Margaret-Thatcher-se-convierte-en-la-primera-mujer-en-Europa-que-ocupa-el-puesto-de-primer-ministro.jpg\" alt=\"1979, el partido conservador gana las elecciones generales en el reino unido y su li\u0301der, margaret thatcher, se convierte en la primera mujer en europa que ocupa el puesto de primer ministro\" class=\"wp-image-84437\" srcset=\"https:\/\/www.opinionpublica.tv\/portada\/wp-content\/uploads\/2026\/05\/1979-el-Partido-Conservador-gana-las-elecciones-generales-en-el-Reino-Unido-y-su-lider-Margaret-Thatcher-se-convierte-en-la-primera-mujer-en-Europa-que-ocupa-el-puesto-de-primer-ministro.jpg 831w, https:\/\/www.opinionpublica.tv\/portada\/wp-content\/uploads\/2026\/05\/1979-el-Partido-Conservador-gana-las-elecciones-generales-en-el-Reino-Unido-y-su-lider-Margaret-Thatcher-se-convierte-en-la-primera-mujer-en-Europa-que-ocupa-el-puesto-de-primer-ministro-300x175.jpg 300w, https:\/\/www.opinionpublica.tv\/portada\/wp-content\/uploads\/2026\/05\/1979-el-Partido-Conservador-gana-las-elecciones-generales-en-el-Reino-Unido-y-su-lider-Margaret-Thatcher-se-convierte-en-la-primera-mujer-en-Europa-que-ocupa-el-puesto-de-primer-ministro-768x448.jpg 768w\" sizes=\"(max-width: 831px) 100vw, 831px\" \/><\/figure>\n\n\n\n<p><strong>Otras efem\u00e9rides<\/strong><\/p>\n\n\n\n<p>1493.- El Papa Alejandro VI promulga una bula por la que se delimita la zona de descubrimientos de espa\u00f1oles y portugueses.<\/p>\n\n\n\n<p>1814.- Napole\u00f3n llega a la isla de Elba, para cumplir el exilio acordado en el Tratado de Fontainebleau.<\/p>\n\n\n\n<p>1844.- El general Narv\u00e1ez ocupa por primera vez la presidencia del gobierno espa\u00f1ol, y con \u00e9l se inicia la d\u00e9cada moderada.<\/p>\n\n\n\n<p>1919.- Se celebra la primera edici\u00f3n del Sal\u00f3n Internacional del Autom\u00f3vil de Barcelona.<\/p>\n\n\n\n<p>1926.- Comienza en Reino Unido la mayor huelga general del siglo XX, en apoyo a los mineros, que se prolong\u00f3 nueve d\u00edas.<\/p>\n\n\n\n<p>1937.- La Guardia de asalto intenta tomar la sede de la Telef\u00f3nica en Barcelona, controlada por la CNT, suceso que desemboc\u00f3 en los \u00absucesos de mayo\u00bb, en los que murieron 400 personas.<\/p>\n\n\n\n<p>1947.- En Jap\u00f3n, entra en vigor la Constituci\u00f3n de la posguerra, que despoja de poder al emperador, prev\u00e9 el sufragio universal y proh\u00edbe al pa\u00eds entrar en otro conflicto b\u00e9lico.<\/p>\n\n\n\n<p>1948.- El dramaturgo estadounidense Tennessee Williams gana el premio Pulitzer por su obra teatral \u00abUn tranv\u00eda llamado Deseo\u00bb.<\/p>\n\n\n\n<p>1949.- EEUU lanza el primer cohete sonda, el Viking, que se eleva a 80 mil &nbsp;metros de altura.<\/p>\n\n\n\n<p>1965.- Se lleva a cabo la primera transmisi\u00f3n de TV por sat\u00e9lite.<\/p>\n\n\n\n<p>1966.- El \u00abTimes\u00bb publica por primera vez las noticias en primera plana y suprime la tradicional presentaci\u00f3n en peque\u00f1os anuncios.<\/p>\n\n\n\n<p>1991.- El Consejo de Ministros aprueba la Corporaci\u00f3n Bancaria de Espa\u00f1a, SA., que aglutinar\u00e1 las participaciones del Estado en las distintas entidades bancarias p\u00fablicas y se convertir\u00e1 en el mayor grupo financiero espa\u00f1ol.<\/p>\n\n\n\n<p>1996.- El fil\u00f3sofo espa\u00f1ol Juli\u00e1n Mar\u00edas y el periodista italiano Indro Montanelli ganan, compartido, el premio \u00abPr\u00edncipe de Asturias\u00bb de Comunicaci\u00f3n y Humanidades.<\/p>\n\n\n\n<p>2001.- EEUU pierde su esca\u00f1o en la Comisi\u00f3n de Derechos Humanos de Naciones Unidas, por primera vez desde 1947.<\/p>\n\n\n\n<p>2007.- Desaparece la ni\u00f1a brit\u00e1nica Madeleine McCann cuando dorm\u00eda junto a sus hermanos en un apartamento del Algarve portugu\u00e9s.<\/p>\n\n\n\n<p>2010.- Las aerol\u00edneas estadounidenses United Airlines y Continental anuncian el acuerdo definitivo para su fusi\u00f3n, dando lugar al mayor grupo de transporte a\u00e9reo del mundo.<\/p>\n\n\n\n<p>2016.- Un total de 101 refugiados sirios llegan a Roma desde Beirut dentro de la iniciativa de los \u00abpasillos humanitarios\u00bb lanzada por el movimiento cat\u00f3lico de la Comunidad de San Egidio.<\/p>\n\n\n\n<p>2018.- ETA anuncia, en un comunicado, el \u00abfinal de su trayectoria\u00bb y el \u00abdesmantelamiento\u00bb total \u00abdel conjunto de sus estructuras\u00bb.<\/p>\n\n\n\n<p>2021.- Bill y Melinda Gates anuncian su divorcio tras 27 a\u00f1os de matrimonio.<\/p>\n\n\n\n<p>2022.- Guerra Ucrania: Rusia inicia el asalto final a la acer\u00eda Azovstal, en Mari\u00fapol.<\/p>\n\n\n\n<p>2023.- Un joven de 13 a\u00f1os tirotea mortalmente a nueve personas, entre ellas ocho menores, en un colegio de Belgrado.<\/p>\n\n\n\n<p><strong>Nacimientos<\/strong><\/p>\n\n\n\n<p>1469.- Nicol\u00e1s Maquiavelo, escritor e historiador florentino, autor de \u00abEl Pr\u00edncipe\u00bb.<\/p>\n\n\n\n<p>1839.- Johan Fastenrath, hispan\u00f3filo alem\u00e1n, creador de los premios de la Academia Espa\u00f1ola que llevan su nombre.<\/p>\n\n\n\n<p>1903.- Bing Crosby, actor y cantante estadounidense.<\/p>\n\n\n\n<p>1914.- Mart\u00edn de Riquer, fil\u00f3logo y acad\u00e9mico espa\u00f1ol.<\/p>\n\n\n\n<p>1921.- Ray \u00abSugar\u00bb Robinson, boxeador estadounidense.<\/p>\n\n\n\n<p>1933.- Steven Weinberg, investigador estadounidense, P. Nobel de F\u00edsica 1979.<\/p>\n\n\n\n<p>1934.- Georges Moustaki, compositor-int\u00e9rprete greco-franc\u00e9s, nacido en Egipto.<\/p>\n\n\n\n<p>1945.- Roberto Verino, dise\u00f1ador de moda espa\u00f1ol.<\/p>\n\n\n\n<p>1950.- Gabriel Albiac, fil\u00f3sofo espa\u00f1ol.<\/p>\n\n\n\n<p>1973.- Lourdes Maldonado, periodista espa\u00f1ola.<\/p>\n\n\n\n<p><strong>Defunciones<\/strong><\/p>\n\n\n\n<p>1975.- Julio \u00c1lvarez del Vayo, pol\u00edtico republicano espa\u00f1ol.<\/p>\n\n\n\n<p>1987.- Dalida, cantante francesa.<\/p>\n\n\n\n<p>1991.- Jerzy Kosinsky, escritor estadounidense, de origen polaco.<\/p>\n\n\n\n<p>1997.- Narciso Yepes, guitarrista espa\u00f1ol.<\/p>\n\n\n\n<p>1998.- Ren\u00e9 M\u00fagica, cineasta y escritor argentino.<\/p>\n\n\n\n<p>2000.- John O&#8217;Connor, arzobispo de Nueva York.<\/p>\n\n\n\n<p>2002.- Yevgueni Svetlanov, director de orquesta ruso.<\/p>\n\n\n\n<p>2008.- Leopoldo Calvo Sotelo, expresidente del Gobierno espa\u00f1ol.<\/p>\n\n\n\n<p>2009.- Sebasti\u00e1n Barcel\u00f3, empresario espa\u00f1ol, cofundador del Grupo Barcel\u00f3.<\/p>\n\n\n\n<p>2012.- Emmanuella Dampierre, exesposa del infante don Jaime de Borb\u00f3n.<\/p>\n\n\n\n<p>2020.- Miguel Ors, periodista deportivo espa\u00f1ol.<\/p>\n\n\n\n<p>2023.- Francisco Paesa, esp\u00eda espa\u00f1ol.<\/p>\n","protected":false},"excerpt":{"rendered":"<p>Un d\u00eda 3 de mayo como hoy, pero de 1979, el Partido Conservador gana las elecciones generales en el Reino Unido y su l\u00edder, Margaret Thatcher, se convierte en la primera mujer en Europa que ocupa el puesto de primer ministro. Otras efem\u00e9rides 1493.- El Papa Alejandro VI promulga una bula por la que se [&hellip;]<\/p>\n","protected":false},"author":6,"featured_media":84437,"comment_status":"closed","ping_status":"closed","sticky":false,"template":"","format":"standard","meta":{"_acf_changed":false,"_monsterinsights_skip_tracking":false,"_monsterinsights_sitenote_active":false,"_monsterinsights_sitenote_note":"","_monsterinsights_sitenote_category":0,"slim_seo":{"title":"Efem\u00e9rides 3 de mayo | Un d\u00eda como hoy en la historia... - Opini\u00f3n P\u00fablica","description":"Un d\u00eda 3 de mayo como hoy, pero de 1979, el Partido Conservador gana las elecciones generales en el Reino Unido y su l\u00edder, Margaret Thatcher, se convierte en l"},"footnotes":""},"categories":[27],"tags":[3249,3250],"class_list":["post-84436","post","type-post","status-publish","format-standard","has-post-thumbnail","hentry","category-un-dia-como-hoy","tag-efemerides-3-de-mayo","tag-margaret-thatcher"],"acf":[],"_links":{"self":[{"href":"https:\/\/www.opinionpublica.tv\/portada\/wp-json\/wp\/v2\/posts\/84436","targetHints":{"allow":["GET"]}}],"collection":[{"href":"https:\/\/www.opinionpublica.tv\/portada\/wp-json\/wp\/v2\/posts"}],"about":[{"href":"https:\/\/www.opinionpublica.tv\/portada\/wp-json\/wp\/v2\/types\/post"}],"author":[{"embeddable":true,"href":"https:\/\/www.opinionpublica.tv\/portada\/wp-json\/wp\/v2\/users\/6"}],"replies":[{"embeddable":true,"href":"https:\/\/www.opinionpublica.tv\/portada\/wp-json\/wp\/v2\/comments?post=84436"}],"version-history":[{"count":2,"href":"https:\/\/www.opinionpublica.tv\/portada\/wp-json\/wp\/v2\/posts\/84436\/revisions"}],"predecessor-version":[{"id":84439,"href":"https:\/\/www.opinionpublica.tv\/portada\/wp-json\/wp\/v2\/posts\/84436\/revisions\/84439"}],"wp:featuredmedia":[{"embeddable":true,"href":"https:\/\/www.opinionpublica.tv\/portada\/wp-json\/wp\/v2\/media\/84437"}],"wp:attachment":[{"href":"https:\/\/www.opinionpublica.tv\/portada\/wp-json\/wp\/v2\/media?parent=84436"}],"wp:term":[{"taxonomy":"category","embeddable":true,"href":"https:\/\/www.opinionpublica.tv\/portada\/wp-json\/wp\/v2\/categories?post=84436"},{"taxonomy":"post_tag","embeddable":true,"href":"https:\/\/www.opinionpublica.tv\/portada\/wp-json\/wp\/v2\/tags?post=84436"}],"curies":[{"name":"wp","href":"https:\/\/api.w.org\/{rel}","templated":true}]}}