{"id":8443,"date":"2016-11-22T07:00:00","date_gmt":"2016-11-22T06:00:00","guid":{"rendered":"https:\/\/www.opinionpublica.tv\/portada\/2016\/11\/22\/el-peso-se-recupera-frente-al-dolar\/"},"modified":"2016-11-22T07:00:00","modified_gmt":"2016-11-22T06:00:00","slug":"el-peso-se-recupera-frente-al-dolar","status":"publish","type":"post","link":"https:\/\/www.opinionpublica.tv\/portada\/el-peso-se-recupera-frente-al-dolar\/","title":{"rendered":"El peso se recupera frente al d\u00f3lar"},"content":{"rendered":"<p><img fetchpriority=\"high\" decoding=\"async\" class=\" size-full wp-image-8442\" src=\"https:\/\/www.opinionpublica.tv\/portada\/wp-content\/uploads\/2016\/11\/5745900227f93f823fe70e5cb5bc5576.jpg\" alt=\"\" width=\"631\" height=\"407\" srcset=\"https:\/\/www.opinionpublica.tv\/portada\/wp-content\/uploads\/2016\/11\/5745900227f93f823fe70e5cb5bc5576.jpg 631w, https:\/\/www.opinionpublica.tv\/portada\/wp-content\/uploads\/2016\/11\/5745900227f93f823fe70e5cb5bc5576-300x194.jpg 300w\" sizes=\"(max-width: 631px) 100vw, 631px\" \/><br \/>\n<!--more--><\/p>\n<p style=\"text-align: justify;\">El peso mexicano se aprecia este martes apoyado por los precios del petr\u00f3leo, que alcanzaron sus m\u00e1ximos desde octubre, y luego de que el presidente electo de Estados Unidos revelara sus planes para sus primeros 100 d\u00edas de gobierno.<\/p>\n<p style=\"text-align: justify;\">\u201cLas ganancias observadas por la divisa mexicana fueron impulsadas, luego de que el presidente electo, Donald Trump, revelara sus planes para los primeros 100 d\u00edas en el cargo, la noche del lunes, en donde algunas de sus propuestas como la construcci\u00f3n de un muro entre Estados Unidos y M\u00e9xico, as\u00ed como la revocaci\u00f3n del acuerdo nuclear con Ir\u00e1n y el Obamacare, quedaron ausentes de la lista\u201d, explic\u00f3 la directora de an\u00e1lisis econ\u00f3mico financiero, Gabriela Siller, en su reporte matutino.<\/p>\n<p style=\"text-align: justify;\">En ventanillas de Citibanamex, el billete verde se vende en 20.70 pesos, 20 centavos menos ante el cierre del viernes. A la compra, se coloca en 19.95 unidades.<\/p>\n<p style=\"text-align: justify;\">Al mayoreo, el d\u00f3lar se vende en 20.37 unidades , lo que representa para la moneda nacional una apreciaci\u00f3n de 1.05% respecto al cierre del viernes, seg\u00fan datos de Citibanamex y el Banco de M\u00e9xico.<\/p>\n<p style=\"text-align: justify;\">Los tres principales \u00edndices accionarios de Estados Unidos operan en m\u00e1ximos hist\u00f3ricos, porque se prolonga la corriente alcista poselectoral y los inversores compran en un mercado que se espera que se beneficie de las pol\u00edticas pro-crecimiento del presidente electo Donald Trump, indic\u00f3 Reuters.<\/p>\n<p style=\"text-align: justify;\">El Dow Jones gana 0.21% hasta las 18,995 unidades, el Nasdaq crece 0.36% hasta los 5,388 puntos y el Standard &amp; Poor\u2019s 500 crece 0.20% para colocarse en 2,202 unidades.<\/p>\n<p style=\"text-align: justify;\">La Bolsa mexicana gana por compras de oportunidad despu\u00e9s de tocar su nivel m\u00e1s bajo desde finales de junio e hilar cuatro ca\u00eddas semanales.<\/p>\n<p style=\"text-align: justify;\">El \u00cdndice de Precios y Cotizaciones, que agrupa a las principales emisoras de la plaza, sube 0.40% a 44,533 puntos.<\/p>\n","protected":false},"excerpt":{"rendered":"","protected":false},"author":1,"featured_media":8442,"comment_status":"open","ping_status":"open","sticky":false,"template":"","format":"standard","meta":{"_acf_changed":false,"_monsterinsights_skip_tracking":false,"slim_seo":{"title":"El peso se recupera frente al d\u00f3lar - Opini\u00f3n P\u00fablica","description":"El peso mexicano se aprecia este martes apoyado por los precios del petr\u00f3leo, que alcanzaron sus m\u00e1ximos desde octubre, y luego de que el presidente electo de E"},"footnotes":""},"categories":[9],"tags":[],"class_list":["post-8443","post","type-post","status-publish","format-standard","has-post-thumbnail","hentry","category-nacional"],"acf":[],"_links":{"self":[{"href":"https:\/\/www.opinionpublica.tv\/portada\/wp-json\/wp\/v2\/posts\/8443","targetHints":{"allow":["GET"]}}],"collection":[{"href":"https:\/\/www.opinionpublica.tv\/portada\/wp-json\/wp\/v2\/posts"}],"about":[{"href":"https:\/\/www.opinionpublica.tv\/portada\/wp-json\/wp\/v2\/types\/post"}],"author":[{"embeddable":true,"href":"https:\/\/www.opinionpublica.tv\/portada\/wp-json\/wp\/v2\/users\/1"}],"replies":[{"embeddable":true,"href":"https:\/\/www.opinionpublica.tv\/portada\/wp-json\/wp\/v2\/comments?post=8443"}],"version-history":[{"count":0,"href":"https:\/\/www.opinionpublica.tv\/portada\/wp-json\/wp\/v2\/posts\/8443\/revisions"}],"wp:featuredmedia":[{"embeddable":true,"href":"https:\/\/www.opinionpublica.tv\/portada\/wp-json\/wp\/v2\/media\/8442"}],"wp:attachment":[{"href":"https:\/\/www.opinionpublica.tv\/portada\/wp-json\/wp\/v2\/media?parent=8443"}],"wp:term":[{"taxonomy":"category","embeddable":true,"href":"https:\/\/www.opinionpublica.tv\/portada\/wp-json\/wp\/v2\/categories?post=8443"},{"taxonomy":"post_tag","embeddable":true,"href":"https:\/\/www.opinionpublica.tv\/portada\/wp-json\/wp\/v2\/tags?post=8443"}],"curies":[{"name":"wp","href":"https:\/\/api.w.org\/{rel}","templated":true}]}}