{"id":84429,"date":"2026-05-03T00:01:00","date_gmt":"2026-05-03T06:01:00","guid":{"rendered":"https:\/\/www.opinionpublica.tv\/portada\/?p=84429"},"modified":"2026-05-02T16:52:38","modified_gmt":"2026-05-02T22:52:38","slug":"netflix-se-redisena-y-ahora-apuesta-por-produccion-de-video-vertical-en-su-app-movil","status":"publish","type":"post","link":"https:\/\/www.opinionpublica.tv\/portada\/netflix-se-redisena-y-ahora-apuesta-por-produccion-de-video-vertical-en-su-app-movil\/","title":{"rendered":"Netflix se redise\u00f1a y ahora apuesta por producci\u00f3n de video vertical en su app m\u00f3vil"},"content":{"rendered":"\n<figure class=\"wp-block-image size-large\"><img fetchpriority=\"high\" decoding=\"async\" width=\"1024\" height=\"631\" src=\"https:\/\/www.opinionpublica.tv\/portada\/wp-content\/uploads\/2026\/05\/Netflix-se-redisena-y-ahora-apuesta-por-produccion-de-video-vertical-en-su-app-movil-1024x631.avif\" alt=\"Netflix se redisen\u0303a y ahora apuesta por produccio\u0301n de video vertical en su app mo\u0301vil\" class=\"wp-image-84432\" srcset=\"https:\/\/www.opinionpublica.tv\/portada\/wp-content\/uploads\/2026\/05\/Netflix-se-redisena-y-ahora-apuesta-por-produccion-de-video-vertical-en-su-app-movil-1024x631.avif 1024w, https:\/\/www.opinionpublica.tv\/portada\/wp-content\/uploads\/2026\/05\/Netflix-se-redisena-y-ahora-apuesta-por-produccion-de-video-vertical-en-su-app-movil-300x185.avif 300w, https:\/\/www.opinionpublica.tv\/portada\/wp-content\/uploads\/2026\/05\/Netflix-se-redisena-y-ahora-apuesta-por-produccion-de-video-vertical-en-su-app-movil-768x474.avif 768w, https:\/\/www.opinionpublica.tv\/portada\/wp-content\/uploads\/2026\/05\/Netflix-se-redisena-y-ahora-apuesta-por-produccion-de-video-vertical-en-su-app-movil.avif 1080w\" sizes=\"(max-width: 1024px) 100vw, 1024px\" \/><\/figure>\n\n\n\n<p>En medio de la evoluci\u00f3n del consumo digital, Netflix present\u00f3 una renovaci\u00f3n clave en su aplicaci\u00f3n m\u00f3vil: una nueva navegaci\u00f3n y el lanzamiento de \u00abClips\u00bb, un feed de video vertical dise\u00f1ado para transformar la forma en que los usuarios descubren series, pel\u00edculas y contenido en la plataforma.<\/p>\n\n\n\n<p>El anuncio marca lo que la compa\u00f1\u00eda describe como \u00abel inicio de una nueva etapa en el entretenimiento m\u00f3vil, con una experiencia m\u00e1s din\u00e1mica, personalizada y adaptada a los h\u00e1bitos actuales\u00bb.<\/p>\n\n\n\n<p>Con este redise\u00f1o, Netflix busca responder a ese comportamiento: una app m\u00e1s fluida, pensada para momentos cortos del d\u00eda, como pausas o traslados, donde elegir qu\u00e9 ver debe ser r\u00e1pido, intuitivo y hasta entretenido.<\/p>\n\n\n\n<p>Qu\u00e9 es \u201cClips\u201d y c\u00f3mo funciona<\/p>\n\n\n\n<p>La gran apuesta es \u00abClips\u00bb, un feed vertical similar al de otras redes sociales como Reels de Instagram o los videos de TikTok, donde los usuarios pueden desplazarse entre fragmentos de contenido de la plataforma, tales como:<\/p>\n\n\n\n<p>Escenas de series y pel\u00edculas<\/p>\n\n\n\n<p>Momentos destacados de contenido en vivo<\/p>\n\n\n\n<p>Detr\u00e1s de c\u00e1maras y clips exclusivos<\/p>\n\n\n\n<p>Cada video est\u00e1 personalizado seg\u00fan los gustos del usuario, lo que permite que el algoritmo no solo recomiende t\u00edtulos, sino momentos espec\u00edficos que podr\u00edan detonar su inter\u00e9s.<\/p>\n\n\n\n<p>Adem\u00e1s, desde cada clip se puede:<\/p>\n\n\n\n<p>A\u00f1adir contenido a \u201cMi lista\u201d<\/p>\n\n\n\n<p>Compartirlo<\/p>\n\n\n\n<p>Acceder directamente a la p\u00e1gina del t\u00edtulo<\/p>\n\n\n\n<p>La experiencia se complementa con elementos visuales como sinopsis, etiquetas de g\u00e9nero y barras de progreso para contextualizar cada fragmento.<\/p>\n\n\n\n<p>Una app pensada para descubrir<\/p>\n\n\n\n<p>El redise\u00f1o tambi\u00e9n introduce una nueva barra de navegaci\u00f3n superior, que organiza el contenido por tipo de entretenimiento y facilita el acceso a funciones clave como b\u00fasqueda, listas guardadas y el propio feed de Clips.<\/p>\n\n\n\n<p>Detr\u00e1s de este cambio hay un insight claro: \u00abelegir qu\u00e9 ver se ha vuelto m\u00e1s complicado ante la sobreoferta de contenido\u00bb. Por ello, Netflix busca que el proceso de descubrimiento sea m\u00e1s \u00e1gil y atractivo, utilizando el video como eje principal.<\/p>\n\n\n\n<p>Uno de los diferenciales es la \u00abpersonalizaci\u00f3n a nivel de clip\u00bb. Esto significa que dos usuarios con intereses similares pueden ver recomendaciones distintas seg\u00fan su comportamiento dentro de la app.<\/p>\n\n\n\n<p>El sistema aprende con el tiempo, ajustando el contenido mostrado para hacerlo m\u00e1s relevante y aumentar la probabilidad de interacci\u00f3n.<\/p>\n\n\n\n<p>Este nuevo redise\u00f1o se ir\u00e1 implementando de manera gradual en varias partes del mundo. En M\u00e9xico, se espera que a partir de los siguientes meses llegue la actualizaci\u00f3n a M\u00e9xico.<\/p>\n\n\n\n<p>Lo que viene: colecciones tem\u00e1ticas<\/p>\n\n\n\n<p>Como parte de esta evoluci\u00f3n, la plataforma adelant\u00f3 que en los pr\u00f3ximos meses comenzar\u00e1 a probar \u201ccolecciones tem\u00e1ticas\u201d, una funci\u00f3n que permitir\u00e1 explorar contenido por g\u00e9neros, formatos o estados de \u00e1nimo.<\/p>\n\n\n\n<p>Desde clips de reality shows hasta detr\u00e1s de c\u00e1maras o contenido espec\u00edfico, estas colecciones buscan ampliar las rutas de descubrimiento dentro de la app.<\/p>\n\n\n\n<p><em>Con informaci\u00f3n de El Universal<\/em>.<\/p>\n","protected":false},"excerpt":{"rendered":"<p>En medio de la evoluci\u00f3n del consumo digital, Netflix present\u00f3 una renovaci\u00f3n clave en su aplicaci\u00f3n m\u00f3vil: una nueva navegaci\u00f3n y el lanzamiento de \u00abClips\u00bb, un feed de video vertical dise\u00f1ado para transformar la forma en que los usuarios descubren series, pel\u00edculas y contenido en la plataforma. El anuncio marca lo que la compa\u00f1\u00eda describe [&hellip;]<\/p>\n","protected":false},"author":6,"featured_media":84432,"comment_status":"closed","ping_status":"closed","sticky":false,"template":"","format":"standard","meta":{"_acf_changed":false,"_monsterinsights_skip_tracking":false,"_monsterinsights_sitenote_active":false,"_monsterinsights_sitenote_note":"","_monsterinsights_sitenote_category":0,"slim_seo":{"title":"Netflix se redise\u00f1a y ahora apuesta por producci\u00f3n de video vertical en su app m\u00f3vil - Opini\u00f3n P\u00fablica","description":"En medio de la evoluci\u00f3n del consumo digital, Netflix present\u00f3 una renovaci\u00f3n clave en su aplicaci\u00f3n m\u00f3vil: una nueva navegaci\u00f3n y el lanzamiento de \"Clips\", un"},"footnotes":""},"categories":[22],"tags":[741,3248],"class_list":["post-84429","post","type-post","status-publish","format-standard","has-post-thumbnail","hentry","category-ciencia-y-tecnologia","tag-netflix","tag-video-vertical"],"acf":[],"_links":{"self":[{"href":"https:\/\/www.opinionpublica.tv\/portada\/wp-json\/wp\/v2\/posts\/84429","targetHints":{"allow":["GET"]}}],"collection":[{"href":"https:\/\/www.opinionpublica.tv\/portada\/wp-json\/wp\/v2\/posts"}],"about":[{"href":"https:\/\/www.opinionpublica.tv\/portada\/wp-json\/wp\/v2\/types\/post"}],"author":[{"embeddable":true,"href":"https:\/\/www.opinionpublica.tv\/portada\/wp-json\/wp\/v2\/users\/6"}],"replies":[{"embeddable":true,"href":"https:\/\/www.opinionpublica.tv\/portada\/wp-json\/wp\/v2\/comments?post=84429"}],"version-history":[{"count":2,"href":"https:\/\/www.opinionpublica.tv\/portada\/wp-json\/wp\/v2\/posts\/84429\/revisions"}],"predecessor-version":[{"id":84433,"href":"https:\/\/www.opinionpublica.tv\/portada\/wp-json\/wp\/v2\/posts\/84429\/revisions\/84433"}],"wp:featuredmedia":[{"embeddable":true,"href":"https:\/\/www.opinionpublica.tv\/portada\/wp-json\/wp\/v2\/media\/84432"}],"wp:attachment":[{"href":"https:\/\/www.opinionpublica.tv\/portada\/wp-json\/wp\/v2\/media?parent=84429"}],"wp:term":[{"taxonomy":"category","embeddable":true,"href":"https:\/\/www.opinionpublica.tv\/portada\/wp-json\/wp\/v2\/categories?post=84429"},{"taxonomy":"post_tag","embeddable":true,"href":"https:\/\/www.opinionpublica.tv\/portada\/wp-json\/wp\/v2\/tags?post=84429"}],"curies":[{"name":"wp","href":"https:\/\/api.w.org\/{rel}","templated":true}]}}