{"id":84426,"date":"2026-05-03T00:01:00","date_gmt":"2026-05-03T06:01:00","guid":{"rendered":"https:\/\/www.opinionpublica.tv\/portada\/?p=84426"},"modified":"2026-05-02T16:21:03","modified_gmt":"2026-05-02T22:21:03","slug":"autonomia-e-imparcialidad","status":"publish","type":"post","link":"https:\/\/www.opinionpublica.tv\/portada\/autonomia-e-imparcialidad\/","title":{"rendered":"Autonom\u00eda e imparcialidad"},"content":{"rendered":"\n<h4 class=\"wp-block-heading\">Jos\u00e9 Woldenberg<\/h4>\n\n\n\n<p>___________________________<\/p>\n\n\n\n<p>\u201cEl c\u00f3mo es parte constitutiva del qu\u00e9\u201d.<\/p>\n\n\n\n<p>-Flavia Freidenberg<\/p>\n\n\n\n<p>Luego de la profunda crisis post electoral de 1988 fue claro que M\u00e9xico no pod\u00eda ir a otros comicios con las mismas instituciones. Era imprescindible construir confianza para que las elecciones fueran cre\u00edbles y los ganadores apreciados como leg\u00edtimos.<\/p>\n\n\n\n<p>La reforma de 1989-90 se hizo cargo del asunto. La Comisi\u00f3n Federal Electoral fue arrojada al cesto de la basura y se invent\u00f3 un nuevo organismo, el Instituto Federal Electoral, encargado de la organizaci\u00f3n de las elecciones federales. Su m\u00e1xima autoridad ser\u00eda su Consejo General y en su conformaci\u00f3n (barroca) se intent\u00f3 ofrecer garant\u00edas de imparcialidad, \u00fanica forma de inyectar confianza en los comicios.<\/p>\n\n\n\n<p>La presidir\u00eda el secretario de Gobernaci\u00f3n, dos senadores (uno de la mayor\u00eda y otro de la primera minor\u00eda), dos diputados (igual), representantes de los partidos de manera proporcional (entre 4 y 1 seg\u00fan su votaci\u00f3n) (en la CFE \u00faltima el PRI hab\u00eda tenido 16 representantes de un total de 31) y lo que fue una novedad: seis consejeros magistrados, propuestos por el presidente de la Rep\u00fablica y aprobados por mayor\u00eda calificada en la C\u00e1mara de Diputados a los que se pensaba como el fiel de la balanza.<\/p>\n\n\n\n<p>Luego, result\u00f3 evidente que no solo los representantes de los partidos eran parciales (no pod\u00eda ser de otra manera), sino tambi\u00e9n los consejeros de las instituciones estatales (que bajo la camiseta institucional ten\u00edan la de alg\u00fan partido). Por ello, en 1994 los representantes de los partidos perdieron su voto en el Consejo y cada uno solo tendr\u00eda un representante.<\/p>\n\n\n\n<p>Los consejeros magistrados fueron remplazados por consejeros ciudadanos, que ya no ser\u00edan propuestos por el presidente, sino por los grupos parlamentarios en la C\u00e1mara de Diputados y se requer\u00eda de una votaci\u00f3n calificada para su aprobaci\u00f3n. Y dado que ning\u00fan partido ten\u00eda el 66.7% de los esca\u00f1os eran imprescindibles negociaci\u00f3n y acuerdo. A partir de entonces, la mayor\u00eda de los votos (6 de 11) estaban en manos de esos consejeros.<\/p>\n\n\n\n<p>Fue en 1996 cuando el secretario de Gobernaci\u00f3n (y con \u00e9l el gobierno) sali\u00f3 del IFE y los consejeros del Poder Legislativo perdieron su voto. Solo los ahora llamados consejeros electorales decidir\u00edan sobre el rumbo del IFE. Ser\u00edan 8 y un consejero presidente, nombrados por la C\u00e1mara de Diputados por mayor\u00eda calificada.<\/p>\n\n\n\n<p>Se buscaba con ello que las diversas fuerzas pol\u00edticas llegaran a un acuerdo, es decir, que los \u201cjugadores\u201d estuvieran de acuerdo con los \u201c\u00e1rbitros\u201d. Se subrayaba la autonom\u00eda del IFE, condici\u00f3n de su comportamiento imparcial. Eso se logr\u00f3 en los sucesivos nombramientos, salvo en aquel 2003 en el que la alianza PRI-PAN dej\u00f3 fuera al PRD-PT-Convergencia. Pero despu\u00e9s de ese desencuentro una y otra vez se forjaron acuerdos que fortalecieron la autonom\u00eda de la instituci\u00f3n.<\/p>\n\n\n\n<p>Pues bien, desde que Morena y sus aliados son mayor\u00eda en la C\u00e1mara de Diputados (y a partir de 2024 mayor\u00eda calificada espuria), les parece que ofrecer garant\u00edas de imparcialidad del \u00f3rgano electoral es un lujo innecesario.<\/p>\n\n\n\n<p>Primero acudieron a un sorteo en el cual los dados estaban cargados en la confecci\u00f3n de las quintetas, y ahora ni siquiera hicieron el esfuerzo de acordar con los partidos opositores. Los tres partidos oficialistas fueron suficientes para alcanzar el 66.7% de los votos, dejando fuera del acuerdo a PRI, PAN y MC.<\/p>\n\n\n\n<p>\u201cSer y parecer\u201d dicen que deben ser atributos de la mujer del C\u00e9sar. La actual mayor\u00eda no es y ni siquiera quiere parecer interesada en que la autoridad electoral sea imparcial, aut\u00f3noma.<\/p>\n","protected":false},"excerpt":{"rendered":"<p>Jos\u00e9 Woldenberg ___________________________ \u201cEl c\u00f3mo es parte constitutiva del qu\u00e9\u201d. -Flavia Freidenberg Luego de la profunda crisis post electoral de 1988 fue claro que M\u00e9xico no pod\u00eda ir a otros comicios con las mismas instituciones. Era imprescindible construir confianza para que las elecciones fueran cre\u00edbles y los ganadores apreciados como leg\u00edtimos. La reforma de 1989-90 [&hellip;]<\/p>\n","protected":false},"author":6,"featured_media":43694,"comment_status":"closed","ping_status":"closed","sticky":false,"template":"","format":"standard","meta":{"_acf_changed":false,"_monsterinsights_skip_tracking":false,"_monsterinsights_sitenote_active":false,"_monsterinsights_sitenote_note":"","_monsterinsights_sitenote_category":0,"slim_seo":{"title":"Autonom\u00eda e imparcialidad - Opini\u00f3n P\u00fablica","description":"Jos\u00e9 Woldenberg ___________________________ \u201cEl c\u00f3mo es parte constitutiva del qu\u00e9\u201d. -Flavia Freidenberg Luego de la profunda crisis post electoral de 1988 fue"},"footnotes":""},"categories":[26],"tags":[782],"class_list":["post-84426","post","type-post","status-publish","format-standard","has-post-thumbnail","hentry","category-de-chile-dulce-y-manteca-columna-invitada","tag-jose-woldenberg"],"acf":[],"_links":{"self":[{"href":"https:\/\/www.opinionpublica.tv\/portada\/wp-json\/wp\/v2\/posts\/84426","targetHints":{"allow":["GET"]}}],"collection":[{"href":"https:\/\/www.opinionpublica.tv\/portada\/wp-json\/wp\/v2\/posts"}],"about":[{"href":"https:\/\/www.opinionpublica.tv\/portada\/wp-json\/wp\/v2\/types\/post"}],"author":[{"embeddable":true,"href":"https:\/\/www.opinionpublica.tv\/portada\/wp-json\/wp\/v2\/users\/6"}],"replies":[{"embeddable":true,"href":"https:\/\/www.opinionpublica.tv\/portada\/wp-json\/wp\/v2\/comments?post=84426"}],"version-history":[{"count":2,"href":"https:\/\/www.opinionpublica.tv\/portada\/wp-json\/wp\/v2\/posts\/84426\/revisions"}],"predecessor-version":[{"id":84428,"href":"https:\/\/www.opinionpublica.tv\/portada\/wp-json\/wp\/v2\/posts\/84426\/revisions\/84428"}],"wp:featuredmedia":[{"embeddable":true,"href":"https:\/\/www.opinionpublica.tv\/portada\/wp-json\/wp\/v2\/media\/43694"}],"wp:attachment":[{"href":"https:\/\/www.opinionpublica.tv\/portada\/wp-json\/wp\/v2\/media?parent=84426"}],"wp:term":[{"taxonomy":"category","embeddable":true,"href":"https:\/\/www.opinionpublica.tv\/portada\/wp-json\/wp\/v2\/categories?post=84426"},{"taxonomy":"post_tag","embeddable":true,"href":"https:\/\/www.opinionpublica.tv\/portada\/wp-json\/wp\/v2\/tags?post=84426"}],"curies":[{"name":"wp","href":"https:\/\/api.w.org\/{rel}","templated":true}]}}