{"id":84421,"date":"2026-05-03T00:01:00","date_gmt":"2026-05-03T06:01:00","guid":{"rendered":"https:\/\/www.opinionpublica.tv\/portada\/?p=84421"},"modified":"2026-05-02T16:15:47","modified_gmt":"2026-05-02T22:15:47","slug":"sheinbaum-designa-a-columba-lopez-como-secretaria-de-agricultura-berdegue-al-t-mec","status":"publish","type":"post","link":"https:\/\/www.opinionpublica.tv\/portada\/sheinbaum-designa-a-columba-lopez-como-secretaria-de-agricultura-berdegue-al-t-mec\/","title":{"rendered":"Sheinbaum designa a Columba L\u00f3pez como secretaria de Agricultura"},"content":{"rendered":"\n<figure class=\"wp-block-image size-large\"><img fetchpriority=\"high\" decoding=\"async\" width=\"1024\" height=\"631\" src=\"https:\/\/www.opinionpublica.tv\/portada\/wp-content\/uploads\/2026\/05\/Sheinbaum-designa-a-Columba-Lopez-como-secretaria-de-Agricultura-Berdegue-al-T-MEC-1024x631.avif\" alt=\"Sheinbaum designa a columba lo\u0301pez como secretaria de agricultura; berdegue\u0301 al t mec\" class=\"wp-image-84423\" srcset=\"https:\/\/www.opinionpublica.tv\/portada\/wp-content\/uploads\/2026\/05\/Sheinbaum-designa-a-Columba-Lopez-como-secretaria-de-Agricultura-Berdegue-al-T-MEC-1024x631.avif 1024w, https:\/\/www.opinionpublica.tv\/portada\/wp-content\/uploads\/2026\/05\/Sheinbaum-designa-a-Columba-Lopez-como-secretaria-de-Agricultura-Berdegue-al-T-MEC-300x185.avif 300w, https:\/\/www.opinionpublica.tv\/portada\/wp-content\/uploads\/2026\/05\/Sheinbaum-designa-a-Columba-Lopez-como-secretaria-de-Agricultura-Berdegue-al-T-MEC-768x473.avif 768w, https:\/\/www.opinionpublica.tv\/portada\/wp-content\/uploads\/2026\/05\/Sheinbaum-designa-a-Columba-Lopez-como-secretaria-de-Agricultura-Berdegue-al-T-MEC.avif 1081w\" sizes=\"(max-width: 1024px) 100vw, 1024px\" \/><\/figure>\n\n\n\n<p><em>Ciudad de M\u00e9xico<\/em>.- La presidenta de M\u00e9xico, Claudia Sheinbaum Pardo, design\u00f3 a Columba Jazm\u00edn L\u00f3pez Guti\u00e9rrez como nueva secretaria de agricultura y desarrollo rural, en sustituci\u00f3n de Julio Berdegu\u00e9 Sacrist\u00e1n, quien continuar\u00e1 en el gobierno mexicano con responsabilidades estrat\u00e9gicas en materia internacional.<\/p>\n\n\n\n<p>Se detall\u00f3 que L\u00f3pez Guti\u00e9rrez \u2014ingeniera agr\u00f3noma por la Universidad Aut\u00f3noma Metropolitana (UAM) Unidad Xochimilco\u2014 cuenta con m\u00e1s de 30 a\u00f1os de experiencia en el \u00e1mbito agroecol\u00f3gico y es maestra en administraci\u00f3n p\u00fablica por el Instituto Nacional de Administraci\u00f3n P\u00fablica (INAP).<\/p>\n\n\n\n<p>Su llegada a la Secretar\u00eda de Agricultura y Desarrollo Rural (Sader) marca un hecho hist\u00f3rico al convertirse en la primera mujer en encabezar la pol\u00edtica agr\u00edcola del pa\u00eds.<\/p>\n\n\n\n<p>Antes de su nombramiento, desde marzo de 2025, se desempe\u00f1aba como subsecretaria de Inclusi\u00f3n Productiva y Desarrollo Rural en la Secretar\u00eda de Bienestar.<\/p>\n\n\n\n<p>Previamente, ocup\u00f3 diversos cargos dentro de la propia Sader, entre ellos la coordinaci\u00f3n general de Bienestar en el Campo en 2025 y la coordinaci\u00f3n general de Operaci\u00f3n Territorial en 2024.<\/p>\n\n\n\n<p>Su trayectoria incluye una etapa relevante en el \u00e1mbito local, donde entre 2018 y 2024 encabez\u00f3 la Comisi\u00f3n de Recursos Naturales y Desarrollo Rural de la Ciudad de M\u00e9xico, consolidando experiencia en pol\u00edticas p\u00fablicas enfocadas en el desarrollo sustentable y el fortalecimiento del campo.<\/p>\n\n\n\n<p>El relevo en dicha dependencia se da en un contexto clave para el sector agroalimentario, de forma espec\u00edfica por los retos asociados a la revisi\u00f3n del Tratado entre M\u00e9xico, Estados Unidos y Canad\u00e1 (T-MEC), as\u00ed como por la necesidad de fortalecer la producci\u00f3n nacional y garantizar la soberan\u00eda alimentaria.<\/p>\n\n\n\n<p>Berdegu\u00e9 apoyar\u00e1 en revisi\u00f3n del T-MEC<\/p>\n\n\n\n<p>Por su parte, Berdegu\u00e9 Sacrist\u00e1n, quien deja la titularidad de Secretar\u00eda de Agricultura y Desarrollo Rural, fue encomendado por la mandataria federal para asumir una nueva responsabilidad dentro del gobierno de M\u00e9xico: Asesorar y coordinar los asuntos agroalimentarios internacionales, adem\u00e1s de otras tareas estrat\u00e9gicas.<\/p>\n\n\n\n<p>Es egresado en Ciencias Agr\u00edcolas por la Universidad de Arizona y cuenta con un doctorado en Ciencias Sociales por la Universidad de Wageningen.<\/p>\n\n\n\n<p>Su perfil destaca por una amplia trayectoria internacional, especialmente por su labor como representante regional para Am\u00e9rica Latina y el Caribe de la Organizaci\u00f3n de las Naciones Unidas (ONU) para la Alimentaci\u00f3n y la Agricultura.<\/p>\n\n\n\n<p>Desde su nueva posici\u00f3n, el funcionario tendr\u00e1 entre sus principales encargos la defensa de los intereses del campo mexicano frente a sus socios comerciales, de manera particular en Estados Unidos y Canad\u00e1, en el marco de las negociaciones y revisiones del T-MEC.<\/p>\n\n\n\n<p>El gobierno federal subray\u00f3 que la experiencia de Julio Berdegu\u00e9 Sacrist\u00e1n en organismos internacionales ser\u00e1 clave para fortalecer la presencia de M\u00e9xico en foros globales y para enfrentar los desaf\u00edos comerciales que impactan al sector agroalimentario nacional.<\/p>\n\n\n\n<p><em>Con informaci\u00f3n de El Universal<\/em>.<\/p>\n","protected":false},"excerpt":{"rendered":"<p>Ciudad de M\u00e9xico.- La presidenta de M\u00e9xico, Claudia Sheinbaum Pardo, design\u00f3 a Columba Jazm\u00edn L\u00f3pez Guti\u00e9rrez como nueva secretaria de agricultura y desarrollo rural, en sustituci\u00f3n de Julio Berdegu\u00e9 Sacrist\u00e1n, quien continuar\u00e1 en el gobierno mexicano con responsabilidades estrat\u00e9gicas en materia internacional. Se detall\u00f3 que L\u00f3pez Guti\u00e9rrez \u2014ingeniera agr\u00f3noma por la Universidad Aut\u00f3noma Metropolitana (UAM) [&hellip;]<\/p>\n","protected":false},"author":6,"featured_media":84423,"comment_status":"closed","ping_status":"closed","sticky":false,"template":"","format":"standard","meta":{"_acf_changed":false,"_monsterinsights_skip_tracking":false,"_monsterinsights_sitenote_active":false,"_monsterinsights_sitenote_note":"","_monsterinsights_sitenote_category":0,"slim_seo":{"title":"Sheinbaum designa a Columba L\u00f3pez como secretaria de Agricultura - Opini\u00f3n P\u00fablica","description":"Ciudad de M\u00e9xico .- La presidenta de M\u00e9xico, Claudia Sheinbaum Pardo, design\u00f3 a Columba Jazm\u00edn L\u00f3pez Guti\u00e9rrez como nueva secretaria de agricultura y desarrollo"},"footnotes":""},"categories":[4],"tags":[1350,191],"class_list":["post-84421","post","type-post","status-publish","format-standard","has-post-thumbnail","hentry","category-pulsopolitico","tag-secretaria-de-agricultura","tag-tmec"],"acf":[],"_links":{"self":[{"href":"https:\/\/www.opinionpublica.tv\/portada\/wp-json\/wp\/v2\/posts\/84421","targetHints":{"allow":["GET"]}}],"collection":[{"href":"https:\/\/www.opinionpublica.tv\/portada\/wp-json\/wp\/v2\/posts"}],"about":[{"href":"https:\/\/www.opinionpublica.tv\/portada\/wp-json\/wp\/v2\/types\/post"}],"author":[{"embeddable":true,"href":"https:\/\/www.opinionpublica.tv\/portada\/wp-json\/wp\/v2\/users\/6"}],"replies":[{"embeddable":true,"href":"https:\/\/www.opinionpublica.tv\/portada\/wp-json\/wp\/v2\/comments?post=84421"}],"version-history":[{"count":2,"href":"https:\/\/www.opinionpublica.tv\/portada\/wp-json\/wp\/v2\/posts\/84421\/revisions"}],"predecessor-version":[{"id":84425,"href":"https:\/\/www.opinionpublica.tv\/portada\/wp-json\/wp\/v2\/posts\/84421\/revisions\/84425"}],"wp:featuredmedia":[{"embeddable":true,"href":"https:\/\/www.opinionpublica.tv\/portada\/wp-json\/wp\/v2\/media\/84423"}],"wp:attachment":[{"href":"https:\/\/www.opinionpublica.tv\/portada\/wp-json\/wp\/v2\/media?parent=84421"}],"wp:term":[{"taxonomy":"category","embeddable":true,"href":"https:\/\/www.opinionpublica.tv\/portada\/wp-json\/wp\/v2\/categories?post=84421"},{"taxonomy":"post_tag","embeddable":true,"href":"https:\/\/www.opinionpublica.tv\/portada\/wp-json\/wp\/v2\/tags?post=84421"}],"curies":[{"name":"wp","href":"https:\/\/api.w.org\/{rel}","templated":true}]}}