{"id":84415,"date":"2026-05-03T00:01:00","date_gmt":"2026-05-03T06:01:00","guid":{"rendered":"https:\/\/www.opinionpublica.tv\/portada\/?p=84415"},"modified":"2026-05-02T16:12:14","modified_gmt":"2026-05-02T22:12:14","slug":"acuerdan-coordinacion-gobierno-municipal-y-jmas-juarez-para-proximas-obras","status":"publish","type":"post","link":"https:\/\/www.opinionpublica.tv\/portada\/acuerdan-coordinacion-gobierno-municipal-y-jmas-juarez-para-proximas-obras\/","title":{"rendered":"Acuerdan coordinaci\u00f3n el Gobierno Municipal y JMAS Ju\u00e1rez para pr\u00f3ximas obras"},"content":{"rendered":"\n<figure class=\"wp-block-image size-large\"><img fetchpriority=\"high\" decoding=\"async\" width=\"1024\" height=\"768\" src=\"https:\/\/www.opinionpublica.tv\/portada\/wp-content\/uploads\/2026\/05\/Acuerdan-coordinacion-Gobierno-Municipal-y-JMAS-Juarez-para-proximas-obras-1024x768.jpeg\" alt=\"Acuerdan coordinacio\u0301n gobierno municipal y jmas jua\u0301rez para pro\u0301ximas obras\" class=\"wp-image-84418\" srcset=\"https:\/\/www.opinionpublica.tv\/portada\/wp-content\/uploads\/2026\/05\/Acuerdan-coordinacion-Gobierno-Municipal-y-JMAS-Juarez-para-proximas-obras-1024x768.jpeg 1024w, https:\/\/www.opinionpublica.tv\/portada\/wp-content\/uploads\/2026\/05\/Acuerdan-coordinacion-Gobierno-Municipal-y-JMAS-Juarez-para-proximas-obras-300x225.jpeg 300w, https:\/\/www.opinionpublica.tv\/portada\/wp-content\/uploads\/2026\/05\/Acuerdan-coordinacion-Gobierno-Municipal-y-JMAS-Juarez-para-proximas-obras-768x576.jpeg 768w, https:\/\/www.opinionpublica.tv\/portada\/wp-content\/uploads\/2026\/05\/Acuerdan-coordinacion-Gobierno-Municipal-y-JMAS-Juarez-para-proximas-obras-1536x1152.jpeg 1536w, https:\/\/www.opinionpublica.tv\/portada\/wp-content\/uploads\/2026\/05\/Acuerdan-coordinacion-Gobierno-Municipal-y-JMAS-Juarez-para-proximas-obras.jpeg 1600w\" sizes=\"(max-width: 1024px) 100vw, 1024px\" \/><\/figure>\n\n\n\n<p><em>Ciudad Ju\u00e1rez, Chih<\/em>.- La Junta de Agua y Saneamiento de Ju\u00e1rez (JMAS) sostuvo una reuni\u00f3n de trabajo con funcionarios de las direcciones de Obras P\u00fablicas y Seguridad Vial, con el objetivo de fortalecer la coordinaci\u00f3n en las pr\u00f3ximas obras e intervenciones que se realizar\u00e1n en la ciudad.<\/p>\n\n\n\n<p>Durante el encuentro, directivos de la JMAS revisaron junto con funcionarios municipales la planeaci\u00f3n de proyectos y acciones emergentes, a fin de optimizar tiempos de ejecuci\u00f3n y reducir al m\u00ednimo las afectaciones a la ciudadan\u00eda.<\/p>\n\n\n\n<p>La directora de Operaciones de la JMAS, Paola Moreno, y el director de Obras, C\u00e9sar Triana, informaron que estas mesas de trabajo se realizan de manera mensual para garantizar una mejor coordinaci\u00f3n entre ambas instancias.<\/p>\n\n\n\n<p>\u201cEn estas reuniones revisamos los trabajos que trae cada dependencia, con el objetivo de no empatar obras o, en su caso, adelantarnos a realizar intervenciones necesarias antes de que el Municipio ejecute sus proyectos\u201d, explic\u00f3 Moreno.<\/p>\n\n\n\n<p>En esta sesi\u00f3n, se analizaron particularmente los trabajos complementarios del colector Cuatro Siglos, los cuales ser\u00e1n programados en horario nocturno para disminuir el impacto en la movilidad vehicular.<\/p>\n\n\n\n<p>Asimismo, se presentaron ante las autoridades de Seguridad Vial las pr\u00f3ximas intervenciones de la JMAS, con el prop\u00f3sito de implementar estrategias que permitan mantener el flujo vehicular y prevenir afectaciones al tr\u00e1nsito.<\/p>\n\n\n\n<p>De igual forma, se revisaron obras municipales pr\u00f3ximas a iniciar, con el fin de identificar posibles acciones complementarias por parte de la JMAS antes de que se realicen trabajos de pavimentaci\u00f3n.<\/p>\n\n\n\n<p>Finalmente, las autoridades hicieron un llamado a la ciudadan\u00eda a tener paciencia ante las pr\u00f3ximas obras, destacando que estas acciones tienen como objetivo mejorar los servicios de agua y drenaje en beneficio de toda la comunidad.<\/p>\n","protected":false},"excerpt":{"rendered":"<p>Ciudad Ju\u00e1rez, Chih.- La Junta de Agua y Saneamiento de Ju\u00e1rez (JMAS) sostuvo una reuni\u00f3n de trabajo con funcionarios de las direcciones de Obras P\u00fablicas y Seguridad Vial, con el objetivo de fortalecer la coordinaci\u00f3n en las pr\u00f3ximas obras e intervenciones que se realizar\u00e1n en la ciudad. Durante el encuentro, directivos de la JMAS revisaron [&hellip;]<\/p>\n","protected":false},"author":6,"featured_media":84418,"comment_status":"closed","ping_status":"closed","sticky":false,"template":"","format":"standard","meta":{"_acf_changed":false,"_monsterinsights_skip_tracking":false,"_monsterinsights_sitenote_active":false,"_monsterinsights_sitenote_note":"","_monsterinsights_sitenote_category":0,"slim_seo":{"title":"Acuerdan coordinaci\u00f3n el Gobierno Municipal y JMAS Ju\u00e1rez para pr\u00f3ximas obras - Opini\u00f3n P\u00fablica","description":"Ciudad Ju\u00e1rez, Chih .- La Junta de Agua y Saneamiento de Ju\u00e1rez (JMAS) sostuvo una reuni\u00f3n de trabajo con funcionarios de las direcciones de Obras P\u00fablicas y Se"},"footnotes":""},"categories":[41],"tags":[1201,423,1088,2099],"class_list":["post-84415","post","type-post","status-publish","format-standard","has-post-thumbnail","hentry","category-juarez","tag-gobierno-municipal","tag-jmas-juarez","tag-obra-publica","tag-obras"],"acf":[],"_links":{"self":[{"href":"https:\/\/www.opinionpublica.tv\/portada\/wp-json\/wp\/v2\/posts\/84415","targetHints":{"allow":["GET"]}}],"collection":[{"href":"https:\/\/www.opinionpublica.tv\/portada\/wp-json\/wp\/v2\/posts"}],"about":[{"href":"https:\/\/www.opinionpublica.tv\/portada\/wp-json\/wp\/v2\/types\/post"}],"author":[{"embeddable":true,"href":"https:\/\/www.opinionpublica.tv\/portada\/wp-json\/wp\/v2\/users\/6"}],"replies":[{"embeddable":true,"href":"https:\/\/www.opinionpublica.tv\/portada\/wp-json\/wp\/v2\/comments?post=84415"}],"version-history":[{"count":3,"href":"https:\/\/www.opinionpublica.tv\/portada\/wp-json\/wp\/v2\/posts\/84415\/revisions"}],"predecessor-version":[{"id":84420,"href":"https:\/\/www.opinionpublica.tv\/portada\/wp-json\/wp\/v2\/posts\/84415\/revisions\/84420"}],"wp:featuredmedia":[{"embeddable":true,"href":"https:\/\/www.opinionpublica.tv\/portada\/wp-json\/wp\/v2\/media\/84418"}],"wp:attachment":[{"href":"https:\/\/www.opinionpublica.tv\/portada\/wp-json\/wp\/v2\/media?parent=84415"}],"wp:term":[{"taxonomy":"category","embeddable":true,"href":"https:\/\/www.opinionpublica.tv\/portada\/wp-json\/wp\/v2\/categories?post=84415"},{"taxonomy":"post_tag","embeddable":true,"href":"https:\/\/www.opinionpublica.tv\/portada\/wp-json\/wp\/v2\/tags?post=84415"}],"curies":[{"name":"wp","href":"https:\/\/api.w.org\/{rel}","templated":true}]}}