{"id":84384,"date":"2026-05-02T00:01:00","date_gmt":"2026-05-02T06:01:00","guid":{"rendered":"https:\/\/www.opinionpublica.tv\/portada\/?p=84384"},"modified":"2026-05-01T20:07:05","modified_gmt":"2026-05-02T02:07:05","slug":"museo-juan-gabriel-se-consolida-como-destino-cultural-con-reconocimiento-internacional","status":"publish","type":"post","link":"https:\/\/www.opinionpublica.tv\/portada\/museo-juan-gabriel-se-consolida-como-destino-cultural-con-reconocimiento-internacional\/","title":{"rendered":"Se consolida el Museo Juan Gabriel como destino cultural con premio internacional"},"content":{"rendered":"\n<figure class=\"wp-block-image size-large\"><img fetchpriority=\"high\" decoding=\"async\" width=\"1024\" height=\"768\" src=\"https:\/\/www.opinionpublica.tv\/portada\/wp-content\/uploads\/2026\/05\/Se-consolida-Museo-Juan-Gabriel-como-destino-cultural-con-premio-internacional-1024x768.jpeg\" alt=\"Se consolida museo juan gabriel como destino cultural con premio internacional\" class=\"wp-image-84388\" srcset=\"https:\/\/www.opinionpublica.tv\/portada\/wp-content\/uploads\/2026\/05\/Se-consolida-Museo-Juan-Gabriel-como-destino-cultural-con-premio-internacional-1024x768.jpeg 1024w, https:\/\/www.opinionpublica.tv\/portada\/wp-content\/uploads\/2026\/05\/Se-consolida-Museo-Juan-Gabriel-como-destino-cultural-con-premio-internacional-300x225.jpeg 300w, https:\/\/www.opinionpublica.tv\/portada\/wp-content\/uploads\/2026\/05\/Se-consolida-Museo-Juan-Gabriel-como-destino-cultural-con-premio-internacional-768x576.jpeg 768w, https:\/\/www.opinionpublica.tv\/portada\/wp-content\/uploads\/2026\/05\/Se-consolida-Museo-Juan-Gabriel-como-destino-cultural-con-premio-internacional.jpeg 1280w\" sizes=\"(max-width: 1024px) 100vw, 1024px\" \/><\/figure>\n\n\n\n<p><em>Ciudad Ju\u00e1rez, Chih<\/em>.- El Gobierno Municipal reconoci\u00f3 el logro del Museo Juan Gabriel, tras obtener el primer lugar en la categor\u00eda Producto Tur\u00edstico de Cultura, durante la III Edici\u00f3n de los Premios Destino M\u00e9xico, otorgados por la Revista Aire Libre en Acapulco, Guerrero.<\/p>\n\n\n\n<p>Este importante reconocimiento refleja el impulso que desde el inicio brind\u00f3 la administraci\u00f3n encabezada por el alcalde Cruz P\u00e9rez Cu\u00e9llar, quien respald\u00f3 la creaci\u00f3n de este espacio que hoy se posiciona como un referente cultural y tur\u00edstico de la frontera.<\/p>\n\n\n\n<p>El museo, dedicado a honrar la vida y obra de Juan Gabriel, cuyo nombre real fue Alberto Aguilera Valadez, representa un s\u00edmbolo de identidad para Ciudad Ju\u00e1rez, al rendir tributo a uno de los artistas m\u00e1s queridos y representativos de M\u00e9xico.<\/p>\n\n\n\n<p>Desde su apertura en agosto de 2024, el recinto ha recibido a m\u00e1s de 70 mil visitantes provenientes de diversas ciudades de M\u00e9xico, Estados Unidos y pa\u00edses como Alemania, Espa\u00f1a, Rusia, Filipinas y Corea, consolid\u00e1ndose como un atractivo cultural de alcance internacional.<\/p>\n\n\n\n<p>Asimismo, el museo ha destacado por su vocaci\u00f3n social, al abrir sus puertas de manera gratuita a grupos vulnerables, asociaciones civiles y estudiantes universitarios, en coordinaci\u00f3n con la Fundaci\u00f3n Juan Gabriel.<\/p>\n\n\n\n<p>A trav\u00e9s de recorridos guiados, las y los visitantes pueden conocer la filosof\u00eda de vida del \u201cDivo de Ju\u00e1rez\u201d, su legado art\u00edstico y la profunda conexi\u00f3n que mantuvo con esta ciudad, convirtiendo cada visita en una experiencia que fortalece el sentido de pertenencia y orgullo fronterizo.<\/p>\n\n\n\n<p>Para Ciudad Ju\u00e1rez, este museo representa mucho m\u00e1s que un espacio expositivo: es un legado vivo que impulsa el turismo, fortalece la identidad cultural y proyecta una imagen positiva de la ciudad a nivel nacional e internacional.<\/p>\n\n\n\n<p>Por su parte, el director de la Fundaci\u00f3n Juan Gabriel, Felipe Rojas Portillo, agradeci\u00f3 el respaldo del Gobierno Municipal, as\u00ed como la suma de esfuerzos de la familia Aguilera, el equipo del museo, aliados y seguidores del artista, destacando que este reconocimiento honra la memoria y trascendencia de Juan Gabriel.<\/p>\n","protected":false},"excerpt":{"rendered":"<p>Ciudad Ju\u00e1rez, Chih.- El Gobierno Municipal reconoci\u00f3 el logro del Museo Juan Gabriel, tras obtener el primer lugar en la categor\u00eda Producto Tur\u00edstico de Cultura, durante la III Edici\u00f3n de los Premios Destino M\u00e9xico, otorgados por la Revista Aire Libre en Acapulco, Guerrero. Este importante reconocimiento refleja el impulso que desde el inicio brind\u00f3 la [&hellip;]<\/p>\n","protected":false},"author":6,"featured_media":84388,"comment_status":"closed","ping_status":"closed","sticky":false,"template":"","format":"standard","meta":{"_acf_changed":false,"_monsterinsights_skip_tracking":false,"_monsterinsights_sitenote_active":false,"_monsterinsights_sitenote_note":"","_monsterinsights_sitenote_category":0,"slim_seo":{"title":"Se consolida el Museo Juan Gabriel como destino cultural con premio internacional - Opini\u00f3n P\u00fablica","description":"Ciudad Ju\u00e1rez, Chih .- El Gobierno Municipal reconoci\u00f3 el logro del Museo Juan Gabriel, tras obtener el primer lugar en la categor\u00eda Producto Tur\u00edstico de Cultu"},"footnotes":""},"categories":[41],"tags":[608,3245,3244],"class_list":["post-84384","post","type-post","status-publish","format-standard","has-post-thumbnail","hentry","category-juarez","tag-ciudad-juarez","tag-destino-cultural","tag-museo-juan-gabriel"],"acf":[],"_links":{"self":[{"href":"https:\/\/www.opinionpublica.tv\/portada\/wp-json\/wp\/v2\/posts\/84384","targetHints":{"allow":["GET"]}}],"collection":[{"href":"https:\/\/www.opinionpublica.tv\/portada\/wp-json\/wp\/v2\/posts"}],"about":[{"href":"https:\/\/www.opinionpublica.tv\/portada\/wp-json\/wp\/v2\/types\/post"}],"author":[{"embeddable":true,"href":"https:\/\/www.opinionpublica.tv\/portada\/wp-json\/wp\/v2\/users\/6"}],"replies":[{"embeddable":true,"href":"https:\/\/www.opinionpublica.tv\/portada\/wp-json\/wp\/v2\/comments?post=84384"}],"version-history":[{"count":5,"href":"https:\/\/www.opinionpublica.tv\/portada\/wp-json\/wp\/v2\/posts\/84384\/revisions"}],"predecessor-version":[{"id":84391,"href":"https:\/\/www.opinionpublica.tv\/portada\/wp-json\/wp\/v2\/posts\/84384\/revisions\/84391"}],"wp:featuredmedia":[{"embeddable":true,"href":"https:\/\/www.opinionpublica.tv\/portada\/wp-json\/wp\/v2\/media\/84388"}],"wp:attachment":[{"href":"https:\/\/www.opinionpublica.tv\/portada\/wp-json\/wp\/v2\/media?parent=84384"}],"wp:term":[{"taxonomy":"category","embeddable":true,"href":"https:\/\/www.opinionpublica.tv\/portada\/wp-json\/wp\/v2\/categories?post=84384"},{"taxonomy":"post_tag","embeddable":true,"href":"https:\/\/www.opinionpublica.tv\/portada\/wp-json\/wp\/v2\/tags?post=84384"}],"curies":[{"name":"wp","href":"https:\/\/api.w.org\/{rel}","templated":true}]}}