{"id":84366,"date":"2026-05-02T00:01:00","date_gmt":"2026-05-02T06:01:00","guid":{"rendered":"https:\/\/www.opinionpublica.tv\/portada\/?p=84366"},"modified":"2026-05-01T18:46:07","modified_gmt":"2026-05-02T00:46:07","slug":"el-giro-de-sheinbaum","status":"publish","type":"post","link":"https:\/\/www.opinionpublica.tv\/portada\/el-giro-de-sheinbaum\/","title":{"rendered":"El giro de Sheinbaum"},"content":{"rendered":"\n<h4 class=\"wp-block-heading\">Jorge G. Casta\u00f1eda<\/h4>\n\n\n\n<p>___________________________<\/p>\n\n\n\n<p>El supuesto control que Claudia Sheinbaum estar\u00e1 ahora tomando del aparato de Estado, del partido Morena y de la agenda nacional ha sido festejado tanto por sus partidarios y quedabienes como por un buen n\u00famero de sus cr\u00edticos.<\/p>\n\n\n\n<p>Detectan en una serie de nombramientos, as\u00ed como en varios pronunciamientos, un giro importante en su gobierno, que lo distancia de L\u00f3pez Obrador y lo acerca a un enfoque m\u00e1s realista y conducente al crecimiento econ\u00f3mico. M\u00e1s all\u00e1 de los que presumen su intuici\u00f3n genial \u2014se los dije\u2014, las diversas afirmaciones merecen cierto cuestionamiento.<\/p>\n\n\n\n<p>No queda claro hasta qu\u00e9 punto las nuevas cabezas de ministerios, de cargos partidistas y legislativos, o puestos menores, representan realmente una sustituci\u00f3n de cuadros amlistas por colaboradores claudistas. Ni Velasco, ni Lazzeri, ni Montiel, ni Mier antes, ni Ernestina, ni Citlalli Hern\u00e1ndez, ni los dem\u00e1s, son realmente funcionarios o pol\u00edticos propios de Sheinbaum, si es que dicha especie existe.<\/p>\n\n\n\n<p>Se trata de personas que comenzaron sus carreras con L\u00f3pez Obrador, ya sea como jefe de Gobierno, ya sea en su traves\u00eda del desierto, ya sea durante su Presidencia. Tal vez \u00e9l no los impuso en este sexenio, como lo hizo con otros \u2014Ebrard, Monreal, De la Fuente, etc.\u2014 y quiz\u00e1s sus lealtades se han trasladado de un presidente a otra, pero forman parte de un mismo equipo.<\/p>\n\n\n\n<p>Ella misma lo confirmar\u00eda: constituyen integrantes de un mismo proyecto, con los mismos objetivos, las mismas motivaciones, los mismos or\u00edgenes pol\u00edticos y las mismas sensibilidades (o ausencia de ellas).<\/p>\n\n\n\n<p>Para los mentados quedabienes, que buscan desesperadamente c\u00f3mo criticar sincera y despiadadamente a L\u00f3pez Obrador y no enemistarse con Sheinbaum, sus enroques y sustituciones se erigen en pruebas contundentes de la ruptura de la una con el otro, de la consolidaci\u00f3n en el poder de la Presidenta, de la confirmaci\u00f3n de su propio \u201cestilo de gobernar\u201d.<\/p>\n\n\n\n<p>Adem\u00e1s del l\u00f3gico anhelo personal de no compartir el poder, el prop\u00f3sito sustantivo de todo esto consistir\u00eda en construir un proyecto af\u00edn al primer piso de la 4T, pero a la vez compatible con los imperativos del crecimiento econ\u00f3mico, con las exigencias del sector privado, y con la anuencia de \u201clos mercados\u201d.<\/p>\n\n\n\n<p>Adem\u00e1s de los obst\u00e1culos preexistentes a cualquier crecimiento, un factor adicional de los recambios residir\u00eda, como el cambio de tono con el fracking, en las consecuencias para M\u00e9xico de la guerra en Medio Oriente. Las presiones inflacionarias y fiscales alejan m\u00e1s a\u00fan las posibilidades de una expansi\u00f3n significativa de la econom\u00eda; de all\u00ed la necesidad de \u201ctomar las riendas\u201d del poder.<\/p>\n\n\n\n<p>Siento decepcionar a los colegas de la comentocracia y a los corresponsales extranjeros que se han tragado este cuento. No tengo la menor idea a qu\u00e9 se deben estos retoques cosm\u00e9ticos al equipo de Sheinbaum, pero s\u00ed s\u00e9 que no existe la m\u00e1s remota posibilidad de que con estas maniobras apacig\u00fce al empresariado mexicano o a los inversionistas extranjeros. Ni tampoco cambiar\u00e1 la actitud de Washington en las negociaciones del T-MEC con un nuevo equipo, suponiendo que lo haya o lo vaya a haber.<\/p>\n\n\n\n<p>Este par de meses en Francia me ha permitido recordar con mayor detalle el episodio de 1983 de Fran\u00e7ois Mitterrand, el famoso \u201cgiro\u201d que dio el presidente socialista dos a\u00f1os despu\u00e9s de su elecci\u00f3n. El aumento de los salarios, las nacionalizaciones, la jubilaci\u00f3n a los sesenta a\u00f1os y el resto del Programa com\u00fan firmado con el Partido Comunista hab\u00edan generado una demanda interna estratosf\u00e9rica, que la desindustrializada y raqu\u00edtica oferta interna francesa resultaba incapaz de satisfacer.<\/p>\n\n\n\n<p>Las presiones sobre el franco se volvieron insostenibles, y Mitterrand debi\u00f3 optar entre dos v\u00edas. Pod\u00eda ce\u00f1irse al programa y a sus promesas de campa\u00f1a, pero ello implicaba salir de la serpiente monetaria europea de inmediato, y de la Comunidad Econ\u00f3mica Europea muy poco despu\u00e9s.<\/p>\n\n\n\n<p>O pod\u00eda abandonar el programa, reducir brutalmente el gasto, y alinearse con Bruselas. Escogi\u00f3 el segundo camino. He podido volver a conversar estos dilemas con amigos que se encontraban en el gobierno en aquella \u00e9poca, y todos evocan las consultas y deliberaciones que realiz\u00f3 Mitterand antes de optar por la soluci\u00f3n del \u201crigor\u201d: un giro a la derecha, conservando las conquistas ya consumadas.<\/p>\n\n\n\n<p>La situaci\u00f3n en M\u00e9xico hoy es muy distinta, como ya lo he subrayado en estas p\u00e1ginas. No existen presiones sobre el peso, las cuentas externas se ven robustas, pero se vislumbra tambi\u00e9n un obst\u00e1culo insuperable. Si la econom\u00eda no crece por lo menos a los ritmos del periodo neoliberal \u20142 a 2.5%\u2014 se tornar\u00e1n inviables los programas sociales de la 4T, as\u00ed como sus victorias electorales y su hegemon\u00eda.<\/p>\n\n\n\n<p>Y no hay crecimiento factible sin un golpe de tim\u00f3n de la misma envergadura que el de Francia en 1983. No bastar\u00e1 con peque\u00f1os gestos y gui\u00f1os, ni con discursos, planes y convocatorias a Palacio, ni posponiendo un a\u00f1o el resto de la reforma judicial o aplacando al SAT.<\/p>\n\n\n\n<p>O va en serio, o nadie se la va a creer. Recomiendo al respecto un largo art\u00edculo de Nizaleb Corzo, en Ultim\u00e1tum (whatever that is). Esa es la neta.<\/p>\n","protected":false},"excerpt":{"rendered":"<p>Jorge G. Casta\u00f1eda ___________________________ El supuesto control que Claudia Sheinbaum estar\u00e1 ahora tomando del aparato de Estado, del partido Morena y de la agenda nacional ha sido festejado tanto por sus partidarios y quedabienes como por un buen n\u00famero de sus cr\u00edticos. Detectan en una serie de nombramientos, as\u00ed como en varios pronunciamientos, un giro [&hellip;]<\/p>\n","protected":false},"author":6,"featured_media":43385,"comment_status":"closed","ping_status":"closed","sticky":false,"template":"","format":"standard","meta":{"_acf_changed":false,"_monsterinsights_skip_tracking":false,"_monsterinsights_sitenote_active":false,"_monsterinsights_sitenote_note":"","_monsterinsights_sitenote_category":0,"slim_seo":{"title":"El giro de Sheinbaum - Opini\u00f3n P\u00fablica","description":"Jorge G. Casta\u00f1eda ___________________________ El supuesto control que Claudia Sheinbaum estar\u00e1 ahora tomando del aparato de Estado, del partido Morena y de la"},"footnotes":""},"categories":[18],"tags":[307,82],"class_list":["post-84366","post","type-post","status-publish","format-standard","has-post-thumbnail","hentry","category-castaneda-opina","tag-claudia-sheinbaum","tag-jorge-castaneda"],"acf":[],"_links":{"self":[{"href":"https:\/\/www.opinionpublica.tv\/portada\/wp-json\/wp\/v2\/posts\/84366","targetHints":{"allow":["GET"]}}],"collection":[{"href":"https:\/\/www.opinionpublica.tv\/portada\/wp-json\/wp\/v2\/posts"}],"about":[{"href":"https:\/\/www.opinionpublica.tv\/portada\/wp-json\/wp\/v2\/types\/post"}],"author":[{"embeddable":true,"href":"https:\/\/www.opinionpublica.tv\/portada\/wp-json\/wp\/v2\/users\/6"}],"replies":[{"embeddable":true,"href":"https:\/\/www.opinionpublica.tv\/portada\/wp-json\/wp\/v2\/comments?post=84366"}],"version-history":[{"count":2,"href":"https:\/\/www.opinionpublica.tv\/portada\/wp-json\/wp\/v2\/posts\/84366\/revisions"}],"predecessor-version":[{"id":84368,"href":"https:\/\/www.opinionpublica.tv\/portada\/wp-json\/wp\/v2\/posts\/84366\/revisions\/84368"}],"wp:featuredmedia":[{"embeddable":true,"href":"https:\/\/www.opinionpublica.tv\/portada\/wp-json\/wp\/v2\/media\/43385"}],"wp:attachment":[{"href":"https:\/\/www.opinionpublica.tv\/portada\/wp-json\/wp\/v2\/media?parent=84366"}],"wp:term":[{"taxonomy":"category","embeddable":true,"href":"https:\/\/www.opinionpublica.tv\/portada\/wp-json\/wp\/v2\/categories?post=84366"},{"taxonomy":"post_tag","embeddable":true,"href":"https:\/\/www.opinionpublica.tv\/portada\/wp-json\/wp\/v2\/tags?post=84366"}],"curies":[{"name":"wp","href":"https:\/\/api.w.org\/{rel}","templated":true}]}}