{"id":84339,"date":"2026-05-02T00:01:00","date_gmt":"2026-05-02T06:01:00","guid":{"rendered":"https:\/\/www.opinionpublica.tv\/portada\/?p=84339"},"modified":"2026-05-01T15:23:53","modified_gmt":"2026-05-01T21:23:53","slug":"efemerides-2-de-mayo-un-dia-como-hoy-en-la-historia","status":"publish","type":"post","link":"https:\/\/www.opinionpublica.tv\/portada\/efemerides-2-de-mayo-un-dia-como-hoy-en-la-historia\/","title":{"rendered":"Efem\u00e9rides 2 de mayo | Un d\u00eda como hoy en la historia&#8230;"},"content":{"rendered":"\n<p><em>Un d\u00eda 2 de mayo como hoy, pero de 1983, Microsoft lanza el procesador de texto Word 1.0 y su primer rat\u00f3n<\/em>.<\/p>\n\n\n\n<figure class=\"wp-block-image size-full\"><img fetchpriority=\"high\" decoding=\"async\" width=\"986\" height=\"555\" src=\"https:\/\/www.opinionpublica.tv\/portada\/wp-content\/uploads\/2026\/05\/1983-Microsoft-lanza-el-procesador-de-texto-Word-1.0-y-su-primer-raton.png\" alt=\"1983, microsoft lanza el procesador de texto word 1.0, y su primer rato\u0301n\" class=\"wp-image-84340\" srcset=\"https:\/\/www.opinionpublica.tv\/portada\/wp-content\/uploads\/2026\/05\/1983-Microsoft-lanza-el-procesador-de-texto-Word-1.0-y-su-primer-raton.png 986w, https:\/\/www.opinionpublica.tv\/portada\/wp-content\/uploads\/2026\/05\/1983-Microsoft-lanza-el-procesador-de-texto-Word-1.0-y-su-primer-raton-300x169.png 300w, https:\/\/www.opinionpublica.tv\/portada\/wp-content\/uploads\/2026\/05\/1983-Microsoft-lanza-el-procesador-de-texto-Word-1.0-y-su-primer-raton-768x432.png 768w\" sizes=\"(max-width: 986px) 100vw, 986px\" \/><\/figure>\n\n\n\n<p><strong>Otras efem\u00e9rides<\/strong><\/p>\n\n\n\n<p>1598.- El rey de Espa\u00f1a (Felipe II) y el de Francia (Enrique IV) firman la Paz de Vervins, uno de los tratados que sirvi\u00f3 para acabar las Guerras de Religi\u00f3n de Francia.<\/p>\n\n\n\n<p>1808.- El pueblo de Madrid se levanta contra el Ej\u00e9rcito franc\u00e9s, origen de la Guerra de la Independencia.<\/p>\n\n\n\n<p>1866.- La escuadra espa\u00f1ola, mandada por el almirante M\u00e9ndez N\u00fa\u00f1ez, bombardea El Callao, \u00faltima acci\u00f3n de la guerra de Espa\u00f1a contra Chile y Per\u00fa.<\/p>\n\n\n\n<p>1869.- En Par\u00eds, abre sus puertas el cabaret \u00abFolies Berg\u00e8re\u00bb.<\/p>\n\n\n\n<p>1874.- Se produce el levantamiento del sitio carlista de Bilbao.<\/p>\n\n\n\n<p>1879.- Pablo Iglesias funda en la clandestinidad el Partido Socialista Obrero Espa\u00f1ol (PSOE), que en 1881 ser\u00e1 legalizado.<\/p>\n\n\n\n<p>1933.- Se suprimen los sindicatos libres en Alemania.<\/p>\n\n\n\n<p>1945.- II Guerra Mundial. Berl\u00edn se rinde al Ej\u00e9rcito Rojo.<\/p>\n\n\n\n<p>1952.- Primer vuelo comercial de un reactor, el Havilland Comet, que cubri\u00f3 la ruta Londres-Johannesburgo.<\/p>\n\n\n\n<p>1953.- El rey Faisal II jura la Constituci\u00f3n ante el Parlamento de Irak.<\/p>\n\n\n\n<p>1962.- M\u00e1s un centenar de personas mueren como consecuencia de varios atentados de la OAS en Argelia.<\/p>\n\n\n\n<p>1968.- Comienza la revuelta estudiantil del \u00abMayo franc\u00e9s\u00bb.<\/p>\n\n\n\n<p>1972.- Se inaugura el Hotel Villa Magna de Madrid.<\/p>\n\n\n\n<p>1976.- El diplom\u00e1tico y escritor Salvador de Madariaga lee su discurso de ingreso en la Real Academia Espa\u00f1ola.<\/p>\n\n\n\n<p>1988.- Las Descalzas Reales de Madrid son galardonadas con el premio Museo Europeo del A\u00f1o, concedido por el Consejo de Europa.<\/p>\n\n\n\n<p>1989.- Espa\u00f1a ratifica el Convenio europeo para la prevenci\u00f3n de la tortura y de los tratos inhumanos o degradantes.<\/p>\n\n\n\n<p>1992.- La CE y la EFTA acuerdan la creaci\u00f3n del Espacio Econ\u00f3mico Europeo (EEE).<\/p>\n\n\n\n<p>2004.- En Alemania, Mar\u00eda Vasco gana la medalla de bronce en los 20 km de la Copa del Mundo de marcha.<\/p>\n\n\n\n<p>2006.- El Parlamento andaluz aprueba la reforma del Estatuto de Andaluc\u00eda que define a la comunidad como una \u00abrealidad nacional\u00bb y una \u00abnacionalidad hist\u00f3rica\u00bb.<\/p>\n\n\n\n<p>2008.- El cicl\u00f3n \u00abNargis\u00bb causa en Birmania (Myanmar) 134.000 muertos y 2,4 millones de damnificados.<\/p>\n\n\n\n<p>2010.- Crisis financiera: la UE acuerda la concesi\u00f3n a Grecia de un pr\u00e9stamo de 110 mil millones de euros para el periodo 2010-2012.<\/p>\n\n\n\n<p>2012.- \u00abEl Grito\u00bb de Edward Munch logra r\u00e9cord en subasta al venderse por 119,9 millones de d\u00f3lares en Nueva York.<\/p>\n\n\n\n<p>2016.- Llega a La Habana el buque \u00abAdonia\u00bb, el primer crucero de EE.UU. en m\u00e1s de 50 a\u00f1os.<\/p>\n\n\n\n<p>2017.- El gobierno italiano nombra tres administradores y concede un pr\u00e9stamo de 600 millones de euros para salvar de la quiebra a la aerol\u00ednea Alitalia.<\/p>\n\n\n\n<p>2018.- ETA anuncia su disoluci\u00f3n en una carta fechada el 16 de abril.<\/p>\n\n\n\n<p>2018.- Se publica la \u00faltima teor\u00eda del fallecido f\u00edsico brit\u00e1nico Stephen Hawking, en la que plantea que puedan existir otros universos muy similares al nuestro.<\/p>\n\n\n\n<p>2020.- Espa\u00f1a vive la primera jornada de salida generalizada, regulada por franjas horarias, despu\u00e9s de 49 d\u00edas de confinamiento por la pandemia del coronavirus.<\/p>\n\n\n\n<p>2022.- El Gobierno espa\u00f1ol denuncia el espionaje a los m\u00f3viles del presidente, Pedro S\u00e1nchez, y la ministra de Defensa, Margarita Robles, realizado con el sistema Pegasus en 2021.<\/p>\n\n\n\n<p>2023.- Los guionistas estadounidenses inician una huelga en busca de mejores contratos, que finaliz\u00f3 en octubre tras la firma de un nuevo convenio colectivo.<\/p>\n\n\n\n<p><strong>Nacimientos<\/strong><\/p>\n\n\n\n<p>1660.- Alessandro Scarlatti, m\u00fasico italiano.<\/p>\n\n\n\n<p>1729.- Catalina II \u00abla Grande\u00bb, zarina rusa.<\/p>\n\n\n\n<p>1754.- Vicente Mart\u00edn Soler, compositor valenciano.<\/p>\n\n\n\n<p>1772.- Friedrich Novalis, poeta alem\u00e1n.<\/p>\n\n\n\n<p>1853.- Antonio Maura, estadista espa\u00f1ol.<\/p>\n\n\n\n<p>1892.- Bar\u00f3n Rojo (Manfred von Richthofen), aviador militar alem\u00e1n.<\/p>\n\n\n\n<p>1925.- John Neville, actor brit\u00e1nico.<\/p>\n\n\n\n<p>1929.- Edouard Balladur, ex primer ministro franc\u00e9s.<\/p>\n\n\n\n<p>1935.- Luis Su\u00e1rez, futbolista y entrenador espa\u00f1ol de f\u00fatbol.<\/p>\n\n\n\n<p>1945.- Bianca Jagger, actriz, modelo y activista nicarag\u00fcense.<\/p>\n\n\n\n<p>1955.- Donatella Versace, dise\u00f1adora de moda, italiana.<\/p>\n\n\n\n<p>1955.- Carmina Ord\u00f3\u00f1ez, espa\u00f1ola, protagonista de la \u00abprensa rosa\u00bb.<\/p>\n\n\n\n<p>1959.- Zoe Vald\u00e9s, escritora cubana.<\/p>\n\n\n\n<p>1975.- David Beckham, futbolista brit\u00e1nico.<\/p>\n\n\n\n<p>2015.- Princesa Carlota de Cambridge, segunda de los hijos de los duques de Cambridge y cuarta en la l\u00ednea de sucesi\u00f3n al trono brit\u00e1nico.<\/p>\n\n\n\n<p><strong>Defunciones<\/strong><\/p>\n\n\n\n<p>1519.- Leonardo Da Vinci, artista y sabio renacentista italiano.<\/p>\n\n\n\n<p>1857.- Alfred de Musset, poeta franc\u00e9s.<\/p>\n\n\n\n<p>1957.- Joseph Mc Carthy, pol\u00edtico estadounidense.<\/p>\n\n\n\n<p>1996.- Mar\u00eda Luisa Ponte, actriz espa\u00f1ola.<\/p>\n\n\n\n<p>1999.- Oliver Reed, actor brit\u00e1nico.<\/p>\n\n\n\n<p>2005.- Bob Hunter, cofundador de Greenpeace.<\/p>\n\n\n\n<p>2009.- Augusto Boal, dramaturgo brasile\u00f1o.<\/p>\n\n\n\n<p>2015.- Maya Plisetskaya, bailarina hispano-rusa.<\/p>\n\n\n\n<p>2015.- Ruth Rendell, escritora brit\u00e1nica.<\/p>\n","protected":false},"excerpt":{"rendered":"<p>Un d\u00eda 2 de mayo como hoy, pero de 1983, Microsoft lanza el procesador de texto Word 1.0 y su primer rat\u00f3n. Otras efem\u00e9rides 1598.- El rey de Espa\u00f1a (Felipe II) y el de Francia (Enrique IV) firman la Paz de Vervins, uno de los tratados que sirvi\u00f3 para acabar las Guerras de Religi\u00f3n de [&hellip;]<\/p>\n","protected":false},"author":6,"featured_media":84340,"comment_status":"closed","ping_status":"closed","sticky":false,"template":"","format":"standard","meta":{"_acf_changed":false,"_monsterinsights_skip_tracking":false,"_monsterinsights_sitenote_active":false,"_monsterinsights_sitenote_note":"","_monsterinsights_sitenote_category":0,"slim_seo":{"title":"Efem\u00e9rides 2 de mayo | Un d\u00eda como hoy en la historia... - Opini\u00f3n P\u00fablica","description":"Un d\u00eda 2 de mayo como hoy, pero de 1983, Microsoft lanza el procesador de texto Word 1.0 y su primer rat\u00f3n . Otras efem\u00e9rides 1598.- El rey de Espa\u00f1a (Felipe II"},"footnotes":""},"categories":[27],"tags":[3235,266,3236],"class_list":["post-84339","post","type-post","status-publish","format-standard","has-post-thumbnail","hentry","category-un-dia-como-hoy","tag-efemerides-2-de-mayo","tag-microsoft","tag-word-1-0"],"acf":[],"_links":{"self":[{"href":"https:\/\/www.opinionpublica.tv\/portada\/wp-json\/wp\/v2\/posts\/84339","targetHints":{"allow":["GET"]}}],"collection":[{"href":"https:\/\/www.opinionpublica.tv\/portada\/wp-json\/wp\/v2\/posts"}],"about":[{"href":"https:\/\/www.opinionpublica.tv\/portada\/wp-json\/wp\/v2\/types\/post"}],"author":[{"embeddable":true,"href":"https:\/\/www.opinionpublica.tv\/portada\/wp-json\/wp\/v2\/users\/6"}],"replies":[{"embeddable":true,"href":"https:\/\/www.opinionpublica.tv\/portada\/wp-json\/wp\/v2\/comments?post=84339"}],"version-history":[{"count":1,"href":"https:\/\/www.opinionpublica.tv\/portada\/wp-json\/wp\/v2\/posts\/84339\/revisions"}],"predecessor-version":[{"id":84341,"href":"https:\/\/www.opinionpublica.tv\/portada\/wp-json\/wp\/v2\/posts\/84339\/revisions\/84341"}],"wp:featuredmedia":[{"embeddable":true,"href":"https:\/\/www.opinionpublica.tv\/portada\/wp-json\/wp\/v2\/media\/84340"}],"wp:attachment":[{"href":"https:\/\/www.opinionpublica.tv\/portada\/wp-json\/wp\/v2\/media?parent=84339"}],"wp:term":[{"taxonomy":"category","embeddable":true,"href":"https:\/\/www.opinionpublica.tv\/portada\/wp-json\/wp\/v2\/categories?post=84339"},{"taxonomy":"post_tag","embeddable":true,"href":"https:\/\/www.opinionpublica.tv\/portada\/wp-json\/wp\/v2\/tags?post=84339"}],"curies":[{"name":"wp","href":"https:\/\/api.w.org\/{rel}","templated":true}]}}