{"id":84305,"date":"2026-05-01T00:01:00","date_gmt":"2026-05-01T06:01:00","guid":{"rendered":"https:\/\/www.opinionpublica.tv\/portada\/?p=84305"},"modified":"2026-04-30T19:28:11","modified_gmt":"2026-05-01T01:28:11","slug":"entrega-gobierno-municipal-apoyo-de-2-5-millones-para-el-proyecto-vision-renovada","status":"publish","type":"post","link":"https:\/\/www.opinionpublica.tv\/portada\/entrega-gobierno-municipal-apoyo-de-2-5-millones-para-el-proyecto-vision-renovada\/","title":{"rendered":"Entrega Gobierno Municipal apoyo de 2.5 millones para el Proyecto Visi\u00f3n Renovada"},"content":{"rendered":"\n<figure class=\"wp-block-image size-large\"><img fetchpriority=\"high\" decoding=\"async\" width=\"1024\" height=\"683\" src=\"https:\/\/www.opinionpublica.tv\/portada\/wp-content\/uploads\/2026\/04\/Entrega-Gobierno-Municipal-apoyo-de-2.5-millones-para-el-Proyecto-Vision-Renovada-1024x683.jpeg\" alt=\"Entrega gobierno municipal apoyo de 2.5 millones para el proyecto visio\u0301n renovada\" class=\"wp-image-84308\" srcset=\"https:\/\/www.opinionpublica.tv\/portada\/wp-content\/uploads\/2026\/04\/Entrega-Gobierno-Municipal-apoyo-de-2.5-millones-para-el-Proyecto-Vision-Renovada-1024x683.jpeg 1024w, https:\/\/www.opinionpublica.tv\/portada\/wp-content\/uploads\/2026\/04\/Entrega-Gobierno-Municipal-apoyo-de-2.5-millones-para-el-Proyecto-Vision-Renovada-300x200.jpeg 300w, https:\/\/www.opinionpublica.tv\/portada\/wp-content\/uploads\/2026\/04\/Entrega-Gobierno-Municipal-apoyo-de-2.5-millones-para-el-Proyecto-Vision-Renovada-768x512.jpeg 768w, https:\/\/www.opinionpublica.tv\/portada\/wp-content\/uploads\/2026\/04\/Entrega-Gobierno-Municipal-apoyo-de-2.5-millones-para-el-Proyecto-Vision-Renovada.jpeg 1536w\" sizes=\"(max-width: 1024px) 100vw, 1024px\" \/><\/figure>\n\n\n\n<p><em>Ciudad Ju\u00e1rez, Chih<\/em>.- En Ciudad Ju\u00e1rez nos cuidamos unos a otros, porque al final del d\u00eda la verdadera inclusi\u00f3n se logra cuando convertimos la empat\u00eda en acciones concretas que aseguran la igualdad de oportunidades y una vida digna para todas y para todos, dijo la presidenta del Sistema para el Desarrollo Integral de la Familia (DIF), Rub\u00ed Enr\u00edquez Parada, en la entrega de un cheque por parte del Gobierno Municipal al Centro de Estudios para Invidentes (CEIAC).<\/p>\n\n\n\n<p>Directivos del CEIAC recibieron el documento por la cantidad de 2 millones 457 mil pesos, recursos que se aplicar\u00e1n para el Proyecto Visi\u00f3n Renovada, apoyado con el programa del Presupuesto Participativo.<\/p>\n\n\n\n<p>\u201cEste programa no es solo un compromiso, es un proyecto real que conecta a todos los sectores de nuestra ciudad, ya que mediante este ejercicio hemos logrado que el recurso p\u00fablico llegue directamente a donde la poblaci\u00f3n decide\u201d, indic\u00f3 la se\u00f1ora Enr\u00edquez.<\/p>\n\n\n\n<p>Expres\u00f3 que este es el resultado de un coraz\u00f3n ciudadano que se movi\u00f3 a votar por el Proyecto de Visi\u00f3n Renovada. \u201cQueremos que cada usuario atendido en este lugar fortalezca su movilidad, su comunicaci\u00f3n y tambi\u00e9n sus habilidades de autocuidado\u201d.<\/p>\n\n\n\n<p>Sigamos trabajando de la mano, sociedad y Gobierno, porque solo as\u00ed seguiremos haciendo la diferencia, agreg\u00f3 Enr\u00edquez Parada.<\/p>\n\n\n\n<p>Mar\u00eda Otilia Herfter Rivera, directora del CEIAC, agradeci\u00f3 a la presidencia municipal por el invaluable apoyo otorgado a trav\u00e9s del Presupuesto Participativo, pues dijo, este proyecto es prueba de que cuando Gobierno y ciudadan\u00eda trabajan juntos, la transformaci\u00f3n social es posible.<\/p>\n\n\n\n<p>\u201cGracias por escuchar y actuar en favor de la inclusi\u00f3n, as\u00ed como gracias tambi\u00e9n a nuestra comunidad por su confianza, participaci\u00f3n y compromiso para conseguir una ciudad m\u00e1s accesible e incluyente para todos\u201d, abund\u00f3.<\/p>\n\n\n\n<p>El presidente del consejo de CEIAC, Mario Schmall, extern\u00f3 que esta es una muestra m\u00e1s de lo que significa este proyecto, el cual, va a permitir las mejoras en infraestructura, as\u00ed como espacios mejores y dignos para las y los usuarios.<\/p>\n\n\n\n<p>Visi\u00f3n Renovada tiene el prop\u00f3sito de dotar de herramientas que permitan a las personas con discapacidad desarrollar independencia, movilidad, as\u00ed como evoluci\u00f3n motriz, comunicativa y cognitiva, destac\u00f3 Sebasti\u00e1n Aguilera Brenes, director de Participaci\u00f3n Ciudadana.<\/p>\n\n\n\n<p>Asimismo, funcionalidad visual, habilidades de autoayuda y autocuidado, adem\u00e1s de habilidades en el manejo de dispositivos b\u00e1sicos de aprendizaje, detall\u00f3.<\/p>\n\n\n\n<p>Con este recurso, a la fecha se ha logrado instalar unidades de refrigeraci\u00f3n, paneles solares, dos veh\u00edculos, impresora Braille, impresora 3D, mesas, sillas, planta el\u00e9ctrica, refrigerador y laptop, entre otros art\u00edculos de utilidad.<\/p>\n","protected":false},"excerpt":{"rendered":"<p>Ciudad Ju\u00e1rez, Chih.- En Ciudad Ju\u00e1rez nos cuidamos unos a otros, porque al final del d\u00eda la verdadera inclusi\u00f3n se logra cuando convertimos la empat\u00eda en acciones concretas que aseguran la igualdad de oportunidades y una vida digna para todas y para todos, dijo la presidenta del Sistema para el Desarrollo Integral de la Familia [&hellip;]<\/p>\n","protected":false},"author":6,"featured_media":84308,"comment_status":"closed","ping_status":"closed","sticky":false,"template":"","format":"standard","meta":{"_acf_changed":false,"_monsterinsights_skip_tracking":false,"_monsterinsights_sitenote_active":false,"_monsterinsights_sitenote_note":"","_monsterinsights_sitenote_category":0,"slim_seo":{"title":"Entrega Gobierno Municipal apoyo de 2.5 millones para el Proyecto Visi\u00f3n Renovada - Opini\u00f3n P\u00fablica","description":"Ciudad Ju\u00e1rez, Chih .- En Ciudad Ju\u00e1rez nos cuidamos unos a otros, porque al final del d\u00eda la verdadera inclusi\u00f3n se logra cuando convertimos la empat\u00eda en acci"},"footnotes":""},"categories":[41],"tags":[608,1370],"class_list":["post-84305","post","type-post","status-publish","format-standard","has-post-thumbnail","hentry","category-juarez","tag-ciudad-juarez","tag-dif-municipal"],"acf":[],"_links":{"self":[{"href":"https:\/\/www.opinionpublica.tv\/portada\/wp-json\/wp\/v2\/posts\/84305","targetHints":{"allow":["GET"]}}],"collection":[{"href":"https:\/\/www.opinionpublica.tv\/portada\/wp-json\/wp\/v2\/posts"}],"about":[{"href":"https:\/\/www.opinionpublica.tv\/portada\/wp-json\/wp\/v2\/types\/post"}],"author":[{"embeddable":true,"href":"https:\/\/www.opinionpublica.tv\/portada\/wp-json\/wp\/v2\/users\/6"}],"replies":[{"embeddable":true,"href":"https:\/\/www.opinionpublica.tv\/portada\/wp-json\/wp\/v2\/comments?post=84305"}],"version-history":[{"count":3,"href":"https:\/\/www.opinionpublica.tv\/portada\/wp-json\/wp\/v2\/posts\/84305\/revisions"}],"predecessor-version":[{"id":84309,"href":"https:\/\/www.opinionpublica.tv\/portada\/wp-json\/wp\/v2\/posts\/84305\/revisions\/84309"}],"wp:featuredmedia":[{"embeddable":true,"href":"https:\/\/www.opinionpublica.tv\/portada\/wp-json\/wp\/v2\/media\/84308"}],"wp:attachment":[{"href":"https:\/\/www.opinionpublica.tv\/portada\/wp-json\/wp\/v2\/media?parent=84305"}],"wp:term":[{"taxonomy":"category","embeddable":true,"href":"https:\/\/www.opinionpublica.tv\/portada\/wp-json\/wp\/v2\/categories?post=84305"},{"taxonomy":"post_tag","embeddable":true,"href":"https:\/\/www.opinionpublica.tv\/portada\/wp-json\/wp\/v2\/tags?post=84305"}],"curies":[{"name":"wp","href":"https:\/\/api.w.org\/{rel}","templated":true}]}}