{"id":84300,"date":"2026-05-01T00:01:00","date_gmt":"2026-05-01T06:01:00","guid":{"rendered":"https:\/\/www.opinionpublica.tv\/portada\/?p=84300"},"modified":"2026-04-30T18:51:27","modified_gmt":"2026-05-01T00:51:27","slug":"inaugura-alcalde-perez-cuellar-comedor-para-la-ninez-en-el-area-de-los-kilometros","status":"publish","type":"post","link":"https:\/\/www.opinionpublica.tv\/portada\/inaugura-alcalde-perez-cuellar-comedor-para-la-ninez-en-el-area-de-los-kilometros\/","title":{"rendered":"Inaugura alcalde Cruz P\u00e9rez Cu\u00e9llar comedor para la ni\u00f1ez en el \u00e1rea de Los Kil\u00f3metros"},"content":{"rendered":"\n<figure class=\"wp-block-image size-large\"><img fetchpriority=\"high\" decoding=\"async\" width=\"1024\" height=\"683\" src=\"https:\/\/www.opinionpublica.tv\/portada\/wp-content\/uploads\/2026\/04\/Inaugura-alcalde-Cruz-Perez-Cuellar-comedor-para-la-ninez-en-el-area-de-Los-Kilometros-1024x683.jpeg\" alt=\"Inaugura alcalde cruz pe\u0301rez cue\u0301llar comedor para la nin\u0303ez en el a\u0301rea de los kilo\u0301metros\" class=\"wp-image-84303\" srcset=\"https:\/\/www.opinionpublica.tv\/portada\/wp-content\/uploads\/2026\/04\/Inaugura-alcalde-Cruz-Perez-Cuellar-comedor-para-la-ninez-en-el-area-de-Los-Kilometros-1024x683.jpeg 1024w, https:\/\/www.opinionpublica.tv\/portada\/wp-content\/uploads\/2026\/04\/Inaugura-alcalde-Cruz-Perez-Cuellar-comedor-para-la-ninez-en-el-area-de-Los-Kilometros-300x200.jpeg 300w, https:\/\/www.opinionpublica.tv\/portada\/wp-content\/uploads\/2026\/04\/Inaugura-alcalde-Cruz-Perez-Cuellar-comedor-para-la-ninez-en-el-area-de-Los-Kilometros-768x512.jpeg 768w, https:\/\/www.opinionpublica.tv\/portada\/wp-content\/uploads\/2026\/04\/Inaugura-alcalde-Cruz-Perez-Cuellar-comedor-para-la-ninez-en-el-area-de-Los-Kilometros.jpeg 1280w\" sizes=\"(max-width: 1024px) 100vw, 1024px\" \/><\/figure>\n\n\n\n<p><em>Ciudad Ju\u00e1rez, Chih<\/em>.- Ju\u00e1rez es una ciudad muy grande con mucha con mucho talento, pero tambi\u00e9n con muchos retos y con muchas necesidades en las que tenemos que trabajar para cubrirlas, dijo el presidente municipal, Cruz P\u00e9rez Cu\u00e9llar, durante la inauguraci\u00f3n del comedor gratuito para ni\u00f1as y ni\u00f1os en las colonias conocidas como Los Kil\u00f3metros.<\/p>\n\n\n\n<p>En el evento se dio a conocer que gracias al recurso del Fondo para el Impulso 2025 destinado a diversos proyectos de las Organizaciones de la Sociedad Civil, es que se pueden realizar este tipo de acciones, en esta ocasi\u00f3n presentadas por el Frente Hatcher Asociaci\u00f3n Civil.<\/p>\n\n\n\n<p>\u201cCuando haces cosas, en este caso, apoyar a las OSC, tambi\u00e9n es un aprendizaje, porque nos damos cuenta de lo grande que es nuestra ciudad y de los grandes retos que tenemos\u201d, subray\u00f3 el edil juarense.<\/p>\n\n\n\n<p>Dijo estar contento de poder ayudar a quienes trabajan en beneficio de la comunidad y saber que de esta manera se puede llegar a cada rinc\u00f3n de la localidad, por lo que es importante estar al pendiente de que los recursos lleguen a todos los espacios y lo principal, que se ejerzan correctamente.<\/p>\n\n\n\n<p>\u201cFelicitarlos por la labor que hacen, porque es impresionante, nosotros ponemos tan solo un granito de arena, sin embargo, en medida de lo posible van a seguir contando con el apoyo del Gobierno Municipal, se\u00f1al\u00f3.<\/p>\n\n\n\n<p>El secretario del Frente Hatcher, V\u00edctor Othon Lugo, agradeci\u00f3 a las y los presentes por estar en el acto inaugural, ya que el espacio es el resultado de un gran esfuerzo.<\/p>\n\n\n\n<p>\u201cAgradecerle al presidente P\u00e9rez Cu\u00e9llar por todo el apoyo que nos ha brindado a los comedores a trav\u00e9s del Fondo al Impulso a las OSC\u201d, agreg\u00f3.<\/p>\n\n\n\n<p>Una de las beneficiarias, Juana Serrano, agradeci\u00f3 al alcalde por el apoyo, pues dijo, sin este no se podr\u00eda hacer todo lo que se est\u00e1 logrando.<\/p>\n\n\n\n<p>\u201cEste comedor tiene como fin atender a personas vulnerables y distribuir alimentos para tratar de impactar en la econom\u00eda familiar\u201d, abund\u00f3 la ciudadana.<\/p>\n\n\n\n<p>En el evento estuvo la l\u00edder de Los Kil\u00f3metros, Leticia Hidalgo Ram\u00edrez; el director del Banco de Alimentos, Marco Torres; la presidenta del Frente Hatcher, \u00c1ngela Hatcher y el director de Participaci\u00f3n Ciudadana del Municipio, Sebasti\u00e1n Aguilera Brenes.<\/p>\n","protected":false},"excerpt":{"rendered":"<p>Ciudad Ju\u00e1rez, Chih.- Ju\u00e1rez es una ciudad muy grande con mucha con mucho talento, pero tambi\u00e9n con muchos retos y con muchas necesidades en las que tenemos que trabajar para cubrirlas, dijo el presidente municipal, Cruz P\u00e9rez Cu\u00e9llar, durante la inauguraci\u00f3n del comedor gratuito para ni\u00f1as y ni\u00f1os en las colonias conocidas como Los Kil\u00f3metros. [&hellip;]<\/p>\n","protected":false},"author":6,"featured_media":84303,"comment_status":"closed","ping_status":"closed","sticky":false,"template":"","format":"standard","meta":{"_acf_changed":false,"_monsterinsights_skip_tracking":false,"_monsterinsights_sitenote_active":false,"_monsterinsights_sitenote_note":"","_monsterinsights_sitenote_category":0,"slim_seo":{"title":"Inaugura alcalde Cruz P\u00e9rez Cu\u00e9llar comedor para la ni\u00f1ez en el \u00e1rea de Los Kil\u00f3metros - Opini\u00f3n P\u00fablica","description":"Ciudad Ju\u00e1rez, Chih .- Ju\u00e1rez es una ciudad muy grande con mucha con mucho talento, pero tambi\u00e9n con muchos retos y con muchas necesidades en las que tenemos qu"},"footnotes":""},"categories":[41],"tags":[608,3229,753],"class_list":["post-84300","post","type-post","status-publish","format-standard","has-post-thumbnail","hentry","category-juarez","tag-ciudad-juarez","tag-comedor-infantil","tag-cruz-perez-cuellar"],"acf":[],"_links":{"self":[{"href":"https:\/\/www.opinionpublica.tv\/portada\/wp-json\/wp\/v2\/posts\/84300","targetHints":{"allow":["GET"]}}],"collection":[{"href":"https:\/\/www.opinionpublica.tv\/portada\/wp-json\/wp\/v2\/posts"}],"about":[{"href":"https:\/\/www.opinionpublica.tv\/portada\/wp-json\/wp\/v2\/types\/post"}],"author":[{"embeddable":true,"href":"https:\/\/www.opinionpublica.tv\/portada\/wp-json\/wp\/v2\/users\/6"}],"replies":[{"embeddable":true,"href":"https:\/\/www.opinionpublica.tv\/portada\/wp-json\/wp\/v2\/comments?post=84300"}],"version-history":[{"count":2,"href":"https:\/\/www.opinionpublica.tv\/portada\/wp-json\/wp\/v2\/posts\/84300\/revisions"}],"predecessor-version":[{"id":84304,"href":"https:\/\/www.opinionpublica.tv\/portada\/wp-json\/wp\/v2\/posts\/84300\/revisions\/84304"}],"wp:featuredmedia":[{"embeddable":true,"href":"https:\/\/www.opinionpublica.tv\/portada\/wp-json\/wp\/v2\/media\/84303"}],"wp:attachment":[{"href":"https:\/\/www.opinionpublica.tv\/portada\/wp-json\/wp\/v2\/media?parent=84300"}],"wp:term":[{"taxonomy":"category","embeddable":true,"href":"https:\/\/www.opinionpublica.tv\/portada\/wp-json\/wp\/v2\/categories?post=84300"},{"taxonomy":"post_tag","embeddable":true,"href":"https:\/\/www.opinionpublica.tv\/portada\/wp-json\/wp\/v2\/tags?post=84300"}],"curies":[{"name":"wp","href":"https:\/\/api.w.org\/{rel}","templated":true}]}}