{"id":84288,"date":"2026-05-01T00:01:00","date_gmt":"2026-05-01T06:01:00","guid":{"rendered":"https:\/\/www.opinionpublica.tv\/portada\/?p=84288"},"modified":"2026-04-30T18:22:27","modified_gmt":"2026-05-01T00:22:27","slug":"celebra-maru-campos-el-dia-de-la-ninez-y-visita-el-hospital-infantil-de-especialidades","status":"publish","type":"post","link":"https:\/\/www.opinionpublica.tv\/portada\/celebra-maru-campos-el-dia-de-la-ninez-y-visita-el-hospital-infantil-de-especialidades\/","title":{"rendered":"Celebra Maru Campos el D\u00eda de la Ni\u00f1ez; visita el Hospital Infantil de Especialidades"},"content":{"rendered":"\n<figure class=\"wp-block-image size-large\"><img fetchpriority=\"high\" decoding=\"async\" width=\"1024\" height=\"682\" src=\"https:\/\/www.opinionpublica.tv\/portada\/wp-content\/uploads\/2026\/04\/Celebra-Maru-Campos-el-Dia-de-la-Ninez-y-visita-el-Hospital-Infantil-de-Especialidades-1024x682.jpeg\" alt=\"Celebra maru campos el di\u0301a de la nin\u0303ez y visita el hospital infantil de especialidades\" class=\"wp-image-84290\" srcset=\"https:\/\/www.opinionpublica.tv\/portada\/wp-content\/uploads\/2026\/04\/Celebra-Maru-Campos-el-Dia-de-la-Ninez-y-visita-el-Hospital-Infantil-de-Especialidades-1024x682.jpeg 1024w, https:\/\/www.opinionpublica.tv\/portada\/wp-content\/uploads\/2026\/04\/Celebra-Maru-Campos-el-Dia-de-la-Ninez-y-visita-el-Hospital-Infantil-de-Especialidades-300x200.jpeg 300w, https:\/\/www.opinionpublica.tv\/portada\/wp-content\/uploads\/2026\/04\/Celebra-Maru-Campos-el-Dia-de-la-Ninez-y-visita-el-Hospital-Infantil-de-Especialidades-768x511.jpeg 768w, https:\/\/www.opinionpublica.tv\/portada\/wp-content\/uploads\/2026\/04\/Celebra-Maru-Campos-el-Dia-de-la-Ninez-y-visita-el-Hospital-Infantil-de-Especialidades-1536x1022.jpeg 1536w, https:\/\/www.opinionpublica.tv\/portada\/wp-content\/uploads\/2026\/04\/Celebra-Maru-Campos-el-Dia-de-la-Ninez-y-visita-el-Hospital-Infantil-de-Especialidades.jpeg 1600w\" sizes=\"(max-width: 1024px) 100vw, 1024px\" \/><\/figure>\n\n\n\n<p><em>Chihuahua, Chih<\/em>.- En el marco de las actividades por la celebraci\u00f3n del D\u00eda de la Ni\u00f1ez, la gobernadora Maru Campos invit\u00f3 a las y a los festejados a siempre hacer lo correcto y a poner el ejemplo desde Chihuahua de lo que es la honorabilidad, para dirigir los pasos del futuro de M\u00e9xico.<\/p>\n\n\n\n<p>\u201cNuestro pa\u00eds necesita ciudadanos honorables. Eso significa comprender que hacer lo correcto no siempre es lo m\u00e1s sencillo. Exige car\u00e1cter. Exige estar del lado del bien incluso cuando no es lo m\u00e1s c\u00f3modo, o lo m\u00e1s popular\u201d, extern\u00f3.<\/p>\n\n\n\n<p>Durante la ceremonia de nombramiento formal de las y los integrantes del Gabinete Infantil efectuada en Palacio de Gobierno, la mandataria dijo que hacer lo correcto es ayudar a quien lo necesita, decir la verdad y sostener lo que es justo.<\/p>\n\n\n\n<p>\u201cNo porque nos aplaudan o nos reconozcan, simplemente porque es lo correcto.&nbsp; Y a quienes trabajamos en el servicio p\u00fablico, este d\u00eda tambi\u00e9n nos deja la tarea de recordar que nuestra responsabilidad es hacer lo correcto, incluso cuando es dif\u00edcil\u201d, a\u00f1adi\u00f3.<\/p>\n\n\n\n<p>El evento se desarroll\u00f3 con la presencia de la presidenta del Tribunal Superior de Justicia del Estado, Marcela Herrera; el presidente del Congreso del Estado, Guillermo Ram\u00edrez; el secretario de Educaci\u00f3n y Deporte, Francisco Guti\u00e9rrez y la presidenta del Instituto Estatal Electoral, Yanko Dur\u00e1n.<\/p>\n\n\n\n<p>En la edici\u00f3n 2026 del programa Funcionario Infantil por un D\u00eda participaron 1,424 estudiantes chihuahuenses que fueron propuestos por sus docentes gracias a su conducta, y a su desempe\u00f1o acad\u00e9mico, deportivo o art\u00edstico.<\/p>\n\n\n\n<p>Del total fueron seleccionados 18 ni\u00f1as y ni\u00f1os de distintos municipios para integrar el Gabinete Infantil, un proceso realizado con el apoyo del Instituto Estatal Electoral, bajo un esquema de insaculaci\u00f3n que garantiz\u00f3 equidad y representaci\u00f3n de los 67 municipios del estado.<\/p>\n\n\n\n<p>La gobernadora infantil, Daniela Hern\u00e1ndez Trejo, originaria del municipio de Ahumada, exhort\u00f3 a las y a los participantes a disfrutar este d\u00eda y a cumplir con la mejor misi\u00f3n de todas, que es la de ser felices.<\/p>\n\n\n\n<p>Previo a la ceremonia, la mandataria estatal convivi\u00f3 con ni\u00f1as y ni\u00f1os internados en el Hospital Infantil de Especialidades, a quienes llev\u00f3 diversos obsequios y anim\u00f3 a continuar su lucha, de la mano de sus padres y con el apoyo del personal m\u00e9dico que les atiende.<\/p>\n\n\n\n<p>En el nosocomio Maru Campos tuvo conocimiento de dos casos de leucemia en menores de edad residentes de la Sierra Tarahumara.<\/p>\n\n\n\n<p>\u201cAgradecidos porque gracias a MediChihuahua, estos ni\u00f1os pueden tener sus quimioterapias, sus medicamentos. As\u00ed que viva MediChihuahua y viva lo que se est\u00e1 haciendo aqu\u00ed por nuestros ni\u00f1os\u201d, a\u00f1adi\u00f3.<\/p>\n\n\n\n<p>Las actividades concluyeron con una comida con los miembros del Gabinete Infantil.<\/p>\n","protected":false},"excerpt":{"rendered":"<p>Chihuahua, Chih.- En el marco de las actividades por la celebraci\u00f3n del D\u00eda de la Ni\u00f1ez, la gobernadora Maru Campos invit\u00f3 a las y a los festejados a siempre hacer lo correcto y a poner el ejemplo desde Chihuahua de lo que es la honorabilidad, para dirigir los pasos del futuro de M\u00e9xico. \u201cNuestro pa\u00eds [&hellip;]<\/p>\n","protected":false},"author":6,"featured_media":84290,"comment_status":"closed","ping_status":"closed","sticky":false,"template":"","format":"standard","meta":{"_acf_changed":false,"_monsterinsights_skip_tracking":false,"_monsterinsights_sitenote_active":false,"_monsterinsights_sitenote_note":"","_monsterinsights_sitenote_category":0,"slim_seo":{"title":"Celebra Maru Campos el D\u00eda de la Ni\u00f1ez; visita el Hospital Infantil de Especialidades - Opini\u00f3n P\u00fablica","description":"Chihuahua, Chih .- En el marco de las actividades por la celebraci\u00f3n del D\u00eda de la Ni\u00f1ez, la gobernadora Maru Campos invit\u00f3 a las y a los festejados a siempre h"},"footnotes":""},"categories":[11],"tags":[88,3226,3227,199],"class_list":["post-84288","post","type-post","status-publish","format-standard","has-post-thumbnail","hentry","category-tendencias","tag-chihuahua","tag-dia-de-la-ninez","tag-hospital-infantil-de-especialidades","tag-maru-campos"],"acf":[],"_links":{"self":[{"href":"https:\/\/www.opinionpublica.tv\/portada\/wp-json\/wp\/v2\/posts\/84288","targetHints":{"allow":["GET"]}}],"collection":[{"href":"https:\/\/www.opinionpublica.tv\/portada\/wp-json\/wp\/v2\/posts"}],"about":[{"href":"https:\/\/www.opinionpublica.tv\/portada\/wp-json\/wp\/v2\/types\/post"}],"author":[{"embeddable":true,"href":"https:\/\/www.opinionpublica.tv\/portada\/wp-json\/wp\/v2\/users\/6"}],"replies":[{"embeddable":true,"href":"https:\/\/www.opinionpublica.tv\/portada\/wp-json\/wp\/v2\/comments?post=84288"}],"version-history":[{"count":3,"href":"https:\/\/www.opinionpublica.tv\/portada\/wp-json\/wp\/v2\/posts\/84288\/revisions"}],"predecessor-version":[{"id":84292,"href":"https:\/\/www.opinionpublica.tv\/portada\/wp-json\/wp\/v2\/posts\/84288\/revisions\/84292"}],"wp:featuredmedia":[{"embeddable":true,"href":"https:\/\/www.opinionpublica.tv\/portada\/wp-json\/wp\/v2\/media\/84290"}],"wp:attachment":[{"href":"https:\/\/www.opinionpublica.tv\/portada\/wp-json\/wp\/v2\/media?parent=84288"}],"wp:term":[{"taxonomy":"category","embeddable":true,"href":"https:\/\/www.opinionpublica.tv\/portada\/wp-json\/wp\/v2\/categories?post=84288"},{"taxonomy":"post_tag","embeddable":true,"href":"https:\/\/www.opinionpublica.tv\/portada\/wp-json\/wp\/v2\/tags?post=84288"}],"curies":[{"name":"wp","href":"https:\/\/api.w.org\/{rel}","templated":true}]}}