{"id":84283,"date":"2026-05-01T00:01:00","date_gmt":"2026-05-01T06:01:00","guid":{"rendered":"https:\/\/www.opinionpublica.tv\/portada\/?p=84283"},"modified":"2026-04-30T18:07:29","modified_gmt":"2026-05-01T00:07:29","slug":"rey-felipe-vi-invita-a-sheinbaum-a-cumbre-mexico-y-espana-impulsan-cooperacion","status":"publish","type":"post","link":"https:\/\/www.opinionpublica.tv\/portada\/rey-felipe-vi-invita-a-sheinbaum-a-cumbre-mexico-y-espana-impulsan-cooperacion\/","title":{"rendered":"Rey Felipe VI de Espa\u00f1a invita a Sheinbaum a cumbre e impulsan cooperaci\u00f3n a Cuba"},"content":{"rendered":"\n<figure class=\"wp-block-image size-large\"><img fetchpriority=\"high\" decoding=\"async\" width=\"1024\" height=\"719\" src=\"https:\/\/www.opinionpublica.tv\/portada\/wp-content\/uploads\/2026\/04\/Rey-Felipe-VI-de-Espana-invita-a-Sheinbaum-a-cumbre-e-impulsan-cooperacion-a-Cuba-1024x719.webp\" alt=\"Rey felipe vi de espan\u0303a invita a sheinbaum a cumbre e impulsan cooperacio\u0301n a cuba\" class=\"wp-image-84286\" srcset=\"https:\/\/www.opinionpublica.tv\/portada\/wp-content\/uploads\/2026\/04\/Rey-Felipe-VI-de-Espana-invita-a-Sheinbaum-a-cumbre-e-impulsan-cooperacion-a-Cuba-1024x719.webp 1024w, https:\/\/www.opinionpublica.tv\/portada\/wp-content\/uploads\/2026\/04\/Rey-Felipe-VI-de-Espana-invita-a-Sheinbaum-a-cumbre-e-impulsan-cooperacion-a-Cuba-300x211.webp 300w, https:\/\/www.opinionpublica.tv\/portada\/wp-content\/uploads\/2026\/04\/Rey-Felipe-VI-de-Espana-invita-a-Sheinbaum-a-cumbre-e-impulsan-cooperacion-a-Cuba-768x540.webp 768w, https:\/\/www.opinionpublica.tv\/portada\/wp-content\/uploads\/2026\/04\/Rey-Felipe-VI-de-Espana-invita-a-Sheinbaum-a-cumbre-e-impulsan-cooperacion-a-Cuba.webp 1200w\" sizes=\"(max-width: 1024px) 100vw, 1024px\" \/><\/figure>\n\n\n\n<p><em>Ciudad de M\u00e9xico<\/em>.- El ministro de Asuntos Exteriores de Espa\u00f1a, Jos\u00e9 Manuel Albares, entreg\u00f3 a la presidenta Claudia Sheinbaum Pardo una invitaci\u00f3n de parte del rey Felipe VI para asistir a la Cumbre Iberoamericana de Madrid, prevista para noviembre, y afirm\u00f3 que para Espa\u00f1a M\u00e9xico es \u201cun pa\u00eds hermano\u201d, unido por intereses comunes, pero sobre todo por \u201cvalores comunes\u201d.<\/p>\n\n\n\n<p>En un mensaje conjunto con el canciller Roberto Velasco \u00c1lvarez, al finalizar una visita oficial a M\u00e9xico, ambos coincidieron en expresar su preocupaci\u00f3n por la situaci\u00f3n en Cuba.<\/p>\n\n\n\n<p>Albares sostuvo que toda respuesta a la crisis humanitaria en la isla debe apegarse al derecho internacional y a los principios de la Carta de las Naciones Unidas, mientras Velasco subray\u00f3 que M\u00e9xico reforzar\u00e1 con Espa\u00f1a el di\u00e1logo sobre Cuba, as\u00ed como la cooperaci\u00f3n humanitaria, bajo una relaci\u00f3n de solidaridad, respeto y b\u00fasqueda de una soluci\u00f3n duradera.<\/p>\n\n\n\n<p>Destac\u00f3 que su visita \u2014la tercera que realiza a M\u00e9xico como ministro\u2014 permiti\u00f3 reafirmar la \u201cafinidad y sinton\u00eda\u201d entre ambos pa\u00edses, as\u00ed como la solidez de una relaci\u00f3n bilateral que calific\u00f3 de intensa, diversificada y fruct\u00edfera. Resalt\u00f3 los v\u00ednculos humanos entre ambas naciones, con m\u00e1s de 210 mil espa\u00f1oles residentes en M\u00e9xico y una creciente comunidad mexicana en Espa\u00f1a, adem\u00e1s de la huella hist\u00f3rica del exilio republicano espa\u00f1ol acogido por M\u00e9xico.<\/p>\n\n\n\n<p>Por su parte, Velasco retom\u00f3 ese antecedente para se\u00f1alar que la relaci\u00f3n bilateral \u201cexcede lo cotidiano\u201d y record\u00f3 la decisi\u00f3n del presidente L\u00e1zaro C\u00e1rdenas de abrir las puertas del pa\u00eds a miles de exiliados espa\u00f1oles, un acto que defini\u00f3 como ejemplo perdurable de solidaridad entre ambos pueblos.<\/p>\n\n\n\n<p>El canciller mexicano afirm\u00f3 que la visita de Albares abre una nueva etapa de acercamiento basada en cuatro ejes: cooperaci\u00f3n cultural, cient\u00edfica y tecnol\u00f3gica, defensa de la democracia y coordinaci\u00f3n multilateral.<\/p>\n\n\n\n<p>En ese marco, destac\u00f3 la reactivaci\u00f3n del Fondo Mixto de Cooperaci\u00f3n T\u00e9cnica y Cient\u00edfica M\u00e9xico-Espa\u00f1a y la colaboraci\u00f3n entre el centro de supercomputaci\u00f3n de Barcelona y la supercomputadora Coatlicue, impulsada por el gobierno mexicano.<\/p>\n\n\n\n<p>Ambos funcionarios coincidieron tambi\u00e9n en fortalecer su coordinaci\u00f3n internacional en defensa del multilateralismo, la soluci\u00f3n pac\u00edfica de controversias y la vigencia del derecho internacional.<\/p>\n\n\n\n<p><em>Con informaci\u00f3n de La Jornada<\/em>.<\/p>\n","protected":false},"excerpt":{"rendered":"<p>Ciudad de M\u00e9xico.- El ministro de Asuntos Exteriores de Espa\u00f1a, Jos\u00e9 Manuel Albares, entreg\u00f3 a la presidenta Claudia Sheinbaum Pardo una invitaci\u00f3n de parte del rey Felipe VI para asistir a la Cumbre Iberoamericana de Madrid, prevista para noviembre, y afirm\u00f3 que para Espa\u00f1a M\u00e9xico es \u201cun pa\u00eds hermano\u201d, unido por intereses comunes, pero sobre [&hellip;]<\/p>\n","protected":false},"author":6,"featured_media":84286,"comment_status":"closed","ping_status":"closed","sticky":false,"template":"","format":"standard","meta":{"_acf_changed":false,"_monsterinsights_skip_tracking":false,"_monsterinsights_sitenote_active":false,"_monsterinsights_sitenote_note":"","_monsterinsights_sitenote_category":0,"slim_seo":{"title":"Rey Felipe VI de Espa\u00f1a invita a Sheinbaum a cumbre e impulsan cooperaci\u00f3n a Cuba - Opini\u00f3n P\u00fablica","description":"Ciudad de M\u00e9xico .- El ministro de Asuntos Exteriores de Espa\u00f1a, Jos\u00e9 Manuel Albares, entreg\u00f3 a la presidenta Claudia Sheinbaum Pardo una invitaci\u00f3n de parte de"},"footnotes":""},"categories":[4],"tags":[307,525,3225,2760],"class_list":["post-84283","post","type-post","status-publish","format-standard","has-post-thumbnail","hentry","category-pulsopolitico","tag-claudia-sheinbaum","tag-cuba","tag-cumbre-iberoamericana-de-madrid","tag-rey-felipe-vi-de-espana"],"acf":[],"_links":{"self":[{"href":"https:\/\/www.opinionpublica.tv\/portada\/wp-json\/wp\/v2\/posts\/84283","targetHints":{"allow":["GET"]}}],"collection":[{"href":"https:\/\/www.opinionpublica.tv\/portada\/wp-json\/wp\/v2\/posts"}],"about":[{"href":"https:\/\/www.opinionpublica.tv\/portada\/wp-json\/wp\/v2\/types\/post"}],"author":[{"embeddable":true,"href":"https:\/\/www.opinionpublica.tv\/portada\/wp-json\/wp\/v2\/users\/6"}],"replies":[{"embeddable":true,"href":"https:\/\/www.opinionpublica.tv\/portada\/wp-json\/wp\/v2\/comments?post=84283"}],"version-history":[{"count":3,"href":"https:\/\/www.opinionpublica.tv\/portada\/wp-json\/wp\/v2\/posts\/84283\/revisions"}],"predecessor-version":[{"id":84287,"href":"https:\/\/www.opinionpublica.tv\/portada\/wp-json\/wp\/v2\/posts\/84283\/revisions\/84287"}],"wp:featuredmedia":[{"embeddable":true,"href":"https:\/\/www.opinionpublica.tv\/portada\/wp-json\/wp\/v2\/media\/84286"}],"wp:attachment":[{"href":"https:\/\/www.opinionpublica.tv\/portada\/wp-json\/wp\/v2\/media?parent=84283"}],"wp:term":[{"taxonomy":"category","embeddable":true,"href":"https:\/\/www.opinionpublica.tv\/portada\/wp-json\/wp\/v2\/categories?post=84283"},{"taxonomy":"post_tag","embeddable":true,"href":"https:\/\/www.opinionpublica.tv\/portada\/wp-json\/wp\/v2\/tags?post=84283"}],"curies":[{"name":"wp","href":"https:\/\/api.w.org\/{rel}","templated":true}]}}