{"id":84277,"date":"2026-05-01T00:01:00","date_gmt":"2026-05-01T06:01:00","guid":{"rendered":"https:\/\/www.opinionpublica.tv\/portada\/?p=84277"},"modified":"2026-04-30T15:30:43","modified_gmt":"2026-04-30T21:30:43","slug":"caso-ruben-rocha-es-solo-el-principio-impunidad-para-narco-terroristas-ha-terminado-camara-de-representantes-eu","status":"publish","type":"post","link":"https:\/\/www.opinionpublica.tv\/portada\/caso-ruben-rocha-es-solo-el-principio-impunidad-para-narco-terroristas-ha-terminado-camara-de-representantes-eu\/","title":{"rendered":"Caso Rub\u00e9n Rocha \u00abes s\u00f3lo el principio impunidad para narco terroristas ha terminado\u00bb: C\u00e1mara Representantes EU"},"content":{"rendered":"\n<figure class=\"wp-block-image size-large\"><img fetchpriority=\"high\" decoding=\"async\" width=\"1024\" height=\"631\" src=\"https:\/\/www.opinionpublica.tv\/portada\/wp-content\/uploads\/2026\/04\/Caso-Ruben-Rocha-22es-solo-el-principio-impunidad-para-narco-terroristas-ha-terminado22-Camara-Representantes-EU-1024x631.avif\" alt=\"Caso rube\u0301n rocha %22es so\u0301lo el principio impunidad para narco terroristas ha terminado%22 ca\u0301mara representantes eu\" class=\"wp-image-84280\" srcset=\"https:\/\/www.opinionpublica.tv\/portada\/wp-content\/uploads\/2026\/04\/Caso-Ruben-Rocha-22es-solo-el-principio-impunidad-para-narco-terroristas-ha-terminado22-Camara-Representantes-EU-1024x631.avif 1024w, https:\/\/www.opinionpublica.tv\/portada\/wp-content\/uploads\/2026\/04\/Caso-Ruben-Rocha-22es-solo-el-principio-impunidad-para-narco-terroristas-ha-terminado22-Camara-Representantes-EU-300x185.avif 300w, https:\/\/www.opinionpublica.tv\/portada\/wp-content\/uploads\/2026\/04\/Caso-Ruben-Rocha-22es-solo-el-principio-impunidad-para-narco-terroristas-ha-terminado22-Camara-Representantes-EU-768x473.avif 768w, https:\/\/www.opinionpublica.tv\/portada\/wp-content\/uploads\/2026\/04\/Caso-Ruben-Rocha-22es-solo-el-principio-impunidad-para-narco-terroristas-ha-terminado22-Camara-Representantes-EU.avif 1081w\" sizes=\"(max-width: 1024px) 100vw, 1024px\" \/><\/figure>\n\n\n\n<p><em>Washington, EU<\/em>.- El Comit\u00e9 de Asuntos Exteriores de la C\u00e1mara de Representantes de Estados Unidos poste\u00f3 en X que el caso del Departamento de Justicia contra el gobernador de Sinaloa, Rub\u00e9n Rocha Moya, \u00abes s\u00f3lo el principio\u00bb.<\/p>\n\n\n\n<p>Indic\u00f3 que \u00abdesde Nicol\u00e1s Maduro hasta Rub\u00e9n Rocha Moya, si est\u00e1s implicado en el tr\u00e1fico de drogas hacia Estados Unidos, te haremos rendir cuentas\u00bb. Agreg\u00f3 que \u00ablos d\u00edas de impunidad para los narcoterroristas han terminado\u00bb.<\/p>\n\n\n\n<p>La presidenta mexicana Claudia Sheinbaum reaccion\u00f3 el jueves con firmeza a la acusaci\u00f3n por narcotr\u00e1fico de Estados Unidos contra el gobernador oficialista del estado de Sinaloa y afirm\u00f3 que dejar\u00e1 en manos de la Fiscal\u00eda General la decisi\u00f3n sobre c\u00f3mo proceder en el controversial caso que ha desatado nuevas tensiones con Washington.<\/p>\n\n\n\n<p>Sheinbaum indic\u00f3 que si la Fiscal\u00eda General recibe \u201cpruebas contundentes e irrefutables\u201d o si en su investigaci\u00f3n encuentra elementos constitutivos de un delito \u201cdeber\u00e1 proceder conforme a derecho bajo nuestra jurisdicci\u00f3n\u201d para tramitar la detenci\u00f3n y extradici\u00f3n del gobernador y de otros nueve funcionarios mexicanos.<\/p>\n\n\n\n<p>Pero seguidamente advirti\u00f3 que \u201csi no existen pruebas claras es evidente que el objetivo de estas imputaciones por parte del Departamento de Justicia es pol\u00edtico\u201d.<\/p>\n\n\n\n<p>\u201cDebe quedar sumamente claro: bajo ning\u00fan motivo vamos a permitir la intromisi\u00f3n o injerencia de un gobierno extranjero en las decisiones que le competen exclusivamente al pueblo de M\u00e9xico\u201d, afirm\u00f3 la mandataria.<\/p>\n\n\n\n<p>El proceso iniciado en Nueva York contra el gobernador de Sinaloa, Rub\u00e9n Rocha Moya \u2014el funcionario de mayor rango entre los acusados\u2014 por presuntos v\u00ednculos con el narcotr\u00e1fico ha desatado nuevas fricciones entre M\u00e9xico y la administraci\u00f3n de Donald Trump.<\/p>\n\n\n\n<p><em>Con informaci\u00f3n de El Universal<\/em>.<\/p>\n","protected":false},"excerpt":{"rendered":"<p>Washington, EU.- El Comit\u00e9 de Asuntos Exteriores de la C\u00e1mara de Representantes de Estados Unidos poste\u00f3 en X que el caso del Departamento de Justicia contra el gobernador de Sinaloa, Rub\u00e9n Rocha Moya, \u00abes s\u00f3lo el principio\u00bb. Indic\u00f3 que \u00abdesde Nicol\u00e1s Maduro hasta Rub\u00e9n Rocha Moya, si est\u00e1s implicado en el tr\u00e1fico de drogas hacia [&hellip;]<\/p>\n","protected":false},"author":6,"featured_media":84280,"comment_status":"closed","ping_status":"closed","sticky":false,"template":"","format":"standard","meta":{"_acf_changed":false,"_monsterinsights_skip_tracking":false,"_monsterinsights_sitenote_active":false,"_monsterinsights_sitenote_note":"","_monsterinsights_sitenote_category":0,"slim_seo":{"title":"Caso Rub\u00e9n Rocha \"es s\u00f3lo el principio impunidad para narco terroristas ha terminado\": C\u00e1mara Representantes EU - Opini\u00f3n P\u00fablica","description":"Washington, EU .- El Comit\u00e9 de Asuntos Exteriores de la C\u00e1mara de Representantes de Estados Unidos poste\u00f3 en X que el caso del Departamento de Justicia contra e"},"footnotes":""},"categories":[3],"tags":[3172,3224,1197,1198],"class_list":["post-84277","post","type-post","status-publish","format-standard","has-post-thumbnail","hentry","category-principal","tag-narco-politicos-mexicanos","tag-narco-terroristas","tag-ruben-rocha-moya","tag-sinaloa"],"acf":[],"_links":{"self":[{"href":"https:\/\/www.opinionpublica.tv\/portada\/wp-json\/wp\/v2\/posts\/84277","targetHints":{"allow":["GET"]}}],"collection":[{"href":"https:\/\/www.opinionpublica.tv\/portada\/wp-json\/wp\/v2\/posts"}],"about":[{"href":"https:\/\/www.opinionpublica.tv\/portada\/wp-json\/wp\/v2\/types\/post"}],"author":[{"embeddable":true,"href":"https:\/\/www.opinionpublica.tv\/portada\/wp-json\/wp\/v2\/users\/6"}],"replies":[{"embeddable":true,"href":"https:\/\/www.opinionpublica.tv\/portada\/wp-json\/wp\/v2\/comments?post=84277"}],"version-history":[{"count":3,"href":"https:\/\/www.opinionpublica.tv\/portada\/wp-json\/wp\/v2\/posts\/84277\/revisions"}],"predecessor-version":[{"id":84282,"href":"https:\/\/www.opinionpublica.tv\/portada\/wp-json\/wp\/v2\/posts\/84277\/revisions\/84282"}],"wp:featuredmedia":[{"embeddable":true,"href":"https:\/\/www.opinionpublica.tv\/portada\/wp-json\/wp\/v2\/media\/84280"}],"wp:attachment":[{"href":"https:\/\/www.opinionpublica.tv\/portada\/wp-json\/wp\/v2\/media?parent=84277"}],"wp:term":[{"taxonomy":"category","embeddable":true,"href":"https:\/\/www.opinionpublica.tv\/portada\/wp-json\/wp\/v2\/categories?post=84277"},{"taxonomy":"post_tag","embeddable":true,"href":"https:\/\/www.opinionpublica.tv\/portada\/wp-json\/wp\/v2\/tags?post=84277"}],"curies":[{"name":"wp","href":"https:\/\/api.w.org\/{rel}","templated":true}]}}