{"id":84273,"date":"2026-05-01T00:01:00","date_gmt":"2026-05-01T06:01:00","guid":{"rendered":"https:\/\/www.opinionpublica.tv\/portada\/?p=84273"},"modified":"2026-04-30T15:26:52","modified_gmt":"2026-04-30T21:26:52","slug":"sheinbaum-pide-pruebas-claras-en-caso-ruben-rocha-si-no-es-politico-asegura","status":"publish","type":"post","link":"https:\/\/www.opinionpublica.tv\/portada\/sheinbaum-pide-pruebas-claras-en-caso-ruben-rocha-si-no-es-politico-asegura\/","title":{"rendered":"Sheinbaum pide &#8216;pruebas claras&#8217; en caso Rub\u00e9n Rocha; si no, es pol\u00edtico, asegura"},"content":{"rendered":"\n<figure class=\"wp-block-image size-large\"><img fetchpriority=\"high\" decoding=\"async\" width=\"1024\" height=\"631\" src=\"https:\/\/www.opinionpublica.tv\/portada\/wp-content\/uploads\/2026\/04\/Sheinbaum-pide-pruebas-claras-en-caso-Ruben-Rocha-si-no-es-politico-asegura-1024x631.avif\" alt=\"Sheinbaum pide 'pruebas claras' en caso rube\u0301n rocha; si no, es poli\u0301tico, asegura\" class=\"wp-image-84275\" srcset=\"https:\/\/www.opinionpublica.tv\/portada\/wp-content\/uploads\/2026\/04\/Sheinbaum-pide-pruebas-claras-en-caso-Ruben-Rocha-si-no-es-politico-asegura-1024x631.avif 1024w, https:\/\/www.opinionpublica.tv\/portada\/wp-content\/uploads\/2026\/04\/Sheinbaum-pide-pruebas-claras-en-caso-Ruben-Rocha-si-no-es-politico-asegura-300x185.avif 300w, https:\/\/www.opinionpublica.tv\/portada\/wp-content\/uploads\/2026\/04\/Sheinbaum-pide-pruebas-claras-en-caso-Ruben-Rocha-si-no-es-politico-asegura-768x474.avif 768w, https:\/\/www.opinionpublica.tv\/portada\/wp-content\/uploads\/2026\/04\/Sheinbaum-pide-pruebas-claras-en-caso-Ruben-Rocha-si-no-es-politico-asegura.avif 1080w\" sizes=\"(max-width: 1024px) 100vw, 1024px\" \/><\/figure>\n\n\n\n<p><em>Ciudad de M\u00e9xico<\/em>.- La presidenta Claudia Sheinbaum Pardo fij\u00f3 un posicionamiento ante las acusaciones de Estados Unidos contra el gobernador Rub\u00e9n Rocha Moya y otras personas por narcotr\u00e1fico.<\/p>\n\n\n\n<p>\u201cMi posici\u00f3n ante estos hechos es: verdad, justicia y defensa de la soberan\u00eda. Es decir, si la Fiscal\u00eda General de la Rep\u00fablica, que es la autoridad competente, recibe pruebas contundentes e irrefutables conforme a la legislaci\u00f3n mexicana, o en su propia investigaci\u00f3n encuentra elementos constitutivos de un delito, deber\u00e1 proceder conforme a derecho, bajo nuestra jurisdicci\u00f3n\u201d, dijo Sheinbaum.<\/p>\n\n\n\n<p>\u201cNosotros no vamos a cubrir a nadie que haya cometido un delito; sin embargo, si no existen pruebas claras, es evidente que el objetivo de estas imputaciones por parte del Departamento de Justicia es pol\u00edtico\u201d, agreg\u00f3.<\/p>\n\n\n\n<p>La mandataria federal indic\u00f3 que debe quedar sumamente claro que \u201cbajo ning\u00fan motivo vamos a permitir la intromisi\u00f3n o injerencia de un gobierno extranjero en las decisiones que le competen exclusivamente al pueblo de M\u00e9xico\u201d.<\/p>\n\n\n\n<p>\u201cVerdad, justicia y defensa de la soberan\u00eda, esta es nuestra posici\u00f3n\u201d, recalc\u00f3 la titular del Ejecutivo federal.<\/p>\n\n\n\n<p>Coment\u00f3 que la Fiscal\u00eda se\u00f1al\u00f3 que iniciar\u00e1 una investigaci\u00f3n para allegarse de toda la informaci\u00f3n necesaria para conocer si existen datos de prueba que establezcan que la acusaci\u00f3n hecha por las autoridades estadounidenses cuenta con el fundamento legal para solicitar \u00f3rdenes de aprehensi\u00f3n.<\/p>\n\n\n\n<p>Mencion\u00f3 que desde que asumi\u00f3 la Presidencia, jur\u00f3 hacer respetar la Constituci\u00f3n y las leyes, as\u00ed como asumi\u00f3 el compromiso de velar por el bienestar del pueblo y la defensa de la soberan\u00eda nacional.<\/p>\n\n\n\n<p><em>Con informaci\u00f3n de El Universal<\/em>.<\/p>\n","protected":false},"excerpt":{"rendered":"<p>Ciudad de M\u00e9xico.- La presidenta Claudia Sheinbaum Pardo fij\u00f3 un posicionamiento ante las acusaciones de Estados Unidos contra el gobernador Rub\u00e9n Rocha Moya y otras personas por narcotr\u00e1fico. \u201cMi posici\u00f3n ante estos hechos es: verdad, justicia y defensa de la soberan\u00eda. Es decir, si la Fiscal\u00eda General de la Rep\u00fablica, que es la autoridad competente, [&hellip;]<\/p>\n","protected":false},"author":6,"featured_media":84275,"comment_status":"closed","ping_status":"closed","sticky":false,"template":"","format":"standard","meta":{"_acf_changed":false,"_monsterinsights_skip_tracking":false,"_monsterinsights_sitenote_active":false,"_monsterinsights_sitenote_note":"","_monsterinsights_sitenote_category":0,"slim_seo":{"title":"Sheinbaum pide 'pruebas claras' en caso Rub\u00e9n Rocha; si no, es pol\u00edtico, asegura - Opini\u00f3n P\u00fablica","description":"Ciudad de M\u00e9xico .- La presidenta Claudia Sheinbaum Pardo fij\u00f3 un posicionamiento ante las acusaciones de Estados Unidos contra el gobernador Rub\u00e9n Rocha Moya y"},"footnotes":""},"categories":[4],"tags":[307,202,3172,1197,1198],"class_list":["post-84273","post","type-post","status-publish","format-standard","has-post-thumbnail","hentry","category-pulsopolitico","tag-claudia-sheinbaum","tag-dea","tag-narco-politicos-mexicanos","tag-ruben-rocha-moya","tag-sinaloa"],"acf":[],"_links":{"self":[{"href":"https:\/\/www.opinionpublica.tv\/portada\/wp-json\/wp\/v2\/posts\/84273","targetHints":{"allow":["GET"]}}],"collection":[{"href":"https:\/\/www.opinionpublica.tv\/portada\/wp-json\/wp\/v2\/posts"}],"about":[{"href":"https:\/\/www.opinionpublica.tv\/portada\/wp-json\/wp\/v2\/types\/post"}],"author":[{"embeddable":true,"href":"https:\/\/www.opinionpublica.tv\/portada\/wp-json\/wp\/v2\/users\/6"}],"replies":[{"embeddable":true,"href":"https:\/\/www.opinionpublica.tv\/portada\/wp-json\/wp\/v2\/comments?post=84273"}],"version-history":[{"count":2,"href":"https:\/\/www.opinionpublica.tv\/portada\/wp-json\/wp\/v2\/posts\/84273\/revisions"}],"predecessor-version":[{"id":84276,"href":"https:\/\/www.opinionpublica.tv\/portada\/wp-json\/wp\/v2\/posts\/84273\/revisions\/84276"}],"wp:featuredmedia":[{"embeddable":true,"href":"https:\/\/www.opinionpublica.tv\/portada\/wp-json\/wp\/v2\/media\/84275"}],"wp:attachment":[{"href":"https:\/\/www.opinionpublica.tv\/portada\/wp-json\/wp\/v2\/media?parent=84273"}],"wp:term":[{"taxonomy":"category","embeddable":true,"href":"https:\/\/www.opinionpublica.tv\/portada\/wp-json\/wp\/v2\/categories?post=84273"},{"taxonomy":"post_tag","embeddable":true,"href":"https:\/\/www.opinionpublica.tv\/portada\/wp-json\/wp\/v2\/tags?post=84273"}],"curies":[{"name":"wp","href":"https:\/\/api.w.org\/{rel}","templated":true}]}}