{"id":8427,"date":"2016-11-22T07:00:00","date_gmt":"2016-11-22T06:00:00","guid":{"rendered":"https:\/\/www.opinionpublica.tv\/portada\/2016\/11\/22\/video-preocupados-por-el-anuncio-de-trump-de-retirar-a-eu-del-ttp\/"},"modified":"2016-11-22T07:00:00","modified_gmt":"2016-11-22T06:00:00","slug":"video-preocupados-por-el-anuncio-de-trump-de-retirar-a-eu-del-ttp","status":"publish","type":"post","link":"https:\/\/www.opinionpublica.tv\/portada\/video-preocupados-por-el-anuncio-de-trump-de-retirar-a-eu-del-ttp\/","title":{"rendered":"Video: Preocupados por el anuncio de Trump de retirar a EU del TTP"},"content":{"rendered":"<p><img fetchpriority=\"high\" decoding=\"async\" class=\" size-full wp-image-8426\" src=\"https:\/\/www.opinionpublica.tv\/portada\/wp-content\/uploads\/2016\/11\/f61afa6a7136b2866028e08f9e9fed81.jpg\" alt=\"\" width=\"493\" height=\"299\" srcset=\"https:\/\/www.opinionpublica.tv\/portada\/wp-content\/uploads\/2016\/11\/f61afa6a7136b2866028e08f9e9fed81.jpg 493w, https:\/\/www.opinionpublica.tv\/portada\/wp-content\/uploads\/2016\/11\/f61afa6a7136b2866028e08f9e9fed81-300x182.jpg 300w\" sizes=\"(max-width: 493px) 100vw, 493px\" \/><br \/>\n<!--more--><\/p>\n<p style=\"text-align: justify;\">Los l\u00edderes de varios pa\u00edses muestran su preocupaci\u00f3n ante el anuncio de Donald Trump de retirar a Estados Unidos del Acuerdo de Asociaci\u00f3n Transpac\u00edfico (TPP). El presidente electo estadounidense, que prometi\u00f3 hacerlo durante su campa\u00f1a, calific\u00f3 el tratado de \u00abpotencial desastre\u00bb en el v\u00eddeo divulgado con algunas de las reformas que quiere llevar a cabo en el comienzo de su mandato.<\/p>\n<div class=\"k2_video\"><iframe title=\"Los l\u00edderes de varios pa\u00edses, preocupados por el anuncio de Trump de retirar a EE. UU del TTP\" width=\"800\" height=\"450\" src=\"https:\/\/www.youtube.com\/embed\/93I-Mkfgqv4?feature=oembed\" frameborder=\"0\" allow=\"accelerometer; autoplay; clipboard-write; encrypted-media; gyroscope; picture-in-picture; web-share\" referrerpolicy=\"strict-origin-when-cross-origin\" allowfullscreen><\/iframe>\n<\/div>\n","protected":false},"excerpt":{"rendered":"","protected":false},"author":1,"featured_media":8426,"comment_status":"open","ping_status":"open","sticky":false,"template":"","format":"standard","meta":{"_acf_changed":false,"_monsterinsights_skip_tracking":false,"slim_seo":{"title":"Video: Preocupados por el anuncio de Trump de retirar a EU del TTP - Opini\u00f3n P\u00fablica","description":"Los l\u00edderes de varios pa\u00edses muestran su preocupaci\u00f3n ante el anuncio de Donald Trump de retirar a Estados Unidos del Acuerdo de Asociaci\u00f3n Transpac\u00edfico (TPP)."},"footnotes":""},"categories":[13],"tags":[],"class_list":["post-8427","post","type-post","status-publish","format-standard","has-post-thumbnail","hentry","category-videos-destacados-contenido"],"acf":[],"_links":{"self":[{"href":"https:\/\/www.opinionpublica.tv\/portada\/wp-json\/wp\/v2\/posts\/8427","targetHints":{"allow":["GET"]}}],"collection":[{"href":"https:\/\/www.opinionpublica.tv\/portada\/wp-json\/wp\/v2\/posts"}],"about":[{"href":"https:\/\/www.opinionpublica.tv\/portada\/wp-json\/wp\/v2\/types\/post"}],"author":[{"embeddable":true,"href":"https:\/\/www.opinionpublica.tv\/portada\/wp-json\/wp\/v2\/users\/1"}],"replies":[{"embeddable":true,"href":"https:\/\/www.opinionpublica.tv\/portada\/wp-json\/wp\/v2\/comments?post=8427"}],"version-history":[{"count":0,"href":"https:\/\/www.opinionpublica.tv\/portada\/wp-json\/wp\/v2\/posts\/8427\/revisions"}],"wp:featuredmedia":[{"embeddable":true,"href":"https:\/\/www.opinionpublica.tv\/portada\/wp-json\/wp\/v2\/media\/8426"}],"wp:attachment":[{"href":"https:\/\/www.opinionpublica.tv\/portada\/wp-json\/wp\/v2\/media?parent=8427"}],"wp:term":[{"taxonomy":"category","embeddable":true,"href":"https:\/\/www.opinionpublica.tv\/portada\/wp-json\/wp\/v2\/categories?post=8427"},{"taxonomy":"post_tag","embeddable":true,"href":"https:\/\/www.opinionpublica.tv\/portada\/wp-json\/wp\/v2\/tags?post=8427"}],"curies":[{"name":"wp","href":"https:\/\/api.w.org\/{rel}","templated":true}]}}