{"id":84258,"date":"2026-05-01T00:01:00","date_gmt":"2026-05-01T06:01:00","guid":{"rendered":"https:\/\/www.opinionpublica.tv\/portada\/?p=84258"},"modified":"2026-04-30T14:22:05","modified_gmt":"2026-04-30T20:22:05","slug":"video-acusacion-vs-rocha-moya-bomba-en-dos-terrenos-para-sheinbaum-jesus-silva-herzog-m","status":"publish","type":"post","link":"https:\/\/www.opinionpublica.tv\/portada\/video-acusacion-vs-rocha-moya-bomba-en-dos-terrenos-para-sheinbaum-jesus-silva-herzog-m\/","title":{"rendered":"Video: Acusaci\u00f3n contra Rocha Moya, bomba para Sheinbaum: Jes\u00fas Silva-Herzog M\u00e1rquez | Latinus"},"content":{"rendered":"\n<p><a href=\"https:\/\/www.youtube.com\/@Latinusus\"><\/a><\/p>\n\n\n\n<figure class=\"wp-block-embed is-type-video is-provider-youtube wp-block-embed-youtube wp-embed-aspect-16-9 wp-has-aspect-ratio\"><div class=\"wp-block-embed__wrapper\">\n<iframe title=\"Acusaci\u00f3n contra Rocha Moya es una bomba en dos terrenos para Sheinbaum: Jes\u00fas Silva-Herzog M\u00e1rquez\" width=\"800\" height=\"450\" src=\"https:\/\/www.youtube.com\/embed\/2PyNFZ-Nkq8?feature=oembed\" frameborder=\"0\" allow=\"accelerometer; autoplay; clipboard-write; encrypted-media; gyroscope; picture-in-picture; web-share\" referrerpolicy=\"strict-origin-when-cross-origin\" allowfullscreen><\/iframe>\n<\/div><\/figure>\n\n\n\n<p>El acad\u00e9mico y analista pol\u00edtico, Jes\u00fas Silva-Herzog M\u00e1rquez, asegura que la acusaci\u00f3n de narcotr\u00e1fico contra el gobernador de Sinaloa, Rub\u00e9n Rocha Moya, es una bomba en dos terrenos para la presidenta Claudia Sheinbaum.<\/p>\n\n\n\n<p><em>Cr\u00e9ditos: Latinus<\/em>.<\/p>\n","protected":false},"excerpt":{"rendered":"<p>El acad\u00e9mico y analista pol\u00edtico, Jes\u00fas Silva-Herzog M\u00e1rquez, asegura que la acusaci\u00f3n de narcotr\u00e1fico contra el gobernador de Sinaloa, Rub\u00e9n Rocha Moya, es una bomba en dos terrenos para la presidenta Claudia Sheinbaum. Cr\u00e9ditos: Latinus.<\/p>\n","protected":false},"author":6,"featured_media":84263,"comment_status":"closed","ping_status":"closed","sticky":false,"template":"","format":"standard","meta":{"_acf_changed":false,"_monsterinsights_skip_tracking":false,"_monsterinsights_sitenote_active":false,"_monsterinsights_sitenote_note":"","_monsterinsights_sitenote_category":0,"slim_seo":{"title":"Video: Acusaci\u00f3n contra Rocha Moya, bomba para Sheinbaum: Jes\u00fas Silva-Herzog M\u00e1rquez | Latinus - Opini\u00f3n P\u00fablica","description":"https:\/\/youtu.be\/2PyNFZ-Nkq8?si=8dPqlwfnNqHPW4nw El acad\u00e9mico y analista pol\u00edtico, Jes\u00fas Silva-Herzog M\u00e1rquez, asegura que la acusaci\u00f3n de narcotr\u00e1fico contra e"},"footnotes":""},"categories":[2,13,8],"tags":[1051,1134,1197],"class_list":["post-84258","post","type-post","status-publish","format-standard","has-post-thumbnail","hentry","category-videos-destacados","category-videos-destacados-contenido","category-videos","tag-jesus-silva-herzog-marquez","tag-latinus","tag-ruben-rocha-moya"],"acf":[],"_links":{"self":[{"href":"https:\/\/www.opinionpublica.tv\/portada\/wp-json\/wp\/v2\/posts\/84258","targetHints":{"allow":["GET"]}}],"collection":[{"href":"https:\/\/www.opinionpublica.tv\/portada\/wp-json\/wp\/v2\/posts"}],"about":[{"href":"https:\/\/www.opinionpublica.tv\/portada\/wp-json\/wp\/v2\/types\/post"}],"author":[{"embeddable":true,"href":"https:\/\/www.opinionpublica.tv\/portada\/wp-json\/wp\/v2\/users\/6"}],"replies":[{"embeddable":true,"href":"https:\/\/www.opinionpublica.tv\/portada\/wp-json\/wp\/v2\/comments?post=84258"}],"version-history":[{"count":3,"href":"https:\/\/www.opinionpublica.tv\/portada\/wp-json\/wp\/v2\/posts\/84258\/revisions"}],"predecessor-version":[{"id":84262,"href":"https:\/\/www.opinionpublica.tv\/portada\/wp-json\/wp\/v2\/posts\/84258\/revisions\/84262"}],"wp:featuredmedia":[{"embeddable":true,"href":"https:\/\/www.opinionpublica.tv\/portada\/wp-json\/wp\/v2\/media\/84263"}],"wp:attachment":[{"href":"https:\/\/www.opinionpublica.tv\/portada\/wp-json\/wp\/v2\/media?parent=84258"}],"wp:term":[{"taxonomy":"category","embeddable":true,"href":"https:\/\/www.opinionpublica.tv\/portada\/wp-json\/wp\/v2\/categories?post=84258"},{"taxonomy":"post_tag","embeddable":true,"href":"https:\/\/www.opinionpublica.tv\/portada\/wp-json\/wp\/v2\/tags?post=84258"}],"curies":[{"name":"wp","href":"https:\/\/api.w.org\/{rel}","templated":true}]}}