{"id":8425,"date":"2016-11-22T07:00:00","date_gmt":"2016-11-22T06:00:00","guid":{"rendered":"https:\/\/www.opinionpublica.tv\/portada\/2016\/11\/22\/piden-registrar-animales-de-vida-silvestre\/"},"modified":"2016-11-22T07:00:00","modified_gmt":"2016-11-22T06:00:00","slug":"piden-registrar-animales-de-vida-silvestre","status":"publish","type":"post","link":"https:\/\/www.opinionpublica.tv\/portada\/piden-registrar-animales-de-vida-silvestre\/","title":{"rendered":"Piden registrar animales de vida silvestre"},"content":{"rendered":"<p><img fetchpriority=\"high\" decoding=\"async\" class=\" size-full wp-image-8424\" src=\"https:\/\/www.opinionpublica.tv\/portada\/wp-content\/uploads\/2016\/11\/c951deae61c25f201fedf7ac5995ceb1.jpg\" alt=\"\" width=\"582\" height=\"440\" srcset=\"https:\/\/www.opinionpublica.tv\/portada\/wp-content\/uploads\/2016\/11\/c951deae61c25f201fedf7ac5995ceb1.jpg 582w, https:\/\/www.opinionpublica.tv\/portada\/wp-content\/uploads\/2016\/11\/c951deae61c25f201fedf7ac5995ceb1-300x227.jpg 300w\" sizes=\"(max-width: 582px) 100vw, 582px\" \/><br \/>\n<!--more--><\/p>\n<p style=\"text-align: justify;\">Los ejemplares de fauna silvestre que convivan en un ambiente dom\u00e9stico deben ser adquiridos en tiendas debidamente autorizadas y tener documentada su legal procedencia de criaderos registrados en condiciones controladas e id\u00f3neas denominadas UMA Intensiva o predios e instalaciones que manejan vida silvestre fuera de su h\u00e1bitat natural.<\/p>\n<p style=\"text-align: justify;\">Estos tr\u00e1mites deben ser gestionados ante la Secretar\u00eda de Desarrollo Urbano y Ecolog\u00eda (SDUE),\u00a0a cargo de \u00a0Cecilia Olivia Olague Caballero,\u00a0a trav\u00e9s del Departamento de Vida Silvestre y mediante un formato que debe contener el nombre\u00a0com\u00fan del ejemplar que se pretenda registrar como mascota, el nombre cient\u00edfico que le corresponda, anotando el\u00a0 g\u00e9nero y especie, en su caso subespecie, as\u00ed como el n\u00famero, la cantidad de ejemplares que correspondan a esa especie y el sexo del o los ejemplares a registrar.\u00a0<\/p>\n<p style=\"text-align: justify;\">Adem\u00e1s deber\u00e1 de registrarse la edad del o los ejemplares (puede ser un dato aproximado), describir si el o los ejemplares presentan alguna se\u00f1a particular, especificar el lugar y\/o forma en la que obtuvo al o los ejemplares.<\/p>\n<p style=\"text-align: justify;\">Finalmente, es necesario presentar documentos anexos\u00a0tales como factura, fotograf\u00eda del ejemplar, tipo de marcaje que utiliza el o los ejemplares, (chip, anillo, arete, otro), certificado veterinario, fotograf\u00edas de las instalaciones donde se tiene el o los ejemplares, as\u00ed como los datos completos del solicitante.\u00a0<\/p>\n<p style=\"text-align: justify;\">Fuente: El Observador\u00a0<\/p>\n","protected":false},"excerpt":{"rendered":"","protected":false},"author":1,"featured_media":8424,"comment_status":"open","ping_status":"open","sticky":false,"template":"","format":"standard","meta":{"_acf_changed":false,"_monsterinsights_skip_tracking":false,"slim_seo":{"title":"Piden registrar animales de vida silvestre - Opini\u00f3n P\u00fablica","description":"Los ejemplares de fauna silvestre que convivan en un ambiente dom\u00e9stico deben ser adquiridos en tiendas debidamente autorizadas y tener documentada su legal pro"},"footnotes":""},"categories":[4],"tags":[],"class_list":["post-8425","post","type-post","status-publish","format-standard","has-post-thumbnail","hentry","category-pulsopolitico"],"acf":[],"_links":{"self":[{"href":"https:\/\/www.opinionpublica.tv\/portada\/wp-json\/wp\/v2\/posts\/8425","targetHints":{"allow":["GET"]}}],"collection":[{"href":"https:\/\/www.opinionpublica.tv\/portada\/wp-json\/wp\/v2\/posts"}],"about":[{"href":"https:\/\/www.opinionpublica.tv\/portada\/wp-json\/wp\/v2\/types\/post"}],"author":[{"embeddable":true,"href":"https:\/\/www.opinionpublica.tv\/portada\/wp-json\/wp\/v2\/users\/1"}],"replies":[{"embeddable":true,"href":"https:\/\/www.opinionpublica.tv\/portada\/wp-json\/wp\/v2\/comments?post=8425"}],"version-history":[{"count":0,"href":"https:\/\/www.opinionpublica.tv\/portada\/wp-json\/wp\/v2\/posts\/8425\/revisions"}],"wp:featuredmedia":[{"embeddable":true,"href":"https:\/\/www.opinionpublica.tv\/portada\/wp-json\/wp\/v2\/media\/8424"}],"wp:attachment":[{"href":"https:\/\/www.opinionpublica.tv\/portada\/wp-json\/wp\/v2\/media?parent=8425"}],"wp:term":[{"taxonomy":"category","embeddable":true,"href":"https:\/\/www.opinionpublica.tv\/portada\/wp-json\/wp\/v2\/categories?post=8425"},{"taxonomy":"post_tag","embeddable":true,"href":"https:\/\/www.opinionpublica.tv\/portada\/wp-json\/wp\/v2\/tags?post=8425"}],"curies":[{"name":"wp","href":"https:\/\/api.w.org\/{rel}","templated":true}]}}