{"id":84248,"date":"2026-04-30T00:01:00","date_gmt":"2026-04-30T06:01:00","guid":{"rendered":"https:\/\/www.opinionpublica.tv\/portada\/?p=84248"},"modified":"2026-04-29T19:44:07","modified_gmt":"2026-04-30T01:44:07","slug":"piden-aprovechar-ultimo-dia-de-descuentos-en-el-pago-de-revalidacion-vehicular","status":"publish","type":"post","link":"https:\/\/www.opinionpublica.tv\/portada\/piden-aprovechar-ultimo-dia-de-descuentos-en-el-pago-de-revalidacion-vehicular\/","title":{"rendered":"Llaman a aprovechar \u00faltimo d\u00eda de descuentos en el pago de revalidaci\u00f3n vehicular"},"content":{"rendered":"\n<figure class=\"wp-block-image size-large\"><img fetchpriority=\"high\" decoding=\"async\" width=\"1024\" height=\"576\" src=\"https:\/\/www.opinionpublica.tv\/portada\/wp-content\/uploads\/2026\/04\/Llaman-a-aprovechar-ultimo-dia-de-descuentos-en-el-pago-de-revalidacion-vehicular-1024x576.jpeg\" alt=\"Llaman a aprovechar u\u0301ltimo di\u0301a de descuentos en el pago de revalidacio\u0301n vehicular\" class=\"wp-image-84251\" srcset=\"https:\/\/www.opinionpublica.tv\/portada\/wp-content\/uploads\/2026\/04\/Llaman-a-aprovechar-ultimo-dia-de-descuentos-en-el-pago-de-revalidacion-vehicular-1024x576.jpeg 1024w, https:\/\/www.opinionpublica.tv\/portada\/wp-content\/uploads\/2026\/04\/Llaman-a-aprovechar-ultimo-dia-de-descuentos-en-el-pago-de-revalidacion-vehicular-300x169.jpeg 300w, https:\/\/www.opinionpublica.tv\/portada\/wp-content\/uploads\/2026\/04\/Llaman-a-aprovechar-ultimo-dia-de-descuentos-en-el-pago-de-revalidacion-vehicular-768x432.jpeg 768w, https:\/\/www.opinionpublica.tv\/portada\/wp-content\/uploads\/2026\/04\/Llaman-a-aprovechar-ultimo-dia-de-descuentos-en-el-pago-de-revalidacion-vehicular-1536x864.jpeg 1536w, https:\/\/www.opinionpublica.tv\/portada\/wp-content\/uploads\/2026\/04\/Llaman-a-aprovechar-ultimo-dia-de-descuentos-en-el-pago-de-revalidacion-vehicular.jpeg 1600w\" sizes=\"(max-width: 1024px) 100vw, 1024px\" \/><\/figure>\n\n\n\n<p><em>Chihuahua, Chih<\/em>.- El Gobierno del Estado de Chihuahua, a trav\u00e9s de la Secretar\u00eda de Hacienda, hizo una invitaci\u00f3n a la ciudadan\u00eda para que aproveche este 30 de abril el \u00faltimo d\u00eda de descuentos en revalidaci\u00f3n vehicular 2026.<\/p>\n\n\n\n<p>Las tarifas aplicables durante este mes son:<\/p>\n\n\n\n<p>-Modelos 2021 a 2027: 2 mil 529<\/p>\n\n\n\n<p>-Modelos 2016 a 2020: 2 mil 476<\/p>\n\n\n\n<p>-Modelos 2011 a 2015: 2 mil 272<\/p>\n\n\n\n<p>-Modelos 2006 a 2010: 2 mil 119<\/p>\n\n\n\n<p>-Modelos 2001 a 2005: 1,966<\/p>\n\n\n\n<p>-Modelos 1996 a 2000: 1,864<\/p>\n\n\n\n<p>-Modelos anteriores a 1995: 1,609<\/p>\n\n\n\n<p>A partir del 1 de mayo, el tr\u00e1mite tendr\u00e1 un costo de 2 mil 749 para todos los modelos de veh\u00edculos.<\/p>\n\n\n\n<p>La dependencia llam\u00f3 a los contribuyentes a aprovechar las deducciones y realizar su pago a trav\u00e9s de los distintos medios disponibles, que incluyen plataformas digitales, m\u00f3dulos de Recaudaci\u00f3n de Rentas, opciones v\u00eda WhatsApp al 614 372 17 00 y la p\u00e1gina ipagos.chihuahua.gob.mx.&nbsp;<\/p>\n\n\n\n<p>Cumplir a tiempo permite mantener actualizado el padr\u00f3n vehicular y contribuir al desarrollo del estado al fortalecer los servicios y obras en beneficio de la poblaci\u00f3n.<\/p>\n\n\n\n<p>Adem\u00e1s, quienes tengan un adeudo superior a los 10 mil pesos pueden acercarse a cualquier m\u00f3dulo de Recaudaci\u00f3n de Rentas y solicitar un convenio, el cual se puede diferir en pagos con uno inicial del 20 por ciento de la deuda.<\/p>\n","protected":false},"excerpt":{"rendered":"<p>Chihuahua, Chih.- El Gobierno del Estado de Chihuahua, a trav\u00e9s de la Secretar\u00eda de Hacienda, hizo una invitaci\u00f3n a la ciudadan\u00eda para que aproveche este 30 de abril el \u00faltimo d\u00eda de descuentos en revalidaci\u00f3n vehicular 2026. Las tarifas aplicables durante este mes son: -Modelos 2021 a 2027: 2 mil 529 -Modelos 2016 a 2020: [&hellip;]<\/p>\n","protected":false},"author":6,"featured_media":84251,"comment_status":"closed","ping_status":"closed","sticky":false,"template":"","format":"standard","meta":{"_acf_changed":false,"_monsterinsights_skip_tracking":false,"_monsterinsights_sitenote_active":false,"_monsterinsights_sitenote_note":"","_monsterinsights_sitenote_category":0,"slim_seo":{"title":"Llaman a aprovechar \u00faltimo d\u00eda de descuentos en el pago de revalidaci\u00f3n vehicular - Opini\u00f3n P\u00fablica","description":"Chihuahua, Chih .- El Gobierno del Estado de Chihuahua, a trav\u00e9s de la Secretar\u00eda de Hacienda, hizo una invitaci\u00f3n a la ciudadan\u00eda para que aproveche este 30 de"},"footnotes":""},"categories":[11],"tags":[88,917],"class_list":["post-84248","post","type-post","status-publish","format-standard","has-post-thumbnail","hentry","category-tendencias","tag-chihuahua","tag-revalidacion-vehicular"],"acf":[],"_links":{"self":[{"href":"https:\/\/www.opinionpublica.tv\/portada\/wp-json\/wp\/v2\/posts\/84248","targetHints":{"allow":["GET"]}}],"collection":[{"href":"https:\/\/www.opinionpublica.tv\/portada\/wp-json\/wp\/v2\/posts"}],"about":[{"href":"https:\/\/www.opinionpublica.tv\/portada\/wp-json\/wp\/v2\/types\/post"}],"author":[{"embeddable":true,"href":"https:\/\/www.opinionpublica.tv\/portada\/wp-json\/wp\/v2\/users\/6"}],"replies":[{"embeddable":true,"href":"https:\/\/www.opinionpublica.tv\/portada\/wp-json\/wp\/v2\/comments?post=84248"}],"version-history":[{"count":2,"href":"https:\/\/www.opinionpublica.tv\/portada\/wp-json\/wp\/v2\/posts\/84248\/revisions"}],"predecessor-version":[{"id":84252,"href":"https:\/\/www.opinionpublica.tv\/portada\/wp-json\/wp\/v2\/posts\/84248\/revisions\/84252"}],"wp:featuredmedia":[{"embeddable":true,"href":"https:\/\/www.opinionpublica.tv\/portada\/wp-json\/wp\/v2\/media\/84251"}],"wp:attachment":[{"href":"https:\/\/www.opinionpublica.tv\/portada\/wp-json\/wp\/v2\/media?parent=84248"}],"wp:term":[{"taxonomy":"category","embeddable":true,"href":"https:\/\/www.opinionpublica.tv\/portada\/wp-json\/wp\/v2\/categories?post=84248"},{"taxonomy":"post_tag","embeddable":true,"href":"https:\/\/www.opinionpublica.tv\/portada\/wp-json\/wp\/v2\/tags?post=84248"}],"curies":[{"name":"wp","href":"https:\/\/api.w.org\/{rel}","templated":true}]}}