{"id":84243,"date":"2026-04-30T00:01:00","date_gmt":"2026-04-30T06:01:00","guid":{"rendered":"https:\/\/www.opinionpublica.tv\/portada\/?p=84243"},"modified":"2026-04-29T19:39:41","modified_gmt":"2026-04-30T01:39:41","slug":"inaugura-maru-primer-centro-de-adaptacion-neurobiologica-del-pais-para-menores","status":"publish","type":"post","link":"https:\/\/www.opinionpublica.tv\/portada\/inaugura-maru-primer-centro-de-adaptacion-neurobiologica-del-pais-para-menores\/","title":{"rendered":"Inaugura Maru primer Centro de Adaptaci\u00f3n Neurobiol\u00f3gica del pa\u00eds para menores"},"content":{"rendered":"\n<figure class=\"wp-block-image size-large\"><img fetchpriority=\"high\" decoding=\"async\" width=\"1024\" height=\"682\" src=\"https:\/\/www.opinionpublica.tv\/portada\/wp-content\/uploads\/2026\/04\/Inaugura-Maru-primer-Centro-de-Adaptacion-Neurobiologica-del-pais-para-menores-1024x682.jpeg\" alt=\"Inaugura maru primer centro de adaptacio\u0301n neurobiolo\u0301gica del pai\u0301s para menores\" class=\"wp-image-84246\" srcset=\"https:\/\/www.opinionpublica.tv\/portada\/wp-content\/uploads\/2026\/04\/Inaugura-Maru-primer-Centro-de-Adaptacion-Neurobiologica-del-pais-para-menores-1024x682.jpeg 1024w, https:\/\/www.opinionpublica.tv\/portada\/wp-content\/uploads\/2026\/04\/Inaugura-Maru-primer-Centro-de-Adaptacion-Neurobiologica-del-pais-para-menores-300x200.jpeg 300w, https:\/\/www.opinionpublica.tv\/portada\/wp-content\/uploads\/2026\/04\/Inaugura-Maru-primer-Centro-de-Adaptacion-Neurobiologica-del-pais-para-menores-768x512.jpeg 768w, https:\/\/www.opinionpublica.tv\/portada\/wp-content\/uploads\/2026\/04\/Inaugura-Maru-primer-Centro-de-Adaptacion-Neurobiologica-del-pais-para-menores-1536x1023.jpeg 1536w, https:\/\/www.opinionpublica.tv\/portada\/wp-content\/uploads\/2026\/04\/Inaugura-Maru-primer-Centro-de-Adaptacion-Neurobiologica-del-pais-para-menores.jpeg 1600w\" sizes=\"(max-width: 1024px) 100vw, 1024px\" \/><\/figure>\n\n\n\n<p><em>Chihuahua, Chih<\/em>.- La gobernadora Maru Campos encabez\u00f3 en ciudad Cuauht\u00e9moc la inauguraci\u00f3n del primer Centro de Adaptaci\u00f3n Neurobiol\u00f3gica, especializado en ni\u00f1as, ni\u00f1os y adolescentes, un espacio \u00fanico a nivel nacional que atender\u00e1 integralmente a menores de edad bajo tutela del DIF Estatal.<\/p>\n\n\n\n<p>Este centro ofrecer\u00e1 atenci\u00f3n m\u00e9dica, psicol\u00f3gica y psiqui\u00e1trica, terapias especializadas, alojamiento, alimentaci\u00f3n balanceada y educaci\u00f3n formal desde primaria hasta bachillerato, con el objetivo de favorecer su recuperaci\u00f3n y preparaci\u00f3n para la vida adulta.<\/p>\n\n\n\n<p>En esta nueva infraestructura se hizo una inversi\u00f3n total de 80 millones de pesos, para su construcci\u00f3n y equipamiento, tendr\u00e1 una capacidad anual de hasta 72 beneficiarios y arrancar\u00e1 operaciones con 35 adolescentes.<\/p>\n\n\n\n<p>\u201cCuando ustedes encuentren m\u00e1s razones para seguir adelante, cuando sean grandes y vivan una vida feliz, todo lo que hacemos hoy como Gobierno habr\u00e1 valido la pena. Estamos orgullosos de ustedes\u201d, expres\u00f3 la gobernadora a las y los beneficiarios.<\/p>\n\n\n\n<p>Reconoci\u00f3 de manera especial a Guadalupe Nev\u00e1rez Ch\u00e1vez, quien don\u00f3 el terreno de 5 mil metros cuadrados para la edificaci\u00f3n del inmueble.<\/p>\n\n\n\n<p>\u201cPor primera vez en Chihuahua y en todo el pa\u00eds contamos con un espacio integral, que combina el albergue, la escuela y el \u00e1rea m\u00e9dica. Este Centro de Adaptaci\u00f3n Neurobiol\u00f3gica responde a la necesidad de cuidar mejor a nuestros j\u00f3venes y atender de manera directa a los que no pueden esperar\u201d, precis\u00f3 la mandataria.<\/p>\n\n\n\n<p>Afirm\u00f3 que cada joven que cruce por las puertas del Centro, encontrar\u00e1 en \u00e9l un nuevo hogar, uno que comprende todo lo que han pasado y que les brinde un abrazo amoroso para reescribir su historia desde cero.<\/p>\n\n\n\n<p>\u201cAqu\u00ed vivir\u00e1n, es aqu\u00ed donde tomar\u00e1n sus clases, donde realizar\u00e1n actividades f\u00edsicas y de esparcimiento, sobre todo con atenci\u00f3n integral respaldada con valoraciones m\u00e9dicas, neurol\u00f3gicas, psicol\u00f3gicas y nutricionales para atender sus necesidades en toda su dimensi\u00f3n humana\u201d, explic\u00f3.<\/p>\n\n\n\n<p>Dijo que la inversi\u00f3n conjunta realizada en este Centro, es resultado de la corresponsabilidad y generosidad de la sociedad civil, y del sector empresarial, por lo que agradeci\u00f3 la participaci\u00f3n de todos, ya que ayuda realmente a cambiar las vidas.<\/p>\n\n\n\n<p>La presidenta del DIF Estatal, Mar\u00eda Eugenia Galv\u00e1n, mencion\u00f3 que las y los beneficiarios tendr\u00e1n el apoyo permanente de profesionales calificados y del personal del DIF, donde recuperar\u00e1n su salud integral y aprender\u00e1n a ser parte activa de la sociedad.<\/p>\n\n\n\n<p>En el evento participaron el director del Centro, Arturo Arcos Aponte; la neuropediatra, Abril Molina Garc\u00eda; el alcalde de Cuauht\u00e9moc, Humberto P\u00e9rez; los secretarios de Comunicaciones y Obras P\u00fablicas, Jorge Chanez; de Educaci\u00f3n y Deporte, Hugo Guti\u00e9rrez, y de Salud, Gilberto Baeza, as\u00ed como representantes la Fundaci\u00f3n del Empresariado Chihuahuense.<\/p>\n","protected":false},"excerpt":{"rendered":"<p>Chihuahua, Chih.- La gobernadora Maru Campos encabez\u00f3 en ciudad Cuauht\u00e9moc la inauguraci\u00f3n del primer Centro de Adaptaci\u00f3n Neurobiol\u00f3gica, especializado en ni\u00f1as, ni\u00f1os y adolescentes, un espacio \u00fanico a nivel nacional que atender\u00e1 integralmente a menores de edad bajo tutela del DIF Estatal. Este centro ofrecer\u00e1 atenci\u00f3n m\u00e9dica, psicol\u00f3gica y psiqui\u00e1trica, terapias especializadas, alojamiento, alimentaci\u00f3n balanceada [&hellip;]<\/p>\n","protected":false},"author":6,"featured_media":84246,"comment_status":"closed","ping_status":"closed","sticky":false,"template":"","format":"standard","meta":{"_acf_changed":false,"_monsterinsights_skip_tracking":false,"_monsterinsights_sitenote_active":false,"_monsterinsights_sitenote_note":"","_monsterinsights_sitenote_category":0,"slim_seo":{"title":"Inaugura Maru primer Centro de Adaptaci\u00f3n Neurobiol\u00f3gica del pa\u00eds para menores - Opini\u00f3n P\u00fablica","description":"Chihuahua, Chih .- La gobernadora Maru Campos encabez\u00f3 en ciudad Cuauht\u00e9moc la inauguraci\u00f3n del primer Centro de Adaptaci\u00f3n Neurobiol\u00f3gica, especializado en ni\u00f1"},"footnotes":""},"categories":[11],"tags":[3220,88,199],"class_list":["post-84243","post","type-post","status-publish","format-standard","has-post-thumbnail","hentry","category-tendencias","tag-centro-de-adaptacion-neurobiologica","tag-chihuahua","tag-maru-campos"],"acf":[],"_links":{"self":[{"href":"https:\/\/www.opinionpublica.tv\/portada\/wp-json\/wp\/v2\/posts\/84243","targetHints":{"allow":["GET"]}}],"collection":[{"href":"https:\/\/www.opinionpublica.tv\/portada\/wp-json\/wp\/v2\/posts"}],"about":[{"href":"https:\/\/www.opinionpublica.tv\/portada\/wp-json\/wp\/v2\/types\/post"}],"author":[{"embeddable":true,"href":"https:\/\/www.opinionpublica.tv\/portada\/wp-json\/wp\/v2\/users\/6"}],"replies":[{"embeddable":true,"href":"https:\/\/www.opinionpublica.tv\/portada\/wp-json\/wp\/v2\/comments?post=84243"}],"version-history":[{"count":2,"href":"https:\/\/www.opinionpublica.tv\/portada\/wp-json\/wp\/v2\/posts\/84243\/revisions"}],"predecessor-version":[{"id":84247,"href":"https:\/\/www.opinionpublica.tv\/portada\/wp-json\/wp\/v2\/posts\/84243\/revisions\/84247"}],"wp:featuredmedia":[{"embeddable":true,"href":"https:\/\/www.opinionpublica.tv\/portada\/wp-json\/wp\/v2\/media\/84246"}],"wp:attachment":[{"href":"https:\/\/www.opinionpublica.tv\/portada\/wp-json\/wp\/v2\/media?parent=84243"}],"wp:term":[{"taxonomy":"category","embeddable":true,"href":"https:\/\/www.opinionpublica.tv\/portada\/wp-json\/wp\/v2\/categories?post=84243"},{"taxonomy":"post_tag","embeddable":true,"href":"https:\/\/www.opinionpublica.tv\/portada\/wp-json\/wp\/v2\/tags?post=84243"}],"curies":[{"name":"wp","href":"https:\/\/api.w.org\/{rel}","templated":true}]}}