{"id":84237,"date":"2026-04-30T00:01:00","date_gmt":"2026-04-30T06:01:00","guid":{"rendered":"https:\/\/www.opinionpublica.tv\/portada\/?p=84237"},"modified":"2026-04-29T19:34:23","modified_gmt":"2026-04-30T01:34:23","slug":"denunciara-alcalde-perez-cuellar-uso-politico-de-estudiantes-de-cobach-en-evento-de-bonilla","status":"publish","type":"post","link":"https:\/\/www.opinionpublica.tv\/portada\/denunciara-alcalde-perez-cuellar-uso-politico-de-estudiantes-de-cobach-en-evento-de-bonilla\/","title":{"rendered":"Denunciar\u00e1 P\u00e9rez Cu\u00e9llar uso pol\u00edtico del estudiantes de Cobach en evento de Bonilla"},"content":{"rendered":"\n<figure class=\"wp-block-image size-large\"><img fetchpriority=\"high\" decoding=\"async\" width=\"1024\" height=\"682\" src=\"https:\/\/www.opinionpublica.tv\/portada\/wp-content\/uploads\/2026\/04\/Denunciara-Perez-Cuellar-uso-politico-del-estudiantes-de-Cobach-en-evento-de-Bonilla-1024x682.jpeg\" alt=\"Denunciara\u0301 pe\u0301rez cue\u0301llar uso poli\u0301tico del estudiantes de cobach en evento de bonilla\" class=\"wp-image-84241\" srcset=\"https:\/\/www.opinionpublica.tv\/portada\/wp-content\/uploads\/2026\/04\/Denunciara-Perez-Cuellar-uso-politico-del-estudiantes-de-Cobach-en-evento-de-Bonilla-1024x682.jpeg 1024w, https:\/\/www.opinionpublica.tv\/portada\/wp-content\/uploads\/2026\/04\/Denunciara-Perez-Cuellar-uso-politico-del-estudiantes-de-Cobach-en-evento-de-Bonilla-300x200.jpeg 300w, https:\/\/www.opinionpublica.tv\/portada\/wp-content\/uploads\/2026\/04\/Denunciara-Perez-Cuellar-uso-politico-del-estudiantes-de-Cobach-en-evento-de-Bonilla-768x512.jpeg 768w, https:\/\/www.opinionpublica.tv\/portada\/wp-content\/uploads\/2026\/04\/Denunciara-Perez-Cuellar-uso-politico-del-estudiantes-de-Cobach-en-evento-de-Bonilla-1536x1023.jpeg 1536w, https:\/\/www.opinionpublica.tv\/portada\/wp-content\/uploads\/2026\/04\/Denunciara-Perez-Cuellar-uso-politico-del-estudiantes-de-Cobach-en-evento-de-Bonilla.jpeg 1600w\" sizes=\"(max-width: 1024px) 100vw, 1024px\" \/><\/figure>\n\n\n\n<p><em>Ciudad Ju\u00e1rez, Chih<\/em>.- El presidente municipal, Cruz P\u00e9rez Cu\u00e9llar, anunci\u00f3 que presentar\u00e1 denuncias por el presunto uso indebido de estudiantes de nivel medio superior en un evento de car\u00e1cter pol\u00edtico, luego de que padres de familia manifestaran inconformidades por la convocatoria que se hizo a alumnos del Colegio de Bachilleres y otras preparatorias.<\/p>\n\n\n\n<p>El alcalde se\u00f1al\u00f3 que los j\u00f3venes, principalmente de sexto semestre, fueron citados bajo el argumento de participar en un taller sobre seguridad y ni\u00f1ez; sin embargo, el evento termin\u00f3 teniendo un enfoque pol\u00edtico-partidista, lo que calific\u00f3 como un \u201cdescaro institucional\u201d.<\/p>\n\n\n\n<p>P\u00e9rez Cu\u00e9llar dijo que estos hechos estar\u00edan relacionados con el reciente cambio en la Subsecretar\u00eda de Educaci\u00f3n en la Zona Norte, al acusar que la nueva persona titular estar\u00eda actuando con una l\u00ednea a favor del Partido Acci\u00f3n Nacional y del alcalde de Chihuahua, Marco Bonilla.<\/p>\n\n\n\n<p>El edil juarense denunci\u00f3 que durante el evento se habr\u00eda incurrido en pr\u00e1cticas como el acarreo de estudiantes, as\u00ed como la promoci\u00f3n personalizada de un servidor p\u00fablico mediante la entrega de materiales con su imagen, lo cual est\u00e1 prohibido por la ley.<\/p>\n\n\n\n<p>Ante esta situaci\u00f3n, inform\u00f3 que su equipo jur\u00eddico ya analiza la presentaci\u00f3n de denuncias ante el Instituto Estatal Electoral, al considerar que existen elementos suficientes para proceder por el uso de recursos p\u00fablicos con fines pol\u00edticos.<\/p>\n\n\n\n<p>Por lo anterior, exigi\u00f3 la destituci\u00f3n del subsecretario de Educaci\u00f3n en la Zona Norte, Roberto Anaya Moreno, al se\u00f1alar que su actuaci\u00f3n es \u201cabiertamente parcial\u201d y contraria a la legalidad.<\/p>\n\n\n\n<p>Entre las irregularidades se\u00f1aladas se encuentran la convocatoria a estudiantes bajo un supuesto congreso de la ni\u00f1ez, la utilizaci\u00f3n del evento para promoci\u00f3n pol\u00edtica, la distribuci\u00f3n de documentos con imagen de funcionarios y la movilizaci\u00f3n de alumnos de distintas instituciones educativas.<\/p>\n\n\n\n<p>P\u00e9rez Cu\u00e9llar tambi\u00e9n indic\u00f3 que se analiza si existe responsabilidad directa del alcalde de Chihuahua, Marco Bonilla, particularmente en lo relacionado con la promoci\u00f3n personalizada, aunque aclar\u00f3 que ese punto a\u00fan se encuentra en revisi\u00f3n.<\/p>\n\n\n\n<p>Reiter\u00f3 que este tipo de pr\u00e1cticas deben ser investigadas y sancionadas, al considerar que vulneran la confianza de la ciudadan\u00eda y el correcto uso de las instituciones p\u00fablicas.<\/p>\n","protected":false},"excerpt":{"rendered":"<p>Ciudad Ju\u00e1rez, Chih.- El presidente municipal, Cruz P\u00e9rez Cu\u00e9llar, anunci\u00f3 que presentar\u00e1 denuncias por el presunto uso indebido de estudiantes de nivel medio superior en un evento de car\u00e1cter pol\u00edtico, luego de que padres de familia manifestaran inconformidades por la convocatoria que se hizo a alumnos del Colegio de Bachilleres y otras preparatorias. El alcalde [&hellip;]<\/p>\n","protected":false},"author":6,"featured_media":84241,"comment_status":"closed","ping_status":"closed","sticky":false,"template":"","format":"standard","meta":{"_acf_changed":false,"_monsterinsights_skip_tracking":false,"_monsterinsights_sitenote_active":false,"_monsterinsights_sitenote_note":"","_monsterinsights_sitenote_category":0,"slim_seo":{"title":"Denunciar\u00e1 P\u00e9rez Cu\u00e9llar uso pol\u00edtico del estudiantes de Cobach en evento de Bonilla - Opini\u00f3n P\u00fablica","description":"Ciudad Ju\u00e1rez, Chih .- El presidente municipal, Cruz P\u00e9rez Cu\u00e9llar, anunci\u00f3 que presentar\u00e1 denuncias por el presunto uso indebido de estudiantes de nivel medio"},"footnotes":""},"categories":[41],"tags":[608,222,753,3219],"class_list":["post-84237","post","type-post","status-publish","format-standard","has-post-thumbnail","hentry","category-juarez","tag-ciudad-juarez","tag-cobach","tag-cruz-perez-cuellar","tag-marco-bonilla"],"acf":[],"_links":{"self":[{"href":"https:\/\/www.opinionpublica.tv\/portada\/wp-json\/wp\/v2\/posts\/84237","targetHints":{"allow":["GET"]}}],"collection":[{"href":"https:\/\/www.opinionpublica.tv\/portada\/wp-json\/wp\/v2\/posts"}],"about":[{"href":"https:\/\/www.opinionpublica.tv\/portada\/wp-json\/wp\/v2\/types\/post"}],"author":[{"embeddable":true,"href":"https:\/\/www.opinionpublica.tv\/portada\/wp-json\/wp\/v2\/users\/6"}],"replies":[{"embeddable":true,"href":"https:\/\/www.opinionpublica.tv\/portada\/wp-json\/wp\/v2\/comments?post=84237"}],"version-history":[{"count":3,"href":"https:\/\/www.opinionpublica.tv\/portada\/wp-json\/wp\/v2\/posts\/84237\/revisions"}],"predecessor-version":[{"id":84242,"href":"https:\/\/www.opinionpublica.tv\/portada\/wp-json\/wp\/v2\/posts\/84237\/revisions\/84242"}],"wp:featuredmedia":[{"embeddable":true,"href":"https:\/\/www.opinionpublica.tv\/portada\/wp-json\/wp\/v2\/media\/84241"}],"wp:attachment":[{"href":"https:\/\/www.opinionpublica.tv\/portada\/wp-json\/wp\/v2\/media?parent=84237"}],"wp:term":[{"taxonomy":"category","embeddable":true,"href":"https:\/\/www.opinionpublica.tv\/portada\/wp-json\/wp\/v2\/categories?post=84237"},{"taxonomy":"post_tag","embeddable":true,"href":"https:\/\/www.opinionpublica.tv\/portada\/wp-json\/wp\/v2\/tags?post=84237"}],"curies":[{"name":"wp","href":"https:\/\/api.w.org\/{rel}","templated":true}]}}