{"id":84232,"date":"2026-04-30T00:01:00","date_gmt":"2026-04-30T06:01:00","guid":{"rendered":"https:\/\/www.opinionpublica.tv\/portada\/?p=84232"},"modified":"2026-04-29T19:24:53","modified_gmt":"2026-04-30T01:24:53","slug":"ninas-y-ninos-de-ciudad-juarez-tomaron-la-voz-en-el-gabinete-infantil-2026","status":"publish","type":"post","link":"https:\/\/www.opinionpublica.tv\/portada\/ninas-y-ninos-de-ciudad-juarez-tomaron-la-voz-en-el-gabinete-infantil-2026\/","title":{"rendered":"Ni\u00f1as y ni\u00f1os de Ciudad Ju\u00e1rez tomaron la voz en el Gabinete Infantil 2026"},"content":{"rendered":"\n<figure class=\"wp-block-image size-large\"><img fetchpriority=\"high\" decoding=\"async\" width=\"1024\" height=\"683\" src=\"https:\/\/www.opinionpublica.tv\/portada\/wp-content\/uploads\/2026\/04\/Ninas-y-ninos-de-Ciudad-Juarez-tomaron-la-voz-en-el-Gabinete-Infantil-2026-1024x683.webp\" alt=\"Nin\u0303as y nin\u0303os de ciudad jua\u0301rez tomaron la voz en el gabinete infantil 2026\" class=\"wp-image-84234\" srcset=\"https:\/\/www.opinionpublica.tv\/portada\/wp-content\/uploads\/2026\/04\/Ninas-y-ninos-de-Ciudad-Juarez-tomaron-la-voz-en-el-Gabinete-Infantil-2026-1024x683.webp 1024w, https:\/\/www.opinionpublica.tv\/portada\/wp-content\/uploads\/2026\/04\/Ninas-y-ninos-de-Ciudad-Juarez-tomaron-la-voz-en-el-Gabinete-Infantil-2026-300x200.webp 300w, https:\/\/www.opinionpublica.tv\/portada\/wp-content\/uploads\/2026\/04\/Ninas-y-ninos-de-Ciudad-Juarez-tomaron-la-voz-en-el-Gabinete-Infantil-2026-768x512.webp 768w, https:\/\/www.opinionpublica.tv\/portada\/wp-content\/uploads\/2026\/04\/Ninas-y-ninos-de-Ciudad-Juarez-tomaron-la-voz-en-el-Gabinete-Infantil-2026.webp 1200w\" sizes=\"(max-width: 1024px) 100vw, 1024px\" \/><\/figure>\n\n\n\n<p><em>Ciudad Ju\u00e1rez, Chih<\/em>.- Un grupo de 57 ni\u00f1as y ni\u00f1os vivieron la experiencia de asumir responsabilidades p\u00fablicas por un d\u00eda al integrarse al Gabinete Infantil 2026, en una jornada encabezada por el presidente municipal, Cruz P\u00e9rez Cu\u00e9llar, y Rub\u00ed Enr\u00edquez, presidenta del DIF Municipal.<\/p>\n\n\n\n<p>\u201cHoy es un d\u00eda muy especial para nuestra ciudad, hoy celebramos a quienes nos llenan de alegr\u00eda esperanza y futuro\u201d, expres\u00f3 el Alcalde.<\/p>\n\n\n\n<p>\u201cEste Gobierno Municipal ha decidido poner a las ni\u00f1as y los ni\u00f1os en el centro de sus decisiones, y por eso hoy somos el municipio que m\u00e1s presupuesto ha invertido en educaci\u00f3n p\u00fablica en todo M\u00e9xico\u201d, a\u00f1adi\u00f3.<\/p>\n\n\n\n<p>En total, fueron seleccionados 20 como regidores, 33 en direcciones, una s\u00edndica municipal, un secretario del Ayuntamiento, una presidenta del DIF y un presidente municipal.<\/p>\n\n\n\n<p>La jornada inici\u00f3 con un desayuno en el que autoridades convivieron con las infancias, intercambiando ideas, aprendizajes y momentos cercanos.<\/p>\n\n\n\n<p>Posteriormente, se realiz\u00f3 la Sesi\u00f3n de Cabildo Infantil 2026, donde compartieron inquietudes, opinaron e imaginaron c\u00f3mo desean su ciudad, adem\u00e1s de presentar propuestas sobre diversos temas.<\/p>\n\n\n\n<p>La ni\u00f1a Sof\u00eda Favela recibi\u00f3 el nombramiento de presidenta municipal como parte de este ejercicio.<\/p>\n\n\n\n<p>Por parte del DIF, Arantza Daralee Baxin y Nataly N\u00e1jera N\u00fa\u00f1ez fueron designadas para desempe\u00f1ar, durante este d\u00eda, las funciones de presidenta y directora general.<\/p>\n\n\n\n<p>El grupo estuvo conformado por estudiantes de distintas escuelas de la ciudad, seleccionados mediante una convocatoria impulsada por redes sociales, con el objetivo de representar a la ni\u00f1ez juarense en este ejercicio c\u00edvico.<\/p>\n\n\n\n<p>Los participantes fueron elegidos a trav\u00e9s de un proceso participativo en el que expusieron iniciativas sobre temas de inter\u00e9s comunitario, fortaleciendo su voz y compromiso con su entorno.<\/p>\n","protected":false},"excerpt":{"rendered":"<p>Ciudad Ju\u00e1rez, Chih.- Un grupo de 57 ni\u00f1as y ni\u00f1os vivieron la experiencia de asumir responsabilidades p\u00fablicas por un d\u00eda al integrarse al Gabinete Infantil 2026, en una jornada encabezada por el presidente municipal, Cruz P\u00e9rez Cu\u00e9llar, y Rub\u00ed Enr\u00edquez, presidenta del DIF Municipal. \u201cHoy es un d\u00eda muy especial para nuestra ciudad, hoy celebramos [&hellip;]<\/p>\n","protected":false},"author":6,"featured_media":84234,"comment_status":"closed","ping_status":"closed","sticky":false,"template":"","format":"standard","meta":{"_acf_changed":false,"_monsterinsights_skip_tracking":false,"_monsterinsights_sitenote_active":false,"_monsterinsights_sitenote_note":"","_monsterinsights_sitenote_category":0,"slim_seo":{"title":"Ni\u00f1as y ni\u00f1os de Ciudad Ju\u00e1rez tomaron la voz en el Gabinete Infantil 2026 - Opini\u00f3n P\u00fablica","description":"Ciudad Ju\u00e1rez, Chih .- Un grupo de 57 ni\u00f1as y ni\u00f1os vivieron la experiencia de asumir responsabilidades p\u00fablicas por un d\u00eda al integrarse al Gabinete Infantil 2"},"footnotes":""},"categories":[41],"tags":[608,3197,3218],"class_list":["post-84232","post","type-post","status-publish","format-standard","has-post-thumbnail","hentry","category-juarez","tag-ciudad-juarez","tag-dia-de-las-infancias","tag-gabinete-infantil"],"acf":[],"_links":{"self":[{"href":"https:\/\/www.opinionpublica.tv\/portada\/wp-json\/wp\/v2\/posts\/84232","targetHints":{"allow":["GET"]}}],"collection":[{"href":"https:\/\/www.opinionpublica.tv\/portada\/wp-json\/wp\/v2\/posts"}],"about":[{"href":"https:\/\/www.opinionpublica.tv\/portada\/wp-json\/wp\/v2\/types\/post"}],"author":[{"embeddable":true,"href":"https:\/\/www.opinionpublica.tv\/portada\/wp-json\/wp\/v2\/users\/6"}],"replies":[{"embeddable":true,"href":"https:\/\/www.opinionpublica.tv\/portada\/wp-json\/wp\/v2\/comments?post=84232"}],"version-history":[{"count":2,"href":"https:\/\/www.opinionpublica.tv\/portada\/wp-json\/wp\/v2\/posts\/84232\/revisions"}],"predecessor-version":[{"id":84235,"href":"https:\/\/www.opinionpublica.tv\/portada\/wp-json\/wp\/v2\/posts\/84232\/revisions\/84235"}],"wp:featuredmedia":[{"embeddable":true,"href":"https:\/\/www.opinionpublica.tv\/portada\/wp-json\/wp\/v2\/media\/84234"}],"wp:attachment":[{"href":"https:\/\/www.opinionpublica.tv\/portada\/wp-json\/wp\/v2\/media?parent=84232"}],"wp:term":[{"taxonomy":"category","embeddable":true,"href":"https:\/\/www.opinionpublica.tv\/portada\/wp-json\/wp\/v2\/categories?post=84232"},{"taxonomy":"post_tag","embeddable":true,"href":"https:\/\/www.opinionpublica.tv\/portada\/wp-json\/wp\/v2\/tags?post=84232"}],"curies":[{"name":"wp","href":"https:\/\/api.w.org\/{rel}","templated":true}]}}