{"id":8423,"date":"2016-11-22T07:00:00","date_gmt":"2016-11-22T06:00:00","guid":{"rendered":"https:\/\/www.opinionpublica.tv\/portada\/2016\/11\/22\/logra-uach-reconocimiento-internacional\/"},"modified":"2016-11-22T07:00:00","modified_gmt":"2016-11-22T06:00:00","slug":"logra-uach-reconocimiento-internacional","status":"publish","type":"post","link":"https:\/\/www.opinionpublica.tv\/portada\/logra-uach-reconocimiento-internacional\/","title":{"rendered":"Logra UACh reconocimiento internacional"},"content":{"rendered":"<p><img fetchpriority=\"high\" decoding=\"async\" class=\" size-full wp-image-8422\" src=\"https:\/\/www.opinionpublica.tv\/portada\/wp-content\/uploads\/2016\/11\/84dc489bfd2e3de2e8f5ecf5d5ca05ff.jpg\" alt=\"\" width=\"1200\" height=\"798\" srcset=\"https:\/\/www.opinionpublica.tv\/portada\/wp-content\/uploads\/2016\/11\/84dc489bfd2e3de2e8f5ecf5d5ca05ff.jpg 1200w, https:\/\/www.opinionpublica.tv\/portada\/wp-content\/uploads\/2016\/11\/84dc489bfd2e3de2e8f5ecf5d5ca05ff-300x200.jpg 300w, https:\/\/www.opinionpublica.tv\/portada\/wp-content\/uploads\/2016\/11\/84dc489bfd2e3de2e8f5ecf5d5ca05ff-1024x681.jpg 1024w, https:\/\/www.opinionpublica.tv\/portada\/wp-content\/uploads\/2016\/11\/84dc489bfd2e3de2e8f5ecf5d5ca05ff-768x511.jpg 768w\" sizes=\"(max-width: 1200px) 100vw, 1200px\" \/><br \/>\n<!--more--><\/p>\n<p style=\"text-align: justify;\">Con el cartel \u201cNarradores y Narradoras por la Seguridad\u201d, alumnas de la Facultad de Ciencias Pol\u00edticas y Sociales obtuvieron el 5to lugar en el\u00a033\u00b0 Congreso Nacional y 7\u00b0 Internacional de Servicio Social y Voluntariado Universitario 2016, \u00a0que se desarroll\u00f3 en el puerto de San Carlos, Sonora.<\/p>\n<p style=\"text-align: justify;\">Destaca el reconocimiento a las alumnas de la UACH ya que se colocaron en el quinto lugar en un evento que contempl\u00f3 la participaci\u00f3n de\u00a064 carteles presentados por estudiantes de instituciones de nivel superior, tanto de M\u00e9xico, c\u00f3mo de Am\u00e9rica Latina y de Estados Unidos.<\/p>\n<p style=\"text-align: justify;\">El equipo que logr\u00f3 esta distinci\u00f3n para la FCPyS est\u00e1 integrado por Karim Haide\u00e9 y Karen Aime\u00e9 Aguilera L\u00f3pez, as\u00ed como Minerva Michell Roviroza Mart\u00ednez, que participaron con el cartel \u201cNarradores y Narradoras por la Seguridad\u201d.<\/p>\n<p style=\"text-align: justify;\">Las estudiantes chihuahuenses prestaron su servicio social en la Polic\u00eda Federal, entidad p\u00fablica en la que se inspiraron para elaborar el cartel galardonado, en el que proponen una mayor conciencia sobre c\u00f3mo los ciudadanos podemos cuidarnos y as\u00ed lograr bajar incidencias de cr\u00edmenes que se presentan dentro de nuestra comunidad.<\/p>\n<p style=\"text-align: justify;\">\u201cEl programa de Narradores y Narradoras por la Seguridad, busca mediante la colaboraci\u00f3n de grupos de j\u00f3venes, impartir pl\u00e1ticas y representaciones a ni\u00f1os y adolescentes, con la finalidad de reducir y prevenir factores de riesgo, a la vez que se desarrollen y fortalezcan\u00a0 h\u00e1bitos de seguridad personal\u201d.<\/p>\n<p style=\"text-align: justify;\">El m\u00e9todo del programa se enfoca en 5 pasos, en donde los ni\u00f1os, ni\u00f1as y adolescentes reciban informaci\u00f3n de seguridad, capacitaci\u00f3n por parte de la Polic\u00eda Federal, din\u00e1mica, juegos, obras de teatro, y una colaboraci\u00f3n de todas las partes en donde aprender\u00e1n como cuidarse conjuntamente.<\/p>\n<p style=\"text-align: justify;\">Fuente: El Observador\u00a0<\/p>\n","protected":false},"excerpt":{"rendered":"","protected":false},"author":1,"featured_media":8422,"comment_status":"open","ping_status":"open","sticky":false,"template":"","format":"standard","meta":{"_acf_changed":false,"_monsterinsights_skip_tracking":false,"slim_seo":{"title":"Logra UACh reconocimiento internacional - Opini\u00f3n P\u00fablica","description":"Con el cartel \u201cNarradores y Narradoras por la Seguridad\u201d, alumnas de la Facultad de Ciencias Pol\u00edticas y Sociales obtuvieron el 5to lugar en el\u00a033\u00b0 Congreso Nac"},"footnotes":""},"categories":[4],"tags":[],"class_list":["post-8423","post","type-post","status-publish","format-standard","has-post-thumbnail","hentry","category-pulsopolitico"],"acf":[],"_links":{"self":[{"href":"https:\/\/www.opinionpublica.tv\/portada\/wp-json\/wp\/v2\/posts\/8423","targetHints":{"allow":["GET"]}}],"collection":[{"href":"https:\/\/www.opinionpublica.tv\/portada\/wp-json\/wp\/v2\/posts"}],"about":[{"href":"https:\/\/www.opinionpublica.tv\/portada\/wp-json\/wp\/v2\/types\/post"}],"author":[{"embeddable":true,"href":"https:\/\/www.opinionpublica.tv\/portada\/wp-json\/wp\/v2\/users\/1"}],"replies":[{"embeddable":true,"href":"https:\/\/www.opinionpublica.tv\/portada\/wp-json\/wp\/v2\/comments?post=8423"}],"version-history":[{"count":0,"href":"https:\/\/www.opinionpublica.tv\/portada\/wp-json\/wp\/v2\/posts\/8423\/revisions"}],"wp:featuredmedia":[{"embeddable":true,"href":"https:\/\/www.opinionpublica.tv\/portada\/wp-json\/wp\/v2\/media\/8422"}],"wp:attachment":[{"href":"https:\/\/www.opinionpublica.tv\/portada\/wp-json\/wp\/v2\/media?parent=8423"}],"wp:term":[{"taxonomy":"category","embeddable":true,"href":"https:\/\/www.opinionpublica.tv\/portada\/wp-json\/wp\/v2\/categories?post=8423"},{"taxonomy":"post_tag","embeddable":true,"href":"https:\/\/www.opinionpublica.tv\/portada\/wp-json\/wp\/v2\/tags?post=8423"}],"curies":[{"name":"wp","href":"https:\/\/api.w.org\/{rel}","templated":true}]}}