{"id":84220,"date":"2026-04-30T00:01:00","date_gmt":"2026-04-30T06:01:00","guid":{"rendered":"https:\/\/www.opinionpublica.tv\/portada\/?p=84220"},"modified":"2026-04-29T17:15:37","modified_gmt":"2026-04-29T23:15:37","slug":"citlalli-hernandez-abre-dialogo-con-pt-y-verde-para-reordenar-alianza-de-morena-hacia-2027","status":"publish","type":"post","link":"https:\/\/www.opinionpublica.tv\/portada\/citlalli-hernandez-abre-dialogo-con-pt-y-verde-para-reordenar-alianza-de-morena-hacia-2027\/","title":{"rendered":"Citlalli Hern\u00e1ndez abre di\u00e1logo con PT y Verde para reordenar alianza de Morena hacia 2027"},"content":{"rendered":"\n<figure class=\"wp-block-image size-large\"><img fetchpriority=\"high\" decoding=\"async\" width=\"1024\" height=\"683\" src=\"https:\/\/www.opinionpublica.tv\/portada\/wp-content\/uploads\/2026\/04\/Citlalli-Hernandez-abre-dialogo-con-PT-y-Verde-para-reordenar-alianza-de-Morena-hacia-2027-1024x683.webp\" alt=\"Citlalli herna\u0301ndez abre dia\u0301logo con pt y verde para reordenar alianza de morena hacia 2027\" class=\"wp-image-84222\" srcset=\"https:\/\/www.opinionpublica.tv\/portada\/wp-content\/uploads\/2026\/04\/Citlalli-Hernandez-abre-dialogo-con-PT-y-Verde-para-reordenar-alianza-de-Morena-hacia-2027-1024x683.webp 1024w, https:\/\/www.opinionpublica.tv\/portada\/wp-content\/uploads\/2026\/04\/Citlalli-Hernandez-abre-dialogo-con-PT-y-Verde-para-reordenar-alianza-de-Morena-hacia-2027-300x200.webp 300w, https:\/\/www.opinionpublica.tv\/portada\/wp-content\/uploads\/2026\/04\/Citlalli-Hernandez-abre-dialogo-con-PT-y-Verde-para-reordenar-alianza-de-Morena-hacia-2027-768x512.webp 768w, https:\/\/www.opinionpublica.tv\/portada\/wp-content\/uploads\/2026\/04\/Citlalli-Hernandez-abre-dialogo-con-PT-y-Verde-para-reordenar-alianza-de-Morena-hacia-2027.webp 1200w\" sizes=\"(max-width: 1024px) 100vw, 1024px\" \/><\/figure>\n\n\n\n<p><em>Ciudad de M\u00e9xico<\/em>.- La presidenta de la Comisi\u00f3n Nacional de Elecciones de Morena, Citlalli Hern\u00e1ndez encabez\u00f3 su primera reuni\u00f3n con las dirigencias del Partido Verde Ecologista de M\u00e9xico (PVEM) y del Partido del Trabajo (PT).<\/p>\n\n\n\n<p>Sin plantearse acuerdos, integrantes de esos partidos dijeron que se trat\u00f3 de un \u201csaludo\u201d y se acord\u00f3 que la primera sesi\u00f3n de trabajo formal de la mesa para conformar la alianza rumbo al 2027 ser\u00e1 el pr\u00f3ximo martes, una vez que se defina la nueva presidencia nacional morenista.<\/p>\n\n\n\n<p>Al encuentro privado que dur\u00f3 cerca de tres horas y el cual fue organizado en un hotel como escenario neutral, asisti\u00f3 la l\u00edder del PVEM, Karen Castrej\u00f3n, el Coordinador Nacional Electoral de ese partido, Arturo Escobar y Vega, y el coordinador de los diputados federales del Verde, Carlos Puente, y la diputada Nayeli Fern\u00e1ndez.<\/p>\n\n\n\n<p>Por parte del PT estuvo su dirigente nacional, Alberto Anaya, as\u00ed como Geovanna Ba\u00f1uelos y Benjam\u00edn Robles, ambos integrantes de su coordinadora nacional.<\/p>\n\n\n\n<p>\u201cFue un saludito nada m\u00e1s entre los aliados\u201d, expres\u00f3 Karen Castrej\u00f3n en entrevista con La Jornada al salir de la reuni\u00f3n.<\/p>\n\n\n\n<p>Adem\u00e1s, asever\u00f3 que \u201cno hay asperezas\u201d entre las tres fuerzas pol\u00edticas que \u201csiempre han estado muy firmes con la alianza que fue anunciada hace unos meses, sigue siendo la intenci\u00f3n y aspiramos a ponernos de acuerdo\u201d.<\/p>\n\n\n\n<p>En tanto, Escobar y Vega agreg\u00f3 que \u201cfue una reuni\u00f3n preliminar\u201d, mientras que las dudas respecto al proceso de alianza se resolver\u00e1n a partir de la pr\u00f3xima semana.<\/p>\n\n\n\n<p>A la vez, el l\u00edder del PT coincidi\u00f3 en que fue una charla preparatoria, a la espera de que en Morena definan su presidencia nacional, en la que se perfila que ser\u00e1 nombrada Ariadna Montiel, quien present\u00f3 su renuncia como Secretaria del Bienestar.<\/p>\n\n\n\n<p><em>Con informaci\u00f3n de La Jornada<\/em>.<\/p>\n","protected":false},"excerpt":{"rendered":"<p>Ciudad de M\u00e9xico.- La presidenta de la Comisi\u00f3n Nacional de Elecciones de Morena, Citlalli Hern\u00e1ndez encabez\u00f3 su primera reuni\u00f3n con las dirigencias del Partido Verde Ecologista de M\u00e9xico (PVEM) y del Partido del Trabajo (PT). Sin plantearse acuerdos, integrantes de esos partidos dijeron que se trat\u00f3 de un \u201csaludo\u201d y se acord\u00f3 que la primera [&hellip;]<\/p>\n","protected":false},"author":6,"featured_media":84222,"comment_status":"closed","ping_status":"closed","sticky":false,"template":"","format":"standard","meta":{"_acf_changed":false,"_monsterinsights_skip_tracking":false,"_monsterinsights_sitenote_active":false,"_monsterinsights_sitenote_note":"","_monsterinsights_sitenote_category":0,"slim_seo":{"title":"Citlalli Hern\u00e1ndez abre di\u00e1logo con PT y Verde para reordenar alianza de Morena hacia 2027 - Opini\u00f3n P\u00fablica","description":"Ciudad de M\u00e9xico .- La presidenta de la Comisi\u00f3n Nacional de Elecciones de Morena, Citlalli Hern\u00e1ndez encabez\u00f3 su primera reuni\u00f3n con las dirigencias del Partid"},"footnotes":""},"categories":[4],"tags":[3070,1063,85,2018,652],"class_list":["post-84220","post","type-post","status-publish","format-standard","has-post-thumbnail","hentry","category-pulsopolitico","tag-citlalli-hernandez","tag-elecciones-2027","tag-morena","tag-partido-del-trabajo","tag-pvem"],"acf":[],"_links":{"self":[{"href":"https:\/\/www.opinionpublica.tv\/portada\/wp-json\/wp\/v2\/posts\/84220","targetHints":{"allow":["GET"]}}],"collection":[{"href":"https:\/\/www.opinionpublica.tv\/portada\/wp-json\/wp\/v2\/posts"}],"about":[{"href":"https:\/\/www.opinionpublica.tv\/portada\/wp-json\/wp\/v2\/types\/post"}],"author":[{"embeddable":true,"href":"https:\/\/www.opinionpublica.tv\/portada\/wp-json\/wp\/v2\/users\/6"}],"replies":[{"embeddable":true,"href":"https:\/\/www.opinionpublica.tv\/portada\/wp-json\/wp\/v2\/comments?post=84220"}],"version-history":[{"count":2,"href":"https:\/\/www.opinionpublica.tv\/portada\/wp-json\/wp\/v2\/posts\/84220\/revisions"}],"predecessor-version":[{"id":84223,"href":"https:\/\/www.opinionpublica.tv\/portada\/wp-json\/wp\/v2\/posts\/84220\/revisions\/84223"}],"wp:featuredmedia":[{"embeddable":true,"href":"https:\/\/www.opinionpublica.tv\/portada\/wp-json\/wp\/v2\/media\/84222"}],"wp:attachment":[{"href":"https:\/\/www.opinionpublica.tv\/portada\/wp-json\/wp\/v2\/media?parent=84220"}],"wp:term":[{"taxonomy":"category","embeddable":true,"href":"https:\/\/www.opinionpublica.tv\/portada\/wp-json\/wp\/v2\/categories?post=84220"},{"taxonomy":"post_tag","embeddable":true,"href":"https:\/\/www.opinionpublica.tv\/portada\/wp-json\/wp\/v2\/tags?post=84220"}],"curies":[{"name":"wp","href":"https:\/\/api.w.org\/{rel}","templated":true}]}}