{"id":84213,"date":"2026-04-30T00:01:00","date_gmt":"2026-04-30T06:01:00","guid":{"rendered":"https:\/\/www.opinionpublica.tv\/portada\/?p=84213"},"modified":"2026-04-29T17:08:51","modified_gmt":"2026-04-29T23:08:51","slug":"de-que-acusan-al-gobernador-ruben-rocha-moya-y-otros-funcionarios-de-sinaloa-en-eu-que-sentencia-les-corresponde","status":"publish","type":"post","link":"https:\/\/www.opinionpublica.tv\/portada\/de-que-acusan-al-gobernador-ruben-rocha-moya-y-otros-funcionarios-de-sinaloa-en-eu-que-sentencia-les-corresponde\/","title":{"rendered":"\u00bfDe qu\u00e9 acusan al gobernador Rub\u00e9n Rocha Moya y otros altos funcionarios de Sinaloa en los Estados Unidos?"},"content":{"rendered":"\n<figure class=\"wp-block-image size-full\"><img fetchpriority=\"high\" decoding=\"async\" width=\"966\" height=\"544\" src=\"https:\/\/www.opinionpublica.tv\/portada\/wp-content\/uploads\/2026\/04\/\u00bfDe-que-acusan-al-gobernador-Ruben-Rocha-Moya-y-otros-altos-funcionarios-de-Sinaloa-en-Estados-Unidos.webp\" alt=\"\u00bfde que\u0301 acusan al gobernador rube\u0301n rocha moya y otros altos funcionarios de sinaloa en estados unidos?\" class=\"wp-image-84218\" srcset=\"https:\/\/www.opinionpublica.tv\/portada\/wp-content\/uploads\/2026\/04\/\u00bfDe-que-acusan-al-gobernador-Ruben-Rocha-Moya-y-otros-altos-funcionarios-de-Sinaloa-en-Estados-Unidos.webp 966w, https:\/\/www.opinionpublica.tv\/portada\/wp-content\/uploads\/2026\/04\/\u00bfDe-que-acusan-al-gobernador-Ruben-Rocha-Moya-y-otros-altos-funcionarios-de-Sinaloa-en-Estados-Unidos-300x169.webp 300w, https:\/\/www.opinionpublica.tv\/portada\/wp-content\/uploads\/2026\/04\/\u00bfDe-que-acusan-al-gobernador-Ruben-Rocha-Moya-y-otros-altos-funcionarios-de-Sinaloa-en-Estados-Unidos-768x432.webp 768w\" sizes=\"(max-width: 966px) 100vw, 966px\" \/><\/figure>\n\n\n\n<p>El gobierno de Estados Unidos anunci\u00f3 acusaciones contra el gobernador Rub\u00e9n Rocha Moya y otros altos funcionaros de gobierno y de la polic\u00eda del estado de Sinaloa, en una nueva acci\u00f3n en el marco de la guerra contra el narcotr\u00e1fico.<\/p>\n\n\n\n<p>Los acusados son: Enrique Inzunza Cazarez, senador; Enrique D\u00edaz Vega, exsecretario de Administraci\u00f3n y Finanzas del gobierno de Sinaloa; D\u00e1maso Castro Zaavedra, vicefiscal de Sinaloa; Marco Antonio Almanza Avil\u00e9s, comisario general de la Polic\u00eda de Investigaci\u00f3n de Sinaloa; Alberto Jorge Contreras N\u00fa\u00f1ez, excomisario General de la Polic\u00eda de Investigaci\u00f3n de la fiscal\u00eda de Sinaloa; Gerardo M\u00e9rida S\u00e1nchez, exsecretario de Seguridad P\u00fablica; Jos\u00e9 Dionisio Hip\u00f3lito, comandante de la Polic\u00eda Estatal Preventiva; Juan de Dios G\u00e1mez Mend\u00edvil, presidente municipal de Culiac\u00e1n, y Juan Valenzuela Mill\u00e1n, comandante de la Polic\u00eda Municipal de Culiac\u00e1n.<\/p>\n\n\n\n<p>En documento judicial se se\u00f1ala a los acusados de \u00ababusar de su autoridad en apoyo\u00bb del C\u00e1rtel de Sinaloa; espec\u00edficamente, de \u00abLos Chapitos\u00bb. Afirma que \u00abexpusieron y sometieron a v\u00edctimas a amenazas y violencia\u00bb, y que \u00abvendieron sus cargos a cambio de sobornos masivos\u00bb.<\/p>\n\n\n\n<p>\u00bfDe qu\u00e9 acusan al gobernador Rocha Moya y otros funcionarios en EU?<\/p>\n\n\n\n<p>Estas son las acusaciones contra cada uno y la sentencia que se les podr\u00eda dictar, en caso de que terminen en manos de la Justicia estadounidense.<\/p>\n\n\n\n<p>Rocha Moya, el senador Inzunza, D\u00edaz Vega, el vicefiscal Castro Zaavedra, Almanza Avil\u00e9s, Contreras Nu\u00f1ez, M\u00e9rida S\u00e1nchez, Dionisio Hip\u00f3lito (alias \u00abTornado\u00bb) y G\u00e1mez Mend\u00edvil est\u00e1n acusados de conspiraci\u00f3n para importar narc\u00f3ticos, posesi\u00f3n de ametralladoras y artefactos destructivos.<\/p>\n\n\n\n<p>Por estas acusaciones podr\u00edan ser condenados a cadena perpetua, o un m\u00ednimo de 40 a\u00f1os de prisi\u00f3n.<\/p>\n\n\n\n<p>Valenzuela Mill\u00e1n, alias \u00abJuanito\u00bb, est\u00e1 acusado de los mismos cargos, pero suma otros dos: secuestro con resultado de muerte y conspiraci\u00f3n para cometer secuestro, con resultado de muerte, por el caso de Alexander Meza Le\u00f3n, de quien el gobierno de Estados Unidos dice trabajaba con la Agencia Antidrogas (DEA).<\/p>\n\n\n\n<p>De acuerdo con la acusaci\u00f3n, los se\u00f1alados han participado \u201cen una conspiraci\u00f3n corrupta y violenta de tr\u00e1fico de drogas con el c\u00e1rtel para importar cantidades masivas de fentanilo, hero\u00edna, coca\u00edna y metanfetamina desde M\u00e9xico a Estados Unidos\u201d.<\/p>\n\n\n\n<p>El documento se\u00f1ala que los acusados \u201chan desempe\u00f1ado diversas funciones esenciales para el cartel: entre otras cosas, presuntamente han protegido a los l\u00edderes del cartel de investigaciones, detenciones y enjuiciamientos; han facilitado que se proporcionara informaci\u00f3n sensible de las fuerzas del orden y del ej\u00e9rcito a miembros del cartel y a narcotraficantes aliados para ayudar en las actividades delictivas\u201d de la organizaci\u00f3n criminal.<\/p>\n\n\n\n<p>Asimismo, se les se\u00f1ala de haber ordenado \u201ca miembros de organismos policiales estatales y locales, como la Polic\u00eda Estatal de Sinaloa, la Polic\u00eda de Investigaci\u00f3n de la Fiscal\u00eda General del estado de Sinaloa y la Polic\u00eda Municipal de Culiac\u00e1n, que protegieran los cargamentos de droga almacenados en M\u00e9xico y en tr\u00e1nsito hacia Estados Unidos; y permitieron que los miembros del c\u00e1rtel cometieran actos de violencia brutal relacionados con la droga sin sufrir consecuencias\u201d.<\/p>\n\n\n\n<p>A cambio de ello, subraya la acusaci\u00f3n, \u201clos acusados han recibido colectivamente millones de d\u00f3lares en dinero procedente del narcotr\u00e1fico del c\u00e1rtel\u201d.<\/p>\n\n\n\n<p><em>Con informaci\u00f3n de El Universal<\/em>.<\/p>\n","protected":false},"excerpt":{"rendered":"<p>El gobierno de Estados Unidos anunci\u00f3 acusaciones contra el gobernador Rub\u00e9n Rocha Moya y otros altos funcionaros de gobierno y de la polic\u00eda del estado de Sinaloa, en una nueva acci\u00f3n en el marco de la guerra contra el narcotr\u00e1fico. Los acusados son: Enrique Inzunza Cazarez, senador; Enrique D\u00edaz Vega, exsecretario de Administraci\u00f3n y Finanzas [&hellip;]<\/p>\n","protected":false},"author":6,"featured_media":84218,"comment_status":"closed","ping_status":"closed","sticky":false,"template":"","format":"standard","meta":{"_acf_changed":false,"_monsterinsights_skip_tracking":false,"_monsterinsights_sitenote_active":false,"_monsterinsights_sitenote_note":"","_monsterinsights_sitenote_category":0,"slim_seo":{"title":"\u00bfDe qu\u00e9 acusan al gobernador Rub\u00e9n Rocha Moya y otros altos funcionarios de Sinaloa en los Estados Unidos? - Opini\u00f3n P\u00fablica","description":"El gobierno de Estados Unidos anunci\u00f3 acusaciones contra el gobernador Rub\u00e9n Rocha Moya y otros altos funcionaros de gobierno y de la polic\u00eda del estado de Sina"},"footnotes":""},"categories":[3],"tags":[576,202,3172,1197],"class_list":["post-84213","post","type-post","status-publish","format-standard","has-post-thumbnail","hentry","category-principal","tag-cartel-de-sinaloa","tag-dea","tag-narco-politicos-mexicanos","tag-ruben-rocha-moya"],"acf":[],"_links":{"self":[{"href":"https:\/\/www.opinionpublica.tv\/portada\/wp-json\/wp\/v2\/posts\/84213","targetHints":{"allow":["GET"]}}],"collection":[{"href":"https:\/\/www.opinionpublica.tv\/portada\/wp-json\/wp\/v2\/posts"}],"about":[{"href":"https:\/\/www.opinionpublica.tv\/portada\/wp-json\/wp\/v2\/types\/post"}],"author":[{"embeddable":true,"href":"https:\/\/www.opinionpublica.tv\/portada\/wp-json\/wp\/v2\/users\/6"}],"replies":[{"embeddable":true,"href":"https:\/\/www.opinionpublica.tv\/portada\/wp-json\/wp\/v2\/comments?post=84213"}],"version-history":[{"count":4,"href":"https:\/\/www.opinionpublica.tv\/portada\/wp-json\/wp\/v2\/posts\/84213\/revisions"}],"predecessor-version":[{"id":84219,"href":"https:\/\/www.opinionpublica.tv\/portada\/wp-json\/wp\/v2\/posts\/84213\/revisions\/84219"}],"wp:featuredmedia":[{"embeddable":true,"href":"https:\/\/www.opinionpublica.tv\/portada\/wp-json\/wp\/v2\/media\/84218"}],"wp:attachment":[{"href":"https:\/\/www.opinionpublica.tv\/portada\/wp-json\/wp\/v2\/media?parent=84213"}],"wp:term":[{"taxonomy":"category","embeddable":true,"href":"https:\/\/www.opinionpublica.tv\/portada\/wp-json\/wp\/v2\/categories?post=84213"},{"taxonomy":"post_tag","embeddable":true,"href":"https:\/\/www.opinionpublica.tv\/portada\/wp-json\/wp\/v2\/tags?post=84213"}],"curies":[{"name":"wp","href":"https:\/\/api.w.org\/{rel}","templated":true}]}}