{"id":84203,"date":"2026-04-30T00:01:00","date_gmt":"2026-04-30T06:01:00","guid":{"rendered":"https:\/\/www.opinionpublica.tv\/portada\/?p=84203"},"modified":"2026-04-29T16:39:04","modified_gmt":"2026-04-29T22:39:04","slug":"efemerides-30-de-abril-un-dia-como-hoy-en-la-historia","status":"publish","type":"post","link":"https:\/\/www.opinionpublica.tv\/portada\/efemerides-30-de-abril-un-dia-como-hoy-en-la-historia\/","title":{"rendered":"Efem\u00e9rides 30 de abril | Un d\u00eda como hoy en la historia&#8230;"},"content":{"rendered":"\n<p><em>Un d\u00eda 30 de abril como hoy, pero de 1965, la revista Life publica la primera fotograf\u00eda de un feto dentro del seno materno, tomada por el fot\u00f3grafo sueco Lennart Nilsson<\/em>.<\/p>\n\n\n\n<figure class=\"wp-block-image size-full\"><img fetchpriority=\"high\" decoding=\"async\" width=\"360\" height=\"480\" src=\"https:\/\/www.opinionpublica.tv\/portada\/wp-content\/uploads\/2026\/04\/1965-la-revista-Life-publica-la-primera-fotografia-de-un-feto-dentro-del-seno-materno-tomada-por-el-fotografo-sueco-Lennart-Nilsson.jpg\" alt=\"1965, la revista life publica la primera fotografi\u0301a de un feto dentro del seno materno, tomada por el foto\u0301grafo sueco lennart nilsson\" class=\"wp-image-84204\" srcset=\"https:\/\/www.opinionpublica.tv\/portada\/wp-content\/uploads\/2026\/04\/1965-la-revista-Life-publica-la-primera-fotografia-de-un-feto-dentro-del-seno-materno-tomada-por-el-fotografo-sueco-Lennart-Nilsson.jpg 360w, https:\/\/www.opinionpublica.tv\/portada\/wp-content\/uploads\/2026\/04\/1965-la-revista-Life-publica-la-primera-fotografia-de-un-feto-dentro-del-seno-materno-tomada-por-el-fotografo-sueco-Lennart-Nilsson-225x300.jpg 225w\" sizes=\"(max-width: 360px) 100vw, 360px\" \/><\/figure>\n\n\n\n<p><strong>Otras efem\u00e9rides<\/strong><\/p>\n\n\n\n<p>1531.- El portugu\u00e9s Mart\u00edn Alonso de Souza desembarca en el lugar donde m\u00e1s tarde se alzar\u00eda R\u00edo de Janeiro.<\/p>\n\n\n\n<p>1557.- Batalla de Mataquito, ganada por las tropas espa\u00f1olas, y en la que muri\u00f3 el caudillo araucano Lautaro.<\/p>\n\n\n\n<p>1726.- La Real Academia Espa\u00f1ola presenta, trece a\u00f1os despu\u00e9s de su fundaci\u00f3n, el tomo I del Diccionario de Autoridades.<\/p>\n\n\n\n<p>1789.- George Washington jura como primer presidente de los Estados Unidos.<\/p>\n\n\n\n<p>1803.- Napole\u00f3n Bonaparte vende la Luisiana a Estados Unidos por 80 millones de francos.<\/p>\n\n\n\n<p>1838.- Nicaragua recobra su independencia, al no prosperar la proyectada Federaci\u00f3n de Provincias Unidas de Centro Am\u00e9rica.<\/p>\n\n\n\n<p>1897.- El f\u00edsico brit\u00e1nico Joseph John Thompson anuncia el descubrimiento del electr\u00f3n, part\u00edcula elemental del \u00e1tomo.<\/p>\n\n\n\n<p>1900.- El Gobierno estadounidense otorga a las islas Hawai el estatuto de territorio vinculado a la Uni\u00f3n.<\/p>\n\n\n\n<p>1922.- Comienza a regir el C\u00f3digo Penal argentino, sancionado el 30 de septiembre de 1921.<\/p>\n\n\n\n<p>1931.- Inaugurado el Aeropuerto Nacional de Madrid, hoy conocido como Aeropuerto Adolfo Su\u00e1rez Madrid-Barajas.<\/p>\n\n\n\n<p>1933.- El presidente peruano, Luis S\u00e1nchez Cerro, es asesinado en Lima.<\/p>\n\n\n\n<p>1939.- Inaugurada la Exposici\u00f3n Universal en Nueva York.<\/p>\n\n\n\n<p>1963.- Francia anuncia la construcci\u00f3n de una base de pruebas nucleares en el atol\u00f3n de Mururoa.<\/p>\n\n\n\n<p>1975.- La liberaci\u00f3n de Saig\u00f3n pone fin a la guerra de Vietnam, tras diez a\u00f1os de intervenci\u00f3n estadounidense.<\/p>\n\n\n\n<p>1977.- Las Madres de Mayo marchan por primera vez frente a la Casa Rosada, en Buenos Aires.<\/p>\n\n\n\n<p>1980.- Beatriz es coronada reina de Holanda tras la abdicaci\u00f3n de su madre, la reina Juliana.<\/p>\n\n\n\n<p>1982.- Aprobada la Convenci\u00f3n de Naciones Unidas sobre el Derecho del Mar.<\/p>\n\n\n\n<p>1984.- El ministro de Justicia colombiano, Rodrigo Lara Bonilla, es asesinado en Bogot\u00e1 por sicarios a las \u00f3rdenes del cartel de Medell\u00edn liderado por Pablo Escobar.<\/p>\n\n\n\n<p>1987.- El ministro de Exteriores de Nicaragua, el sacerdote Miguel d&#8217;Escoto, es galardonado con el Premio Lenin de la Paz.<\/p>\n\n\n\n<p>1993.- Nace la web. Los directivos de la Organizaci\u00f3n Europea para la Investigaci\u00f3n Nuclear (CERN) liberan el c\u00f3digo fuente de la \u00abWorld Wide Web\u00bb (www) para el dominio p\u00fablico.<\/p>\n\n\n\n<p>1999.- El juez espa\u00f1ol Baltasar Garz\u00f3n ampl\u00eda el procesamiento del general chileno Augusto Pinochet a un total de 72 casos de tortura.<\/p>\n\n\n\n<p>2001.- El primer turista espacial de la historia, el multimillonario norteamericano Dennis Tito, llega en la nave rusa Soyuz TM-32 a la Estaci\u00f3n Espacial Internacional.<\/p>\n\n\n\n<p>2008.- Un fallo en el suministro el\u00e9ctrico deja sin luz a Caracas y a la mitad de Venezuela.<\/p>\n\n\n\n<p>2009.- El grupo automovil\u00edstico Chrysler se ve forzado a declararse en quiebra, a la vez que firma una alianza con la italiana Fiat que le permitir\u00e1 salir de la suspensi\u00f3n de pagos.<\/p>\n\n\n\n<p>2013.- Guillermo Alejandro de Orange es proclamado rey de los Pa\u00edses Bajos.<\/p>\n\n\n\n<p>2019.- El l\u00edder opositor venezolano Leopoldo L\u00f3pez, en arresto domiciliario y con una condena de casi 14 a\u00f1os de prisi\u00f3n, es liberado por militares opositores.<\/p>\n\n\n\n<p>2023.- El candidato del gobernante Partido Colorado, Santiago Pe\u00f1a, se proclama ganador de las elecciones presidenciales en Paraguay, una jornada en la que el oficialismo conquist\u00f3 adem\u00e1s la mayor\u00eda en el Senado.<\/p>\n\n\n\n<p><strong>Nacimientos<\/strong><\/p>\n\n\n\n<p>1775.- Nicol\u00e1s Rodr\u00edguez Pe\u00f1a, h\u00e9roe de la independencia argentina.<\/p>\n\n\n\n<p>1909.- Juliana, reina de Holanda.<\/p>\n\n\n\n<p>1912.- Manuel Guti\u00e9rrez Mellado, militar, exvicepresidente del Gobierno espa\u00f1ol.<\/p>\n\n\n\n<p>1924.- Gonzalo Fern\u00e1ndez de la Mora, diplom\u00e1tico, ensayista y exministro espa\u00f1ol.<\/p>\n\n\n\n<p>1932.- Miguel de la Quadra-Salcedo, reportero espa\u00f1ol.<\/p>\n\n\n\n<p>1938.- Juan Tom\u00e1s de Salas, periodista y editor espa\u00f1ol, fundador del Grupo 16.<\/p>\n\n\n\n<p>1946.- Carlos Gustavo, rey de Suecia.<\/p>\n\n\n\n<p>1949.- Antonio Guterres, pol\u00edtico portugu\u00e9s y secretario general de la ONU.<\/p>\n\n\n\n<p>1971.- John Boyne, escritor irland\u00e9s.<\/p>\n\n\n\n<p>1982.- Kirsten Dunst, actriz y cantante estadounidense.<\/p>\n\n\n\n<p>1988.- Ana de Armas, actriz cubano-espa\u00f1ola.<\/p>\n\n\n\n<p><strong>Defunciones<\/strong><\/p>\n\n\n\n<p>1883.- Eduardo Manet, pintor impresionista franc\u00e9s.<\/p>\n\n\n\n<p>1972.- Clara Campoamor, defensora de los derechos de la mujer.<\/p>\n\n\n\n<p>1989.- Sergio Leone, cineasta italiano.<\/p>\n\n\n\n<p>2011.- Ernesto S\u00e1bato, escritor argentino.<\/p>\n\n\n\n<p>2015.- Ben E. King (Benjamin Earl King), cantante estadounidense.<\/p>\n\n\n\n<p>2022.- Ricardo Alarc\u00f3n, escritor, pol\u00edtico y diplom\u00e1tico cubano.<\/p>\n\n\n\n<p>2023.- Viacheslav Zaitsev, el \u00abDior rojo\u00bb, el modisto m\u00e1s famoso de la historia de Rusia.<\/p>\n","protected":false},"excerpt":{"rendered":"<p>Un d\u00eda 30 de abril como hoy, pero de 1965, la revista Life publica la primera fotograf\u00eda de un feto dentro del seno materno, tomada por el fot\u00f3grafo sueco Lennart Nilsson. Otras efem\u00e9rides 1531.- El portugu\u00e9s Mart\u00edn Alonso de Souza desembarca en el lugar donde m\u00e1s tarde se alzar\u00eda R\u00edo de Janeiro. 1557.- Batalla de [&hellip;]<\/p>\n","protected":false},"author":6,"featured_media":84204,"comment_status":"closed","ping_status":"closed","sticky":false,"template":"","format":"standard","meta":{"_acf_changed":false,"_monsterinsights_skip_tracking":false,"_monsterinsights_sitenote_active":false,"_monsterinsights_sitenote_note":"","_monsterinsights_sitenote_category":0,"slim_seo":{"title":"Efem\u00e9rides 30 de abril | Un d\u00eda como hoy en la historia... - Opini\u00f3n P\u00fablica","description":"Un d\u00eda 30 de abril como hoy, pero de 1965, la revista Life publica la primera fotograf\u00eda de un feto dentro del seno materno, tomada por el fot\u00f3grafo sueco Lenna"},"footnotes":""},"categories":[27],"tags":[3210,3212,3211],"class_list":["post-84203","post","type-post","status-publish","format-standard","has-post-thumbnail","hentry","category-un-dia-como-hoy","tag-efemerides-30-de-abril","tag-lennart-nilsson","tag-revista-life"],"acf":[],"_links":{"self":[{"href":"https:\/\/www.opinionpublica.tv\/portada\/wp-json\/wp\/v2\/posts\/84203","targetHints":{"allow":["GET"]}}],"collection":[{"href":"https:\/\/www.opinionpublica.tv\/portada\/wp-json\/wp\/v2\/posts"}],"about":[{"href":"https:\/\/www.opinionpublica.tv\/portada\/wp-json\/wp\/v2\/types\/post"}],"author":[{"embeddable":true,"href":"https:\/\/www.opinionpublica.tv\/portada\/wp-json\/wp\/v2\/users\/6"}],"replies":[{"embeddable":true,"href":"https:\/\/www.opinionpublica.tv\/portada\/wp-json\/wp\/v2\/comments?post=84203"}],"version-history":[{"count":1,"href":"https:\/\/www.opinionpublica.tv\/portada\/wp-json\/wp\/v2\/posts\/84203\/revisions"}],"predecessor-version":[{"id":84205,"href":"https:\/\/www.opinionpublica.tv\/portada\/wp-json\/wp\/v2\/posts\/84203\/revisions\/84205"}],"wp:featuredmedia":[{"embeddable":true,"href":"https:\/\/www.opinionpublica.tv\/portada\/wp-json\/wp\/v2\/media\/84204"}],"wp:attachment":[{"href":"https:\/\/www.opinionpublica.tv\/portada\/wp-json\/wp\/v2\/media?parent=84203"}],"wp:term":[{"taxonomy":"category","embeddable":true,"href":"https:\/\/www.opinionpublica.tv\/portada\/wp-json\/wp\/v2\/categories?post=84203"},{"taxonomy":"post_tag","embeddable":true,"href":"https:\/\/www.opinionpublica.tv\/portada\/wp-json\/wp\/v2\/tags?post=84203"}],"curies":[{"name":"wp","href":"https:\/\/api.w.org\/{rel}","templated":true}]}}