{"id":84198,"date":"2026-04-30T00:01:00","date_gmt":"2026-04-30T06:01:00","guid":{"rendered":"https:\/\/www.opinionpublica.tv\/portada\/?p=84198"},"modified":"2026-04-29T15:42:24","modified_gmt":"2026-04-29T21:42:24","slug":"apple-prepara-un-iphone-sin-marcos-asi-seria-el-modelo-del-20-aniversario-en-2027","status":"publish","type":"post","link":"https:\/\/www.opinionpublica.tv\/portada\/apple-prepara-un-iphone-sin-marcos-asi-seria-el-modelo-del-20-aniversario-en-2027\/","title":{"rendered":"Apple prepara un iPhone sin marcos; as\u00ed ser\u00eda el modelo del 20 aniversario en 2027"},"content":{"rendered":"\n<figure class=\"wp-block-image size-full\"><img fetchpriority=\"high\" decoding=\"async\" width=\"813\" height=\"542\" src=\"https:\/\/www.opinionpublica.tv\/portada\/wp-content\/uploads\/2026\/04\/Apple-prepara-un-iPhone-sin-marcos-asi-seria-el-modelo-del-20-aniversario-en-2027.webp\" alt=\"Apple prepara un iphone sin marcos; asi\u0301 seri\u0301a el modelo del 20 aniversario en 2027\" class=\"wp-image-84201\" srcset=\"https:\/\/www.opinionpublica.tv\/portada\/wp-content\/uploads\/2026\/04\/Apple-prepara-un-iPhone-sin-marcos-asi-seria-el-modelo-del-20-aniversario-en-2027.webp 813w, https:\/\/www.opinionpublica.tv\/portada\/wp-content\/uploads\/2026\/04\/Apple-prepara-un-iPhone-sin-marcos-asi-seria-el-modelo-del-20-aniversario-en-2027-300x200.webp 300w, https:\/\/www.opinionpublica.tv\/portada\/wp-content\/uploads\/2026\/04\/Apple-prepara-un-iPhone-sin-marcos-asi-seria-el-modelo-del-20-aniversario-en-2027-768x512.webp 768w\" sizes=\"(max-width: 813px) 100vw, 813px\" \/><\/figure>\n\n\n\n<p>Las primeras filtraciones sobre el iPhone del 20 aniversario ya anticipan un cambio de dise\u00f1o relevante dentro de la l\u00ednea de iPhone. El dispositivo, previsto para 2027, apunta a un concepto centrado en una pantalla completamente envolvente, sin bordes visibles y con curvaturas en los cuatro lados.<\/p>\n\n\n\n<p>De acuerdo con la informaci\u00f3n que circula desde la cadena de suministro, el proyecto lleva el nombre interno de \u201cGlassWing\u201d, una referencia a la idea de construir un tel\u00e9fono que visualmente se perciba como una sola pieza de cristal.<\/p>\n\n\n\n<p>El objetivo principal de Apple ser\u00eda eliminar elementos visibles en el frontal, incluyendo el notch o la Dynamic Island. La apuesta es por una pantalla de esquina a esquina que cubra toda la superficie del dispositivo.<\/p>\n\n\n\n<p>Para lograrlo, el desarrollo contempla integrar tanto el sistema de reconocimiento facial como la c\u00e1mara frontal debajo del panel, una tecnolog\u00eda que a\u00fan presenta retos en t\u00e9rminos de calidad de imagen.<\/p>\n\n\n\n<p><strong>Micro-curvas en lugar de bordes agresivos<\/strong><\/p>\n\n\n\n<p>A diferencia de dise\u00f1os anteriores en la industria, como los modelos Edge de Samsung, Apple no buscar\u00eda curvas pronunciadas. El enfoque estar\u00eda en lo que se describe como \u201cmicro-curvas\u201d, una curvatura sutil en los cuatro lados que evita distorsiones en el contenido y reduce toques accidentales.<\/p>\n\n\n\n<p>Este dise\u00f1o busca equilibrar est\u00e9tica y funcionalidad, manteniendo la experiencia t\u00e1ctil sin comprometer la visualizaci\u00f3n.<\/p>\n\n\n\n<p><strong>Un panel OLED desarrollado a medida<\/strong><\/p>\n\n\n\n<p>El dispositivo integrar\u00eda una pantalla OLED personalizada, desarrollada en colaboraci\u00f3n con Samsung. Entre sus caracter\u00edsticas t\u00e9cnicas destaca el uso de una estructura m\u00e1s delgada y eficiente.<\/p>\n\n\n\n<p>Uno de los cambios clave ser\u00eda la eliminaci\u00f3n de la capa polarizadora, lo que permitir\u00eda:<\/p>\n\n\n\n<p>Reducir el grosor del panel<\/p>\n\n\n\n<p>Aumentar el brillo con menor consumo energ\u00e9tico<\/p>\n\n\n\n<p>Mejorar la transmisi\u00f3n de luz<\/p>\n\n\n\n<p>Sin embargo, este ajuste implica nuevos desaf\u00edos en el control de reflejos, un aspecto en el que Apple ha trabajado mediante recubrimientos antirreflectantes.<\/p>\n\n\n\n<p><strong>Tecnolog\u00eda COE y distribuci\u00f3n de luz<\/strong><\/p>\n\n\n\n<p>El panel tambi\u00e9n incorporar\u00eda la tecnolog\u00eda conocida como Color Filter on Encapsulation (COE), que integra el filtro de color directamente en la estructura del OLED. Esto permite reducir capas internas y mejorar la eficiencia general de la pantalla.<\/p>\n\n\n\n<p>A esto se suma una capa de difusi\u00f3n de luz dise\u00f1ada para distribuir el brillo de manera uniforme, evitando variaciones visibles en la iluminaci\u00f3n de la pantalla.<\/p>\n\n\n\n<p><strong>El reto pendiente: la c\u00e1mara bajo pantalla<\/strong><\/p>\n\n\n\n<p>Uno de los puntos a\u00fan sin resolver completamente es la c\u00e1mara frontal integrada bajo el panel. Aunque esta tecnolog\u00eda ya existe en el mercado, su desempe\u00f1o todav\u00eda est\u00e1 por debajo de las c\u00e1maras tradicionales en t\u00e9rminos de calidad.<\/p>\n\n\n\n<p>Apple buscar\u00eda resolver esta limitaci\u00f3n para mantener la experiencia fotogr\u00e1fica sin sacrificar el dise\u00f1o sin interrupciones.<\/p>\n\n\n\n<p><strong>Un lanzamiento que apunta a redefinir la l\u00ednea<\/strong><\/p>\n\n\n\n<p>El iPhone del 20 aniversario llegar\u00eda en septiembre de 2027, en paralelo a otros desarrollos relevantes como el esperado iPhone plegable.<\/p>\n\n\n\n<p>Ambos dispositivos forman parte de una estrategia m\u00e1s amplia para renovar la l\u00ednea de productos de Apple, en un contexto donde el dise\u00f1o y la innovaci\u00f3n tecnol\u00f3gica contin\u00faan siendo factores clave dentro del mercado de smartphones.<\/p>\n\n\n\n<p><em>Con informaci\u00f3n de Exc\u00e9lsior<\/em>.<\/p>\n","protected":false},"excerpt":{"rendered":"<p>Las primeras filtraciones sobre el iPhone del 20 aniversario ya anticipan un cambio de dise\u00f1o relevante dentro de la l\u00ednea de iPhone. El dispositivo, previsto para 2027, apunta a un concepto centrado en una pantalla completamente envolvente, sin bordes visibles y con curvaturas en los cuatro lados. De acuerdo con la informaci\u00f3n que circula desde [&hellip;]<\/p>\n","protected":false},"author":6,"featured_media":84201,"comment_status":"closed","ping_status":"closed","sticky":false,"template":"","format":"standard","meta":{"_acf_changed":false,"_monsterinsights_skip_tracking":false,"_monsterinsights_sitenote_active":false,"_monsterinsights_sitenote_note":"","_monsterinsights_sitenote_category":0,"slim_seo":{"title":"Apple prepara un iPhone sin marcos; as\u00ed ser\u00eda el modelo del 20 aniversario en 2027 - Opini\u00f3n P\u00fablica","description":"Las primeras filtraciones sobre el iPhone del 20 aniversario ya anticipan un cambio de dise\u00f1o relevante dentro de la l\u00ednea de iPhone. El dispositivo, previsto p"},"footnotes":""},"categories":[22],"tags":[208,3209],"class_list":["post-84198","post","type-post","status-publish","format-standard","has-post-thumbnail","hentry","category-ciencia-y-tecnologia","tag-apple","tag-iphone-20"],"acf":[],"_links":{"self":[{"href":"https:\/\/www.opinionpublica.tv\/portada\/wp-json\/wp\/v2\/posts\/84198","targetHints":{"allow":["GET"]}}],"collection":[{"href":"https:\/\/www.opinionpublica.tv\/portada\/wp-json\/wp\/v2\/posts"}],"about":[{"href":"https:\/\/www.opinionpublica.tv\/portada\/wp-json\/wp\/v2\/types\/post"}],"author":[{"embeddable":true,"href":"https:\/\/www.opinionpublica.tv\/portada\/wp-json\/wp\/v2\/users\/6"}],"replies":[{"embeddable":true,"href":"https:\/\/www.opinionpublica.tv\/portada\/wp-json\/wp\/v2\/comments?post=84198"}],"version-history":[{"count":2,"href":"https:\/\/www.opinionpublica.tv\/portada\/wp-json\/wp\/v2\/posts\/84198\/revisions"}],"predecessor-version":[{"id":84202,"href":"https:\/\/www.opinionpublica.tv\/portada\/wp-json\/wp\/v2\/posts\/84198\/revisions\/84202"}],"wp:featuredmedia":[{"embeddable":true,"href":"https:\/\/www.opinionpublica.tv\/portada\/wp-json\/wp\/v2\/media\/84201"}],"wp:attachment":[{"href":"https:\/\/www.opinionpublica.tv\/portada\/wp-json\/wp\/v2\/media?parent=84198"}],"wp:term":[{"taxonomy":"category","embeddable":true,"href":"https:\/\/www.opinionpublica.tv\/portada\/wp-json\/wp\/v2\/categories?post=84198"},{"taxonomy":"post_tag","embeddable":true,"href":"https:\/\/www.opinionpublica.tv\/portada\/wp-json\/wp\/v2\/tags?post=84198"}],"curies":[{"name":"wp","href":"https:\/\/api.w.org\/{rel}","templated":true}]}}