{"id":84180,"date":"2026-04-29T13:20:52","date_gmt":"2026-04-29T19:20:52","guid":{"rendered":"https:\/\/www.opinionpublica.tv\/portada\/?p=84180"},"modified":"2026-04-29T16:56:06","modified_gmt":"2026-04-29T22:56:06","slug":"eu-anuncia-acusaciones-contra-ruben-rocha-moya-gobernador-de-sinaloa-por-trafico-de-drogas-y-delitos-con-armas","status":"publish","type":"post","link":"https:\/\/www.opinionpublica.tv\/portada\/eu-anuncia-acusaciones-contra-ruben-rocha-moya-gobernador-de-sinaloa-por-trafico-de-drogas-y-delitos-con-armas\/","title":{"rendered":"EU anuncia acusaciones contra Rub\u00e9n Rocha Moya, gobernador de Sinaloa por tr\u00e1fico de drogas y delitos con armas"},"content":{"rendered":"\n<figure class=\"wp-block-image size-full\"><img fetchpriority=\"high\" decoding=\"async\" width=\"934\" height=\"570\" src=\"https:\/\/www.opinionpublica.tv\/portada\/wp-content\/uploads\/2026\/04\/EU-anuncia-acusaciones-contra-Ruben-Rocha-Moya-gobernador-de-Sinaloa-por-trafico-de-drogas-y-delitos-con-armas.jpg\" alt=\"Eu anuncia acusaciones contra rube\u0301n rocha moya, gobernador de sinaloa por tra\u0301fico de drogas y delitos con armas\" class=\"wp-image-84186\" srcset=\"https:\/\/www.opinionpublica.tv\/portada\/wp-content\/uploads\/2026\/04\/EU-anuncia-acusaciones-contra-Ruben-Rocha-Moya-gobernador-de-Sinaloa-por-trafico-de-drogas-y-delitos-con-armas.jpg 934w, https:\/\/www.opinionpublica.tv\/portada\/wp-content\/uploads\/2026\/04\/EU-anuncia-acusaciones-contra-Ruben-Rocha-Moya-gobernador-de-Sinaloa-por-trafico-de-drogas-y-delitos-con-armas-300x183.jpg 300w, https:\/\/www.opinionpublica.tv\/portada\/wp-content\/uploads\/2026\/04\/EU-anuncia-acusaciones-contra-Ruben-Rocha-Moya-gobernador-de-Sinaloa-por-trafico-de-drogas-y-delitos-con-armas-768x469.jpg 768w\" sizes=\"(max-width: 934px) 100vw, 934px\" \/><\/figure>\n\n\n\n<p class=\"wp-block-paragraph\"><em>Nueva York, EU<\/em>.- El Departamento de Justicia de Estados Unidos anunci\u00f3 acusaciones contra el gobernador de Sinaloa, Rub\u00e9n Rocha Moya, y otras nueve personas por tr\u00e1fico de drogas y delitos relacionados con armas.<\/p>\n\n\n\n<p class=\"wp-block-paragraph\">La acusaci\u00f3n contra el gobernador mexicano se present\u00f3 en el tribunal del Distrito Sur de Nueva York.<\/p>\n\n\n\n<p class=\"wp-block-paragraph\">Entre los otros se\u00f1alados por Estados Unidos, destaca el actual senador de Morena y ex secretario general de Gobierno de Sinaloa con Rocha Moya, Enrique Inzunza Cazarez.<\/p>\n\n\n\n<p class=\"wp-block-paragraph\">Tambi\u00e9n est\u00e1n acusados el alcalde de Culiac\u00e1n, Juan de Dios G\u00e1mez Mend\u00edvil, Enrique D\u00edaz Vega, D\u00e1maso Castro Zaavedra, Marco Antonio Almanza Aviles, Alberto Jorge Contreras N\u00fa\u00f1ez, alias \u201cCholo\u201d, Gerardo M\u00e9rida S\u00e1nchez, Jos\u00e9 Antonio Dionisio Hip\u00f3lito alias \u201cTornado\u201d, y Juan Valenzuela Mill\u00e1n, alias \u201cJuanito\u201d.<\/p>\n\n\n\n<p class=\"wp-block-paragraph\">A los 10 se les acusa de \u201chaberse asociado con el Cartel de Sinaloa para distribuir grandes cantidades de estupefacientes en Estados Unidos\u201d. El caso fue asignado a la jueza federal de distrito Katherine Polk Failla.<\/p>\n\n\n\n<p class=\"wp-block-paragraph\">\u201cEl C\u00e1rtel de Sinaloa no s\u00f3lo trafica con drogas letales, sino que es una organizaci\u00f3n designada como terrorista que se vale de la corrupci\u00f3n y el soborno para fomentar la violencia y obtener beneficios\u201d, afirm\u00f3 Terrance Cole, administrador de la Agencia Antidrogas, en el documento en el que se anunci\u00f3 la acusaci\u00f3n que, dijo, \u201cpone al descubierto un esfuerzo deliberado por socavar las instituciones p\u00fablicas y poner en peligro la vida de los estadounidenses. Los acusados presuntamente utilizaron puestos de confianza para proteger las operaciones del c\u00e1rtel, lo que permiti\u00f3 el flujo de drogas letales hacia nuestro pa\u00eds\u201d.<\/p>\n\n\n\n<p class=\"wp-block-paragraph\">Cole asegur\u00f3 que \u201cnadie est\u00e1 por encima de la ley\u201d y agradeci\u00f3 \u201ca nuestros socios estadounidenses y mexicanos que eligen la integridad cada d\u00eda y se unen a nosotros para salvaguardar nuestras comunidades. Juntos, seguiremos ejerciendo una presi\u00f3n sostenida contra el Cartel de Sinaloa y las redes que lo apoyan para proteger al pueblo estadounidense y salvar vidas\u201d.<\/p>\n\n\n\n<p class=\"wp-block-paragraph\">El fiscal Jay Clayton dijo que el C\u00e1rtel de Sinaloa y otros c\u00e1rteles no podr\u00edan operar \u201ctan libre y exitosamente sin pol\u00edticos y autoridades corruptas en su n\u00f3mina. El apoyo de funcionarios extranjeros corruptos al tr\u00e1fico mortal de drogas debe terminar. Que estas acusaciones env\u00eden un mensaje claro a todos los funcionarios en el mundo que trabajan con narcotraficantes: sin importar su cargo o posici\u00f3n, estamos comprometidos a traerlos ante la justicia\u201d.<\/p>\n\n\n\n<p class=\"wp-block-paragraph\"><em>Con informaci\u00f3n de El Universal<\/em>.<\/p>\n","protected":false},"excerpt":{"rendered":"<p>Nueva York, EU.- El Departamento de Justicia de Estados Unidos anunci\u00f3 acusaciones contra el gobernador de Sinaloa, Rub\u00e9n Rocha Moya, y otras nueve personas por tr\u00e1fico de drogas y delitos relacionados con armas. La acusaci\u00f3n contra el gobernador mexicano se present\u00f3 en el tribunal del Distrito Sur de Nueva York. Entre los otros se\u00f1alados por [&hellip;]<\/p>\n","protected":false},"author":6,"featured_media":84186,"comment_status":"closed","ping_status":"closed","sticky":false,"template":"","format":"standard","meta":{"_acf_changed":false,"_monsterinsights_skip_tracking":false,"slim_seo":{"title":"EU anuncia acusaciones contra Rub\u00e9n Rocha Moya, gobernador de Sinaloa por tr\u00e1fico de drogas y delitos con armas - Opini\u00f3n P\u00fablica","description":"Nueva York, EU .- El Departamento de Justicia de Estados Unidos anunci\u00f3 acusaciones contra el gobernador de Sinaloa, Rub\u00e9n Rocha Moya, y otras nueve personas po"},"footnotes":""},"categories":[3],"tags":[576,202,3172,1197,1198],"class_list":["post-84180","post","type-post","status-publish","format-standard","has-post-thumbnail","hentry","category-principal","tag-cartel-de-sinaloa","tag-dea","tag-narco-politicos-mexicanos","tag-ruben-rocha-moya","tag-sinaloa"],"acf":[],"_links":{"self":[{"href":"https:\/\/www.opinionpublica.tv\/portada\/wp-json\/wp\/v2\/posts\/84180","targetHints":{"allow":["GET"]}}],"collection":[{"href":"https:\/\/www.opinionpublica.tv\/portada\/wp-json\/wp\/v2\/posts"}],"about":[{"href":"https:\/\/www.opinionpublica.tv\/portada\/wp-json\/wp\/v2\/types\/post"}],"author":[{"embeddable":true,"href":"https:\/\/www.opinionpublica.tv\/portada\/wp-json\/wp\/v2\/users\/6"}],"replies":[{"embeddable":true,"href":"https:\/\/www.opinionpublica.tv\/portada\/wp-json\/wp\/v2\/comments?post=84180"}],"version-history":[{"count":8,"href":"https:\/\/www.opinionpublica.tv\/portada\/wp-json\/wp\/v2\/posts\/84180\/revisions"}],"predecessor-version":[{"id":84212,"href":"https:\/\/www.opinionpublica.tv\/portada\/wp-json\/wp\/v2\/posts\/84180\/revisions\/84212"}],"wp:featuredmedia":[{"embeddable":true,"href":"https:\/\/www.opinionpublica.tv\/portada\/wp-json\/wp\/v2\/media\/84186"}],"wp:attachment":[{"href":"https:\/\/www.opinionpublica.tv\/portada\/wp-json\/wp\/v2\/media?parent=84180"}],"wp:term":[{"taxonomy":"category","embeddable":true,"href":"https:\/\/www.opinionpublica.tv\/portada\/wp-json\/wp\/v2\/categories?post=84180"},{"taxonomy":"post_tag","embeddable":true,"href":"https:\/\/www.opinionpublica.tv\/portada\/wp-json\/wp\/v2\/tags?post=84180"}],"curies":[{"name":"wp","href":"https:\/\/api.w.org\/{rel}","templated":true}]}}