{"id":84175,"date":"2026-04-29T00:01:00","date_gmt":"2026-04-29T06:01:00","guid":{"rendered":"https:\/\/www.opinionpublica.tv\/portada\/?p=84175"},"modified":"2026-04-28T20:13:12","modified_gmt":"2026-04-29T02:13:12","slug":"se-corona-el-pueblo-magico-de-creel-en-los-premios-de-excelencias-2026","status":"publish","type":"post","link":"https:\/\/www.opinionpublica.tv\/portada\/se-corona-el-pueblo-magico-de-creel-en-los-premios-de-excelencias-2026\/","title":{"rendered":"Se corona el Pueblo M\u00e1gico de Creel en los Premios de Excelencias 2026"},"content":{"rendered":"\n<figure class=\"wp-block-image size-large\"><img fetchpriority=\"high\" decoding=\"async\" width=\"1024\" height=\"768\" src=\"https:\/\/www.opinionpublica.tv\/portada\/wp-content\/uploads\/2026\/04\/Se-corona-el-Pueblo-Magico-de-Creel-en-los-Premios-de-Excelencias-2026-1024x768.jpeg\" alt=\"Se corona el pueblo ma\u0301gico de creel en los premios de excelencias 2026\" class=\"wp-image-84177\" srcset=\"https:\/\/www.opinionpublica.tv\/portada\/wp-content\/uploads\/2026\/04\/Se-corona-el-Pueblo-Magico-de-Creel-en-los-Premios-de-Excelencias-2026-1024x768.jpeg 1024w, https:\/\/www.opinionpublica.tv\/portada\/wp-content\/uploads\/2026\/04\/Se-corona-el-Pueblo-Magico-de-Creel-en-los-Premios-de-Excelencias-2026-300x225.jpeg 300w, https:\/\/www.opinionpublica.tv\/portada\/wp-content\/uploads\/2026\/04\/Se-corona-el-Pueblo-Magico-de-Creel-en-los-Premios-de-Excelencias-2026-768x576.jpeg 768w, https:\/\/www.opinionpublica.tv\/portada\/wp-content\/uploads\/2026\/04\/Se-corona-el-Pueblo-Magico-de-Creel-en-los-Premios-de-Excelencias-2026-1536x1152.jpeg 1536w, https:\/\/www.opinionpublica.tv\/portada\/wp-content\/uploads\/2026\/04\/Se-corona-el-Pueblo-Magico-de-Creel-en-los-Premios-de-Excelencias-2026.jpeg 1600w\" sizes=\"(max-width: 1024px) 100vw, 1024px\" \/><\/figure>\n\n\n\n<p><em>Acapulco, Guerrero<\/em>.- El Pueblo M\u00e1gico de Creel result\u00f3 ganador en la categor\u00eda Naturaleza de los Premios de Excelencias 2026, en ceremonia celebrada durante el Tianguis Tur\u00edstico de M\u00e9xico, que en esta edici\u00f3n tuvo como sede el puerto de Acapulco, Guerrero.<\/p>\n\n\n\n<p>Por su importancia como puerta de entrada a las Barrancas del Cobre, este reconocimiento destaca la riqueza natural de Creel, que es uno de los principales atractivos del pa\u00eds, que se consolida como un destino emblem\u00e1tico para el turismo de naturaleza y aventura.<\/p>\n\n\n\n<p>Entre sus principales puntos a visitar se encuentran el Valle de los Monjes, el Lago de Arareko y el Parque Barrancas, ubicado a aproximadamente 40 kil\u00f3metros, sitios que reflejan la belleza y diversidad de paisajes que distinguen a este destino.<\/p>\n\n\n\n<p>El secretario de Turismo del Gobierno del Estado, Edibray G\u00f3mez Gallegos recibi\u00f3 el galard\u00f3n que forma parte de los Premios de Excelencias, otorgados por el Grupo Excelencias, los cuales reconocen iniciativas destacadas en la materia, en cultura y en desarrollo sustentable en Iberoam\u00e9rica y el Caribe.<\/p>\n\n\n\n<p>Cabe recordar que, en esta edici\u00f3n, Chihuahua cont\u00f3 con diversas nominaciones que pusieron en valor la diversidad cultural de otros destinos como el Pueblo M\u00e1gico de Guachochi, que particip\u00f3 en las categor\u00edas Cultura y Naturaleza.<\/p>\n\n\n\n<p>Con este resultado, el estado fortalece su posicionamiento a nivel nacional e internacional, al destacar la calidad y autenticidad de sus experiencias tur\u00edsticas, as\u00ed como el trabajo conjunto entre autoridades, comunidades y sector tur\u00edstico.<\/p>\n\n\n\n<p>El Tianguis Tur\u00edstico de M\u00e9xico es el evento m\u00e1s importante del sector en el pa\u00eds, donde se promueven diversos sitios, se generan alianzas estrat\u00e9gicas y se impulsa el desarrollo del sector en las entidades federativas.<\/p>\n","protected":false},"excerpt":{"rendered":"<p>Acapulco, Guerrero.- El Pueblo M\u00e1gico de Creel result\u00f3 ganador en la categor\u00eda Naturaleza de los Premios de Excelencias 2026, en ceremonia celebrada durante el Tianguis Tur\u00edstico de M\u00e9xico, que en esta edici\u00f3n tuvo como sede el puerto de Acapulco, Guerrero. Por su importancia como puerta de entrada a las Barrancas del Cobre, este reconocimiento destaca [&hellip;]<\/p>\n","protected":false},"author":6,"featured_media":84177,"comment_status":"closed","ping_status":"closed","sticky":false,"template":"","format":"standard","meta":{"_acf_changed":false,"_monsterinsights_skip_tracking":false,"_monsterinsights_sitenote_active":false,"_monsterinsights_sitenote_note":"","_monsterinsights_sitenote_category":0,"slim_seo":{"title":"Se corona el Pueblo M\u00e1gico de Creel en los Premios de Excelencias 2026 - Opini\u00f3n P\u00fablica","description":"Acapulco, Guerrero .- El Pueblo M\u00e1gico de Creel result\u00f3 ganador en la categor\u00eda Naturaleza de los Premios de Excelencias 2026, en ceremonia celebrada durante el"},"footnotes":""},"categories":[11],"tags":[3207,586],"class_list":["post-84175","post","type-post","status-publish","format-standard","has-post-thumbnail","hentry","category-tendencias","tag-pueblo-magico-de-creel","tag-turismo-chihuahua"],"acf":[],"_links":{"self":[{"href":"https:\/\/www.opinionpublica.tv\/portada\/wp-json\/wp\/v2\/posts\/84175","targetHints":{"allow":["GET"]}}],"collection":[{"href":"https:\/\/www.opinionpublica.tv\/portada\/wp-json\/wp\/v2\/posts"}],"about":[{"href":"https:\/\/www.opinionpublica.tv\/portada\/wp-json\/wp\/v2\/types\/post"}],"author":[{"embeddable":true,"href":"https:\/\/www.opinionpublica.tv\/portada\/wp-json\/wp\/v2\/users\/6"}],"replies":[{"embeddable":true,"href":"https:\/\/www.opinionpublica.tv\/portada\/wp-json\/wp\/v2\/comments?post=84175"}],"version-history":[{"count":2,"href":"https:\/\/www.opinionpublica.tv\/portada\/wp-json\/wp\/v2\/posts\/84175\/revisions"}],"predecessor-version":[{"id":84178,"href":"https:\/\/www.opinionpublica.tv\/portada\/wp-json\/wp\/v2\/posts\/84175\/revisions\/84178"}],"wp:featuredmedia":[{"embeddable":true,"href":"https:\/\/www.opinionpublica.tv\/portada\/wp-json\/wp\/v2\/media\/84177"}],"wp:attachment":[{"href":"https:\/\/www.opinionpublica.tv\/portada\/wp-json\/wp\/v2\/media?parent=84175"}],"wp:term":[{"taxonomy":"category","embeddable":true,"href":"https:\/\/www.opinionpublica.tv\/portada\/wp-json\/wp\/v2\/categories?post=84175"},{"taxonomy":"post_tag","embeddable":true,"href":"https:\/\/www.opinionpublica.tv\/portada\/wp-json\/wp\/v2\/tags?post=84175"}],"curies":[{"name":"wp","href":"https:\/\/api.w.org\/{rel}","templated":true}]}}