{"id":84165,"date":"2026-04-29T00:01:00","date_gmt":"2026-04-29T06:01:00","guid":{"rendered":"https:\/\/www.opinionpublica.tv\/portada\/?p=84165"},"modified":"2026-04-28T19:57:20","modified_gmt":"2026-04-29T01:57:20","slug":"fgr-integra-dos-carpetas-por-la-presencia-de-dos-agentes-de-la-cia-en-chihuahua","status":"publish","type":"post","link":"https:\/\/www.opinionpublica.tv\/portada\/fgr-integra-dos-carpetas-por-la-presencia-de-dos-agentes-de-la-cia-en-chihuahua\/","title":{"rendered":"FGR integra dos carpetas por la presencia de dos agentes de la CIA en Chihuahua"},"content":{"rendered":"\n<figure class=\"wp-block-image size-large\"><img fetchpriority=\"high\" decoding=\"async\" width=\"1024\" height=\"631\" src=\"https:\/\/www.opinionpublica.tv\/portada\/wp-content\/uploads\/2026\/04\/FGR-integra-dos-carpetas-por-la-presencia-de-dos-agentes-de-la-CIA-en-Chihuahua-1024x631.avif\" alt=\"Fgr integra dos carpetas por la presencia de dos agentes de la cia en chihuahua\" class=\"wp-image-84168\" srcset=\"https:\/\/www.opinionpublica.tv\/portada\/wp-content\/uploads\/2026\/04\/FGR-integra-dos-carpetas-por-la-presencia-de-dos-agentes-de-la-CIA-en-Chihuahua-1024x631.avif 1024w, https:\/\/www.opinionpublica.tv\/portada\/wp-content\/uploads\/2026\/04\/FGR-integra-dos-carpetas-por-la-presencia-de-dos-agentes-de-la-CIA-en-Chihuahua-300x185.avif 300w, https:\/\/www.opinionpublica.tv\/portada\/wp-content\/uploads\/2026\/04\/FGR-integra-dos-carpetas-por-la-presencia-de-dos-agentes-de-la-CIA-en-Chihuahua-768x473.avif 768w, https:\/\/www.opinionpublica.tv\/portada\/wp-content\/uploads\/2026\/04\/FGR-integra-dos-carpetas-por-la-presencia-de-dos-agentes-de-la-CIA-en-Chihuahua.avif 1081w\" sizes=\"(max-width: 1024px) 100vw, 1024px\" \/><\/figure>\n\n\n\n<p class=\"wp-block-paragraph\"><em>Ciudad de M\u00e9xico<\/em>.- La Fiscal\u00eda General de la Rep\u00fablica (FGR) anunci\u00f3 que integra dos investigaciones con el fin de esclarecer el caso de los agentes de la Agencia Central de Inteligencia (CIA), quienes participaron con autoridades de Chihuahua en un operativo antidrogas en la sierra del Pinal y fallecieron, y deslindar responsabilidades de cualquier persona que haya participado.<\/p>\n\n\n\n<p class=\"wp-block-paragraph\">La instituci\u00f3n encabezada por Ernestina Godoy Ramos report\u00f3 que la Fiscal\u00eda Especializada de Control Regional (Fecor) en dicha entidad se har\u00e1 cargo de las indagatorias por la presencia de los agentes estadounidenses, al considerarse la posibilidad de que se hayan cometido delitos en materia de seguridad nacional.<\/p>\n\n\n\n<p class=\"wp-block-paragraph\">A trav\u00e9s de un comunicado, la FGR precis\u00f3 que comenz\u00f3 las pesquisas derivado de la investigaci\u00f3n realizada por la Fiscal\u00eda General del Estado (FGE), instituci\u00f3n que refiri\u00f3 que empez\u00f3 esa indagatoria desde hace meses, situaci\u00f3n que en ese momento la FGR desconoc\u00eda.<\/p>\n\n\n\n<p class=\"wp-block-paragraph\">\u201cLa investigaci\u00f3n federal se inici\u00f3 por comunicaci\u00f3n de esa Fiscal\u00eda estatal, relacionada con el hallazgo de la instalaci\u00f3n en \u00e1rea abierta destinada a la confecci\u00f3n de narc\u00f3ticos sint\u00e9ticos, ubicada entre los municipios de Morelos y Guachochi\u201d, indic\u00f3.<\/p>\n\n\n\n<p class=\"wp-block-paragraph\">Con referencia a la segunda indagatoria, la FGR se\u00f1al\u00f3 que se abri\u00f3 por noticia criminal, luego de que el exfiscal C\u00e9sar J\u00e1uregui ofreci\u00f3 una rueda de prensa el pasado 19 de abril, as\u00ed como por la informaci\u00f3n compartida en la Mesa de Seguridad Estatal del estado de Chihuahua.<\/p>\n\n\n\n<p class=\"wp-block-paragraph\">Al respecto, afirm\u00f3 se determin\u00f3 continuarla en la Fiscal\u00eda Especial de Investigaci\u00f3n y Litigaci\u00f3n de Casos Complejos de la misma FECOR, por sus caracter\u00edsticas y relevancia, adem\u00e1s de considerarse la posibilidad de que se hayan cometido delitos en materia de seguridad nacional.<\/p>\n\n\n\n<p class=\"wp-block-paragraph\">Agreg\u00f3 que, hasta ayer, la Fiscal\u00eda General del Estado de Chihuahua remiti\u00f3 a la FGR copia de la carpeta iniciada en el fuero local, por lo que las actuaciones realizadas por esa autoridad ministerial se encuentran en an\u00e1lisis para su integraci\u00f3n en las carpetas referidas del \u00e1mbito federal.<\/p>\n\n\n\n<p class=\"wp-block-paragraph\">\u201cLos avances y resultados de las indagatorias se comunicar\u00e1n de manera transparente y oportuna, observando las implicaciones del debido proceso\u201d, se\u00f1al\u00f3.<\/p>\n\n\n\n<p class=\"wp-block-paragraph\"><em>Con informaci\u00f3n de El Universal<\/em>.<\/p>\n","protected":false},"excerpt":{"rendered":"<p>Ciudad de M\u00e9xico.- La Fiscal\u00eda General de la Rep\u00fablica (FGR) anunci\u00f3 que integra dos investigaciones con el fin de esclarecer el caso de los agentes de la Agencia Central de Inteligencia (CIA), quienes participaron con autoridades de Chihuahua en un operativo antidrogas en la sierra del Pinal y fallecieron, y deslindar responsabilidades de cualquier persona [&hellip;]<\/p>\n","protected":false},"author":6,"featured_media":84168,"comment_status":"closed","ping_status":"closed","sticky":false,"template":"","format":"standard","meta":{"_acf_changed":false,"_monsterinsights_skip_tracking":false,"slim_seo":{"title":"FGR integra dos carpetas por la presencia de dos agentes de la CIA en Chihuahua - Opini\u00f3n P\u00fablica","description":"Ciudad de M\u00e9xico .- La Fiscal\u00eda General de la Rep\u00fablica (FGR) anunci\u00f3 que integra dos investigaciones con el fin de esclarecer el caso de los agentes de la Agen"},"footnotes":""},"categories":[4],"tags":[3204,496],"class_list":["post-84165","post","type-post","status-publish","format-standard","has-post-thumbnail","hentry","category-pulsopolitico","tag-cia-en-chihuahua","tag-fgr"],"acf":[],"_links":{"self":[{"href":"https:\/\/www.opinionpublica.tv\/portada\/wp-json\/wp\/v2\/posts\/84165","targetHints":{"allow":["GET"]}}],"collection":[{"href":"https:\/\/www.opinionpublica.tv\/portada\/wp-json\/wp\/v2\/posts"}],"about":[{"href":"https:\/\/www.opinionpublica.tv\/portada\/wp-json\/wp\/v2\/types\/post"}],"author":[{"embeddable":true,"href":"https:\/\/www.opinionpublica.tv\/portada\/wp-json\/wp\/v2\/users\/6"}],"replies":[{"embeddable":true,"href":"https:\/\/www.opinionpublica.tv\/portada\/wp-json\/wp\/v2\/comments?post=84165"}],"version-history":[{"count":2,"href":"https:\/\/www.opinionpublica.tv\/portada\/wp-json\/wp\/v2\/posts\/84165\/revisions"}],"predecessor-version":[{"id":84169,"href":"https:\/\/www.opinionpublica.tv\/portada\/wp-json\/wp\/v2\/posts\/84165\/revisions\/84169"}],"wp:featuredmedia":[{"embeddable":true,"href":"https:\/\/www.opinionpublica.tv\/portada\/wp-json\/wp\/v2\/media\/84168"}],"wp:attachment":[{"href":"https:\/\/www.opinionpublica.tv\/portada\/wp-json\/wp\/v2\/media?parent=84165"}],"wp:term":[{"taxonomy":"category","embeddable":true,"href":"https:\/\/www.opinionpublica.tv\/portada\/wp-json\/wp\/v2\/categories?post=84165"},{"taxonomy":"post_tag","embeddable":true,"href":"https:\/\/www.opinionpublica.tv\/portada\/wp-json\/wp\/v2\/tags?post=84165"}],"curies":[{"name":"wp","href":"https:\/\/api.w.org\/{rel}","templated":true}]}}