{"id":84161,"date":"2026-05-01T00:01:00","date_gmt":"2026-05-01T06:01:00","guid":{"rendered":"https:\/\/www.opinionpublica.tv\/portada\/?p=84161"},"modified":"2026-04-28T18:59:12","modified_gmt":"2026-04-29T00:59:12","slug":"la-caida-del-cesar","status":"publish","type":"post","link":"https:\/\/www.opinionpublica.tv\/portada\/la-caida-del-cesar\/","title":{"rendered":"La ca\u00edda del \u00abC\u00e9sar\u00bb"},"content":{"rendered":"\n<h4 class=\"wp-block-heading\">Eduardo Borunda<\/h4>\n\n\n\n<p>___________________________<\/p>\n\n\n\n<p>La noticia se esparci\u00f3 por todo M\u00e9xico, personal de la Agencia Central de Inteligencia, mejor conocida como la CIA (siglas en ingl\u00e9s), fallecieron cuando un veh\u00edculo en el que acompa\u00f1aban al director de la Agencia Estatal de Investigaci\u00f3n de la Fiscal\u00eda de Chihuahua y otro elemento del Ministerio P\u00fablico. La nota diplom\u00e1tica trascendi\u00f3 fronteras y se gener\u00f3 un nuevo enfrentamiento entre la Casa Blanca y el gobierno de la presidenta Claudia Sheinbaum Pardo.<\/p>\n\n\n\n<p>Las declaraciones iniciales indicaron que \u201cestaban compartiendo transporte para ayudarles a trasladarse a la capital del Estado\u201d citaba el portal de noticias El Pa\u00eds en su sitio web. Sin embargo, hubo contradicciones en las declaraciones del gobierno del estado de Chihuahua que dejaba en claro que hab\u00eda m\u00e1s involucrados de la agencia americana con trabajos de intervenci\u00f3n, espionaje y no precisamente en tareas de entrenamiento de \u201cdrones\u201d.<\/p>\n\n\n\n<p>No es obra de la casualidad que el periodista Manuel Buend\u00eda Tellezgir\u00f3n se\u00f1alar\u00e1 las acciones de la CIA en M\u00e9xico desde la perspectiva de un periodismo cr\u00edtico que combat\u00eda la corrupci\u00f3n con informaci\u00f3n veraz. Cr\u00edtico del gobierno, su postura le cobr\u00f3 la vida en manos del sistema pol\u00edtico mexicano cuyos nexos con el narcotr\u00e1fico eran m\u00e1s que evidentes. Jos\u00e9 Antonio Zorrilla P\u00e9rez y Rafael Moro \u00c1vila fueron condenados por el asesinato del periodista.<\/p>\n\n\n\n<p>El tri\u00e1ngulo se repite, hoy el gobierno se enfrenta a una nueva crisis de gobernabilidad, las acusaciones de corrupci\u00f3n en las altas esferas de los gobiernos locales y el propio federal, el involucramiento del crimen organizado y la CIA, todo digno de un nuevo cap\u00edtulo para la obra de \u201cLa ultraderecha en M\u00e9xico\u201d de Buend\u00eda Tellezgir\u00f3n.<\/p>\n\n\n\n<p>Una de las preguntas sin contestar, es la causa real del accidente: \u00bfSe desbarranc\u00f3? \u00bfLos arrojaron en un accidente provocado? \u00bfPor qu\u00e9 iban los agentes encubiertos? \u00bfSab\u00eda el gobierno mexicano la incursi\u00f3n de la CIA en Chihuahua? \u00bfPor qu\u00e9 no sab\u00eda? \u00bfEra misi\u00f3n secreta del gobierno estadounidense?<\/p>\n\n\n\n<p>C\u00e9sar Jauregui Moreno, por lo pronto, paga los platos rotos. Deja la Fiscal\u00eda General del Estado (FGE) para transparentar una investigaci\u00f3n que es exigida por la clase pol\u00edtica y gubernamental. Deja tambi\u00e9n en veremos su proyecto para la alcald\u00eda de Chihuahua, donde se observaba como el m\u00e1s amplio favorito dentro del panismo de la capital del estado. Unos estiman que aqu\u00ed acaba su carrera pol\u00edtica, pero seguramente tomar\u00e1 un descanso obligado por las condiciones pol\u00edticas y su entorno social.<\/p>\n\n\n\n<p>Wendy Ch\u00e1vez, la fiscal especial para investigar el caso, deber\u00e1 informar diariamente sobre los avances de la indagatoria, no pueden cometer nuevos errores y menos por la cercan\u00eda del proceso electoral del a\u00f1o 2027.<\/p>\n\n\n\n<p>La comparecencia en el senado de la gobernadora Maru Campos Galv\u00e1n est\u00e1 suspendida por el momento, como un acuerdo en las altas esferas del poder, sin embargo, personas cercanas al asunto, dicen que se lam\u00eda los bigotes Javier Corral Jurado, senador de la rep\u00fablica por Chihuahua, por exhibir a la gobernadora, se qued\u00f3 con las ganas\u2026 por el momento.<\/p>\n\n\n\n<p>\u00bfEn qu\u00e9 terminar\u00e1 esta historia? Por lo pronto, la ca\u00edda de C\u00e9sar Jauregui Moreno pone en aprietos al PAN en Chihuahua capital, la vinculaci\u00f3n del crimen organizado, la CIA, y las redes de corrupci\u00f3n no se pueden ocultar a la luz de la opini\u00f3n p\u00fablica.<\/p>\n\n\n\n<p>Hay muchas preguntas por responder y eso afecta a las instituciones en las cuales los ciudadanos desconf\u00edan.<\/p>\n","protected":false},"excerpt":{"rendered":"<p>Eduardo Borunda ___________________________ La noticia se esparci\u00f3 por todo M\u00e9xico, personal de la Agencia Central de Inteligencia, mejor conocida como la CIA (siglas en ingl\u00e9s), fallecieron cuando un veh\u00edculo en el que acompa\u00f1aban al director de la Agencia Estatal de Investigaci\u00f3n de la Fiscal\u00eda de Chihuahua y otro elemento del Ministerio P\u00fablico. La nota diplom\u00e1tica [&hellip;]<\/p>\n","protected":false},"author":6,"featured_media":44484,"comment_status":"closed","ping_status":"closed","sticky":false,"template":"","format":"standard","meta":{"_acf_changed":false,"_monsterinsights_skip_tracking":false,"_monsterinsights_sitenote_active":false,"_monsterinsights_sitenote_note":"","_monsterinsights_sitenote_category":0,"slim_seo":{"title":"La ca\u00edda del \"C\u00e9sar\" - Opini\u00f3n P\u00fablica","description":"Eduardo Borunda ___________________________ La noticia se esparci\u00f3 por todo M\u00e9xico, personal de la Agencia Central de Inteligencia, mejor conocida como la CIA ("},"footnotes":""},"categories":[31],"tags":[1120],"class_list":["post-84161","post","type-post","status-publish","format-standard","has-post-thumbnail","hentry","category-galimatias","tag-eduardo-borunda"],"acf":[],"_links":{"self":[{"href":"https:\/\/www.opinionpublica.tv\/portada\/wp-json\/wp\/v2\/posts\/84161","targetHints":{"allow":["GET"]}}],"collection":[{"href":"https:\/\/www.opinionpublica.tv\/portada\/wp-json\/wp\/v2\/posts"}],"about":[{"href":"https:\/\/www.opinionpublica.tv\/portada\/wp-json\/wp\/v2\/types\/post"}],"author":[{"embeddable":true,"href":"https:\/\/www.opinionpublica.tv\/portada\/wp-json\/wp\/v2\/users\/6"}],"replies":[{"embeddable":true,"href":"https:\/\/www.opinionpublica.tv\/portada\/wp-json\/wp\/v2\/comments?post=84161"}],"version-history":[{"count":2,"href":"https:\/\/www.opinionpublica.tv\/portada\/wp-json\/wp\/v2\/posts\/84161\/revisions"}],"predecessor-version":[{"id":84163,"href":"https:\/\/www.opinionpublica.tv\/portada\/wp-json\/wp\/v2\/posts\/84161\/revisions\/84163"}],"wp:featuredmedia":[{"embeddable":true,"href":"https:\/\/www.opinionpublica.tv\/portada\/wp-json\/wp\/v2\/media\/44484"}],"wp:attachment":[{"href":"https:\/\/www.opinionpublica.tv\/portada\/wp-json\/wp\/v2\/media?parent=84161"}],"wp:term":[{"taxonomy":"category","embeddable":true,"href":"https:\/\/www.opinionpublica.tv\/portada\/wp-json\/wp\/v2\/categories?post=84161"},{"taxonomy":"post_tag","embeddable":true,"href":"https:\/\/www.opinionpublica.tv\/portada\/wp-json\/wp\/v2\/tags?post=84161"}],"curies":[{"name":"wp","href":"https:\/\/api.w.org\/{rel}","templated":true}]}}