{"id":84155,"date":"2026-04-29T00:01:00","date_gmt":"2026-04-29T06:01:00","guid":{"rendered":"https:\/\/www.opinionpublica.tv\/portada\/?p=84155"},"modified":"2026-04-28T18:41:49","modified_gmt":"2026-04-29T00:41:49","slug":"efemerides-29-de-abril-un-dia-como-hoy-en-la-historia","status":"publish","type":"post","link":"https:\/\/www.opinionpublica.tv\/portada\/efemerides-29-de-abril-un-dia-como-hoy-en-la-historia\/","title":{"rendered":"Efem\u00e9rides 29 de abril | Un d\u00eda como hoy en la historia&#8230;"},"content":{"rendered":"\n<p><em>En un 29 de abril, pero de 1992, el veredicto de un jurado, que declar\u00f3 inocentes a cuatro polic\u00edas blancos que en 1991 apalearon al automovilista negro Rodney King, desencadena violentos disturbios en Los \u00c1ngeles que se prolongaron durante varios d\u00edas y en los que murieron 55 personas y unas 2 mil resultaron heridas<\/em>.<\/p>\n\n\n\n<figure class=\"wp-block-image size-full\"><img fetchpriority=\"high\" decoding=\"async\" width=\"976\" height=\"549\" src=\"https:\/\/www.opinionpublica.tv\/portada\/wp-content\/uploads\/2026\/04\/1992-el-veredicto-de-un-jurado-que-declaro-inocentes-a-cuatro-policias-blancos-que-en-1991-apalearon-al-automovilista-negro-Rodney-King-desencadena-violentos-disturbios-en-Los-Angeles.jpg\" alt=\"1992, el veredicto de un jurado, que declaro\u0301 inocentes a cuatro polici\u0301as blancos que en 1991 apalearon al automovilista negro rodney king, desencadena violentos disturbios en los a\u0301ngeles\" class=\"wp-image-84156\" srcset=\"https:\/\/www.opinionpublica.tv\/portada\/wp-content\/uploads\/2026\/04\/1992-el-veredicto-de-un-jurado-que-declaro-inocentes-a-cuatro-policias-blancos-que-en-1991-apalearon-al-automovilista-negro-Rodney-King-desencadena-violentos-disturbios-en-Los-Angeles.jpg 976w, https:\/\/www.opinionpublica.tv\/portada\/wp-content\/uploads\/2026\/04\/1992-el-veredicto-de-un-jurado-que-declaro-inocentes-a-cuatro-policias-blancos-que-en-1991-apalearon-al-automovilista-negro-Rodney-King-desencadena-violentos-disturbios-en-Los-Angeles-300x169.jpg 300w, https:\/\/www.opinionpublica.tv\/portada\/wp-content\/uploads\/2026\/04\/1992-el-veredicto-de-un-jurado-que-declaro-inocentes-a-cuatro-policias-blancos-que-en-1991-apalearon-al-automovilista-negro-Rodney-King-desencadena-violentos-disturbios-en-Los-Angeles-768x432.jpg 768w\" sizes=\"(max-width: 976px) 100vw, 976px\" \/><\/figure>\n\n\n\n<p><strong>Otras efem\u00e9rides<\/strong><\/p>\n\n\n\n<p>1875.- Portugal suprime la esclavitud en todas las provincias de ultramar.<\/p>\n\n\n\n<p>1942.- Segunda Guerra Mundial: Hitler y Mussolini se entrevistan en el palacio de Klessheim (Austria).<\/p>\n\n\n\n<p>1945.- Tropas norteamericanas liberan el campo de concentraci\u00f3n de Dachau Baviera, Alemania.<\/p>\n\n\n\n<p>1945.- Adolf Hitler contrae matrimonio con Eva Braun, en el s\u00f3tano acorazado que les serv\u00eda como refugio, en Berl\u00edn.<\/p>\n\n\n\n<p>1968.- Se estrena en Broadway, Nueva York, el musical &#8216;Hair&#8217;.<\/p>\n\n\n\n<p>1986.- Un incendio destruye 400 mil libros en la biblioteca central de Los \u00c1ngeles.<\/p>\n\n\n\n<p>1988.- Mijail Gorbachov, presidente de la URSS, recibe en el Kremlim, por primera vez, al patriarca de la Iglesia Ortodoxa rusa, Pimen.<\/p>\n\n\n\n<p>1991.- Un tif\u00f3n asola la zona costera de Bangladesh y causa la muerte de 200.000 personas.<\/p>\n\n\n\n<p>1991.- La ONU aprueba un plan para la descolonizaci\u00f3n del S\u00e1hara Occidental.<\/p>\n\n\n\n<p>1997.- Entra en vigor el Convenio Internacional sobre Prohibici\u00f3n de Armas Qu\u00edmicas, ratificado por 87 de los 156 estados firmantes.<\/p>\n\n\n\n<p>2011.- El Pr\u00edncipe Guillermo de Inglaterra, segundo heredero del trono, contrae matrimonio con la joven Kate Middleton.<\/p>\n\n\n\n<p>2021.- Se inaugura el puente Arouca, Portugal, el puente colgante peatonal m\u00e1s largo del mundo, con 516 metros.<\/p>\n\n\n\n<p><strong>Nacimientos<\/strong><\/p>\n\n\n\n<p>1899.- Duke Ellington, compositor y pianista estadounidense.<\/p>\n\n\n\n<p>1901.- Hiro-Hito, emperador de Jap\u00f3n.<\/p>\n\n\n\n<p>1933.- Willie Nelson, cantante y compositor estadounidense.<\/p>\n\n\n\n<p>1957.- Daniel Day-Lewis, actor brit\u00e1nico.<\/p>\n\n\n\n<p>1958.- Michelle Pfeiffer, actriz estadounidense.<\/p>\n\n\n\n<p>1970.- Andrea Agassi, tenista estadounidense.<\/p>\n\n\n\n<p>1970.- Uma Thurman, actriz estadounidense.<\/p>\n\n\n\n<p>1971.- Leopoldo L\u00f3pez, pol\u00edtico opositor venezolano.<\/p>\n\n\n\n<p><strong>Defunciones<\/strong><\/p>\n\n\n\n<p>1980.- Alfred Hitchcock, director de cine, brit\u00e1nico nacionalizado estadounidense.<\/p>\n\n\n\n<p>2006.- John Kenneth Galbraith, economista estadounidense.<\/p>\n\n\n\n<p>2015.- Fran\u00e7ois Michelin, industrial franc\u00e9s.<\/p>\n\n\n\n<p>2018.- Luis Garc\u00eda Meza, dictador boliviano.<\/p>\n","protected":false},"excerpt":{"rendered":"<p>En un 29 de abril, pero de 1992, el veredicto de un jurado, que declar\u00f3 inocentes a cuatro polic\u00edas blancos que en 1991 apalearon al automovilista negro Rodney King, desencadena violentos disturbios en Los \u00c1ngeles que se prolongaron durante varios d\u00edas y en los que murieron 55 personas y unas 2 mil resultaron heridas. Otras [&hellip;]<\/p>\n","protected":false},"author":6,"featured_media":84156,"comment_status":"closed","ping_status":"closed","sticky":false,"template":"","format":"standard","meta":{"_acf_changed":false,"_monsterinsights_skip_tracking":false,"_monsterinsights_sitenote_active":false,"_monsterinsights_sitenote_note":"","_monsterinsights_sitenote_category":0,"slim_seo":{"title":"Efem\u00e9rides 29 de abril | Un d\u00eda como hoy en la historia... - Opini\u00f3n P\u00fablica","description":"En un 29 de abril, pero de 1992, el veredicto de un jurado, que declar\u00f3 inocentes a cuatro polic\u00edas blancos que en 1991 apalearon al automovilista negro Rodney"},"footnotes":""},"categories":[27],"tags":[3203,3201,3202],"class_list":["post-84155","post","type-post","status-publish","format-standard","has-post-thumbnail","hentry","category-un-dia-como-hoy","tag-disturbios-en-los-angeles-1992","tag-efemerides-29-de-abril","tag-rodney-king"],"acf":[],"_links":{"self":[{"href":"https:\/\/www.opinionpublica.tv\/portada\/wp-json\/wp\/v2\/posts\/84155","targetHints":{"allow":["GET"]}}],"collection":[{"href":"https:\/\/www.opinionpublica.tv\/portada\/wp-json\/wp\/v2\/posts"}],"about":[{"href":"https:\/\/www.opinionpublica.tv\/portada\/wp-json\/wp\/v2\/types\/post"}],"author":[{"embeddable":true,"href":"https:\/\/www.opinionpublica.tv\/portada\/wp-json\/wp\/v2\/users\/6"}],"replies":[{"embeddable":true,"href":"https:\/\/www.opinionpublica.tv\/portada\/wp-json\/wp\/v2\/comments?post=84155"}],"version-history":[{"count":1,"href":"https:\/\/www.opinionpublica.tv\/portada\/wp-json\/wp\/v2\/posts\/84155\/revisions"}],"predecessor-version":[{"id":84157,"href":"https:\/\/www.opinionpublica.tv\/portada\/wp-json\/wp\/v2\/posts\/84155\/revisions\/84157"}],"wp:featuredmedia":[{"embeddable":true,"href":"https:\/\/www.opinionpublica.tv\/portada\/wp-json\/wp\/v2\/media\/84156"}],"wp:attachment":[{"href":"https:\/\/www.opinionpublica.tv\/portada\/wp-json\/wp\/v2\/media?parent=84155"}],"wp:term":[{"taxonomy":"category","embeddable":true,"href":"https:\/\/www.opinionpublica.tv\/portada\/wp-json\/wp\/v2\/categories?post=84155"},{"taxonomy":"post_tag","embeddable":true,"href":"https:\/\/www.opinionpublica.tv\/portada\/wp-json\/wp\/v2\/tags?post=84155"}],"curies":[{"name":"wp","href":"https:\/\/api.w.org\/{rel}","templated":true}]}}