{"id":84145,"date":"2026-04-29T00:01:00","date_gmt":"2026-04-29T06:01:00","guid":{"rendered":"https:\/\/www.opinionpublica.tv\/portada\/?p=84145"},"modified":"2026-04-28T18:18:07","modified_gmt":"2026-04-29T00:18:07","slug":"coatlicue-la-super-computadora-que-procesara-decadas-de-datos-meteorologicos","status":"publish","type":"post","link":"https:\/\/www.opinionpublica.tv\/portada\/coatlicue-la-super-computadora-que-procesara-decadas-de-datos-meteorologicos\/","title":{"rendered":"Coatlicue: s\u00faper computadora que procesar\u00e1 d\u00e9cadas de datos meteorol\u00f3gicos"},"content":{"rendered":"\n<figure class=\"wp-block-image size-large\"><img fetchpriority=\"high\" decoding=\"async\" width=\"1024\" height=\"576\" src=\"https:\/\/www.opinionpublica.tv\/portada\/wp-content\/uploads\/2026\/04\/Coatlicue-super-computadora-que-procesara-decadas-de-datos-meteorologicos-1024x576.webp\" alt=\"Coatlicue su\u0301per computadora que procesara\u0301 de\u0301cadas de datos meteorolo\u0301gicos\" class=\"wp-image-84148\" srcset=\"https:\/\/www.opinionpublica.tv\/portada\/wp-content\/uploads\/2026\/04\/Coatlicue-super-computadora-que-procesara-decadas-de-datos-meteorologicos-1024x576.webp 1024w, https:\/\/www.opinionpublica.tv\/portada\/wp-content\/uploads\/2026\/04\/Coatlicue-super-computadora-que-procesara-decadas-de-datos-meteorologicos-300x169.webp 300w, https:\/\/www.opinionpublica.tv\/portada\/wp-content\/uploads\/2026\/04\/Coatlicue-super-computadora-que-procesara-decadas-de-datos-meteorologicos-768x432.webp 768w, https:\/\/www.opinionpublica.tv\/portada\/wp-content\/uploads\/2026\/04\/Coatlicue-super-computadora-que-procesara-decadas-de-datos-meteorologicos.webp 1200w\" sizes=\"(max-width: 1024px) 100vw, 1024px\" \/><\/figure>\n\n\n\n<p>M\u00e9xico pondr\u00e1 en marcha un sistema capaz de procesar en horas lo que antes tomaba meses. Se trata de Coatlicue, la supercomputadora nacional dise\u00f1ada para monitorear y prevenir huracanes, sequ\u00edas, crisis h\u00eddricas y fen\u00f3menos meteorol\u00f3gicos en el pa\u00eds.<\/p>\n\n\n\n<p>Este complejo tecnol\u00f3gico, presentado por la presidenta Claudia Sheinbaum en noviembre de 2025, que cuenta con una inversi\u00f3n p\u00fablica de seis mil millones de pesos, funcionar\u00e1 como el coraz\u00f3n de un nuevo Centro de Inteligencia Artificial para fortalecer la protecci\u00f3n civil ante el cambio clim\u00e1tico.<\/p>\n\n\n\n<p>Jorge P\u00e9rez, coordinador nacional de infraestructura digital de la Agencia de Transformaci\u00f3n Digital y Transformaciones (ATDT), explic\u00f3 que esta tecnolog\u00eda es una necesidad para mejorar la eficiencia de los servicios p\u00fablicos y la seguridad nacional del pa\u00eds.<\/p>\n\n\n\n<p>\u201cUn proyecto como estos era necesario porque necesitamos procesar cantidades de datos que no caben en una computadora normal, uno de los proyectos requiere 44 millones de datos\u201d, detall\u00f3 al explicar que las computadoras convencionales del gobierno no pueden procesar.<\/p>\n\n\n\n<p>Subray\u00f3 que hoy es indispensable para el gobierno dejar de trabajar con aproximaciones manuales y pasar a un modelo de precisi\u00f3n, pues la supercomputadora es necesaria hoy porque sectores como el Servicio Meteorol\u00f3gico Nacional (SMN), la Comisi\u00f3n Nacional del Agua (Conagua) y el sector salud, con quien ya tienen proyectos en marcha que requieren resultados inmediatos para mejorar la atenci\u00f3n ciudadana.<\/p>\n\n\n\n<p>Explic\u00f3 que una de las tareas principales de la supercomputadora ser\u00e1 analizar modelos meteorol\u00f3gicos con datos hist\u00f3ricos desde 1950 hasta 2025 para fortalecer la protecci\u00f3n civil ante el cambio clim\u00e1tico.<\/p>\n\n\n\n<p>Inform\u00f3 que la construcci\u00f3n iniciar\u00e1 formalmente en junio en un terreno que ya tienen seleccionado por su capacidad energ\u00e9tica y que ser\u00e1 anunciado en pr\u00f3ximos d\u00edas. El proyecto arrancar\u00e1 con un equipo t\u00e9cnico de 35 personas, con planes de expandirse a 120 especialistas para su operaci\u00f3n total a finales de a\u00f1o.<\/p>\n\n\n\n<p>Destac\u00f3 que para la supercomputadora la vigilancia ambiental ser\u00e1 total: desde el monitoreo del sargazo en el Caribe hasta el nivel de las presas y el comportamiento de los r\u00edos. Este cerebro podr\u00e1 detectar si una cosecha de ma\u00edz tiene estr\u00e9s h\u00eddrico antes de que se pierda.<\/p>\n\n\n\n<p>Esta capacidad permitir\u00e1 al gobierno saber si es necesario importar granos para asegurar la alimentaci\u00f3n o c\u00f3mo gestionar el agua en a\u00f1os de sequ\u00eda. Todo esto mediante el procesamiento masivo de im\u00e1genes satelitales en tiempo real.<\/p>\n\n\n\n<p>\u201cNo nada m\u00e1s nos vamos a dedicar a temas meteorol\u00f3gicos, sino tambi\u00e9n a procesar informaci\u00f3n de im\u00e1genes satelitales para la agricultura, para saber c\u00f3mo van una cosechas, si una cosecha de ma\u00edz, est\u00e1 hidratada o no, si tiene estr\u00e9s h\u00eddrico, saber si sembr\u00f3 a tiempo\u201d, resalt\u00f3.<\/p>\n\n\n\n<p>\u201cEsto tambi\u00e9n ayuda a prevenir si necesitamos importar ma\u00edz o algo que necesitemos para alimentaci\u00f3n y tener una buena proyecci\u00f3n de lo que se va a poder producir en nuestro pa\u00eds\u201d, agreg\u00f3.<\/p>\n\n\n\n<p>F\u00edsicamente, Coatlicue es una estructura de mil metros cuadrados. En t\u00e9rminos f\u00edsicos, es un espacio amplio que permite albergar infraestructura importante, pero no es gigantesco como una nave industrial o un centro comercial. Es una sexta parte de la plancha del Z\u00f3calo de la Ciudad de M\u00e9xico, que mide m\u00e1s de 40 mil metros cuadrados, solo un fragmento de ese espacio.<\/p>\n\n\n\n<p>El sistema se divide en tres partes: equipos de comunicaci\u00f3n (switches y rutas para que los datos fluyan), equipos de procesamiento (donde est\u00e1n los procesadores y tarjetas de video que hacen el trabajo pesado) y equipos de almacenamiento masivo para guardar millones de archivos.<\/p>\n\n\n\n<p>\u201cAyuda a mejorar la toma de decisiones y los servicios, a mejorar la calidad de las cosas que hacemos desde el gobierno para atender a la gente, c\u00f3mo mejorar los pron\u00f3sticos de tormentas y huracanes\u201d, resalt\u00f3.<\/p>\n\n\n\n<p>P\u00e9rez explic\u00f3 que la m\u00e1quina operar\u00e1 con una potencia de 320 petaflops. En t\u00e9rminos t\u00e9cnicos, un petaflop equivale a mil billones de operaciones por segundo. Es decir, tiene cuatro mil veces la capacidad de almacenamiento de un celular promedio por cada unidad de memoria que posee.<\/p>\n\n\n\n<p>\u201cHay temas como poder medir el nivel de agua de r\u00edos, de presas para saber c\u00f3mo va a estar el comportamiento h\u00eddrico de nuestro pa\u00eds en los futuros a\u00f1os. Son cosas que se pueden hacer manualmente pero tomar\u00edan a\u00f1os y con una supercomputadora como esta vamos a poder hacer de una manera muy r\u00e1pido\u201d, asegur\u00f3.<\/p>\n\n\n\n<p>\u00bfY el agua para refrigerar el centro de datos?<\/p>\n\n\n\n<p>El funcionario subray\u00f3 que para que este cerebro no se sobrecaliente, utilizar\u00e1n un sistema de enfriamiento de circuito cerrado con agua tratada que circular\u00e1 entre los servidores, por lo que esta tecnolog\u00eda evitar\u00e1 el desperdicio del recurso y garantizar\u00e1 una operaci\u00f3n sustentable.<\/p>\n\n\n\n<p>\u201cSer\u00e1 la supercomputadora m\u00e1s grande de Am\u00e9rica Latina, a nivel mundial estar\u00edamos en el top 10 o 15 dependiendo de los rankings y las diferentes formas de medir esto\u201d, asegur\u00f3 el coordinador nacional de infraestructura digital de la ATDT.<\/p>\n\n\n\n<p>\u201cUsar agua tratada en un circuito cerrado, eso nos garantiza disminuir lo m\u00e1s posible la p\u00e9rdida de agua por lo cual no va a requerir tanta. Una vez que se llene el circuito, no creo que con m\u00e1s de mil litros. Y si de eso tenemos una p\u00e9rdida del 10 por ciento al a\u00f1o, estamos hablando de 100 litros extras por a\u00f1o. No ver\u00edamos una preocupaci\u00f3n por ese tema\u201d, agreg\u00f3.<\/p>\n\n\n\n<p>El pasado 19 de abril, la presidenta Claudia Sheinbaum cerr\u00f3 su gira por Espa\u00f1a con una visita estrat\u00e9gica al Barcelona Supercomputing Center (BSC), instituci\u00f3n con la que el Gobierno de M\u00e9xico colabora estrechamente para la creaci\u00f3n de la supercomputadora nacional.<\/p>\n\n\n\n<p>Este v\u00ednculo resulta clave para la puesta en marcha de Coatlicue, ya que el centro barcelon\u00e9s brinda la asistencia necesaria para que la supercomputadora mexicana no solo sea un referente de soberan\u00eda, sino que sit\u00fae al pa\u00eds en la vanguardia tecnol\u00f3gica de Am\u00e9rica Latina.<\/p>\n\n\n\n<p>Adem\u00e1s del medio ambiente, Coatlicue optimizar\u00e1 las capacidades m\u00e9dicas del Instituto Mexicano del Seguro Social (IMSS), detectar\u00e1 irregularidades en el Servicio de Administraci\u00f3n Tributaria (SAT) y servir\u00e1 como espacio de especializaci\u00f3n t\u00e9cnica para j\u00f3venes interesados en alta tecnolog\u00eda. Para esta etapa el funcionario no ofreci\u00f3 m\u00e1s detalles, pues se ir\u00e1n anunciando conforme avancen los proyectos.<\/p>\n\n\n\n<p>El acceso ser\u00e1 abierto para universidades como la UNAM, el Polit\u00e9cnico y peque\u00f1as empresas, siempre que sus proyectos tengan impacto social. Un consejo de expertos evaluar\u00e1 cada propuesta para asignar los tiempos de uso.<\/p>\n\n\n\n<p>\u201cPasa por un consejo, el proyecto se analizar\u00e1 si requiere o no requiere uso de super c\u00f3mputo y los proyectos que as\u00ed lo requieran se les asignar\u00e1 tiempo de uso\u201d, detall\u00f3. (OEM)<\/p>\n","protected":false},"excerpt":{"rendered":"<p>M\u00e9xico pondr\u00e1 en marcha un sistema capaz de procesar en horas lo que antes tomaba meses. Se trata de Coatlicue, la supercomputadora nacional dise\u00f1ada para monitorear y prevenir huracanes, sequ\u00edas, crisis h\u00eddricas y fen\u00f3menos meteorol\u00f3gicos en el pa\u00eds. Este complejo tecnol\u00f3gico, presentado por la presidenta Claudia Sheinbaum en noviembre de 2025, que cuenta con una [&hellip;]<\/p>\n","protected":false},"author":6,"featured_media":84148,"comment_status":"closed","ping_status":"closed","sticky":false,"template":"","format":"standard","meta":{"_acf_changed":false,"_monsterinsights_skip_tracking":false,"_monsterinsights_sitenote_active":false,"_monsterinsights_sitenote_note":"","_monsterinsights_sitenote_category":0,"slim_seo":{"title":"Coatlicue: s\u00faper computadora que procesar\u00e1 d\u00e9cadas de datos meteorol\u00f3gicos - Opini\u00f3n P\u00fablica","description":"M\u00e9xico pondr\u00e1 en marcha un sistema capaz de procesar en horas lo que antes tomaba meses. Se trata de Coatlicue, la supercomputadora nacional dise\u00f1ada para monit"},"footnotes":""},"categories":[22],"tags":[3200,1371,392],"class_list":["post-84145","post","type-post","status-publish","format-standard","has-post-thumbnail","hentry","category-ciencia-y-tecnologia","tag-agencia-de-transformacion-digital","tag-coatlicue","tag-inteligencia-artificial"],"acf":[],"_links":{"self":[{"href":"https:\/\/www.opinionpublica.tv\/portada\/wp-json\/wp\/v2\/posts\/84145","targetHints":{"allow":["GET"]}}],"collection":[{"href":"https:\/\/www.opinionpublica.tv\/portada\/wp-json\/wp\/v2\/posts"}],"about":[{"href":"https:\/\/www.opinionpublica.tv\/portada\/wp-json\/wp\/v2\/types\/post"}],"author":[{"embeddable":true,"href":"https:\/\/www.opinionpublica.tv\/portada\/wp-json\/wp\/v2\/users\/6"}],"replies":[{"embeddable":true,"href":"https:\/\/www.opinionpublica.tv\/portada\/wp-json\/wp\/v2\/comments?post=84145"}],"version-history":[{"count":3,"href":"https:\/\/www.opinionpublica.tv\/portada\/wp-json\/wp\/v2\/posts\/84145\/revisions"}],"predecessor-version":[{"id":84149,"href":"https:\/\/www.opinionpublica.tv\/portada\/wp-json\/wp\/v2\/posts\/84145\/revisions\/84149"}],"wp:featuredmedia":[{"embeddable":true,"href":"https:\/\/www.opinionpublica.tv\/portada\/wp-json\/wp\/v2\/media\/84148"}],"wp:attachment":[{"href":"https:\/\/www.opinionpublica.tv\/portada\/wp-json\/wp\/v2\/media?parent=84145"}],"wp:term":[{"taxonomy":"category","embeddable":true,"href":"https:\/\/www.opinionpublica.tv\/portada\/wp-json\/wp\/v2\/categories?post=84145"},{"taxonomy":"post_tag","embeddable":true,"href":"https:\/\/www.opinionpublica.tv\/portada\/wp-json\/wp\/v2\/tags?post=84145"}],"curies":[{"name":"wp","href":"https:\/\/api.w.org\/{rel}","templated":true}]}}