{"id":84127,"date":"2026-04-29T00:01:00","date_gmt":"2026-04-29T06:01:00","guid":{"rendered":"https:\/\/www.opinionpublica.tv\/portada\/?p=84127"},"modified":"2026-04-28T16:41:59","modified_gmt":"2026-04-28T22:41:59","slug":"ipacult-invita-al-festival-color-y-magia-en-el-marco-del-dia-de-las-infancias","status":"publish","type":"post","link":"https:\/\/www.opinionpublica.tv\/portada\/ipacult-invita-al-festival-color-y-magia-en-el-marco-del-dia-de-las-infancias\/","title":{"rendered":"IPACULT invita al Festival \u00abColor y Magia\u00bb en el marco del D\u00eda de las Infancias"},"content":{"rendered":"\n<figure class=\"wp-block-image size-large\"><img fetchpriority=\"high\" decoding=\"async\" width=\"927\" height=\"1024\" src=\"https:\/\/www.opinionpublica.tv\/portada\/wp-content\/uploads\/2026\/04\/IPACULT-invita-al-Festival-22Color-y-Magia22-en-el-marco-del-Dia-de-las-Infancias-927x1024.png\" alt=\"Ipacult invita al festival %22color y magia%22 en el marco del di\u0301a de las infancias\" class=\"wp-image-84131\" srcset=\"https:\/\/www.opinionpublica.tv\/portada\/wp-content\/uploads\/2026\/04\/IPACULT-invita-al-Festival-22Color-y-Magia22-en-el-marco-del-Dia-de-las-Infancias-927x1024.png 927w, https:\/\/www.opinionpublica.tv\/portada\/wp-content\/uploads\/2026\/04\/IPACULT-invita-al-Festival-22Color-y-Magia22-en-el-marco-del-Dia-de-las-Infancias-271x300.png 271w, https:\/\/www.opinionpublica.tv\/portada\/wp-content\/uploads\/2026\/04\/IPACULT-invita-al-Festival-22Color-y-Magia22-en-el-marco-del-Dia-de-las-Infancias-768x849.png 768w, https:\/\/www.opinionpublica.tv\/portada\/wp-content\/uploads\/2026\/04\/IPACULT-invita-al-Festival-22Color-y-Magia22-en-el-marco-del-Dia-de-las-Infancias.png 952w\" sizes=\"(max-width: 927px) 100vw, 927px\" \/><\/figure>\n\n\n\n<p><em>Ciudad Ju\u00e1rez, Chih<\/em>.- El Instituto para la Cultura del Municipio de Ju\u00e1rez (IPACULT), a trav\u00e9s de la Academia Municipal de Arte (AMA), llevar\u00e1 a cabo el festival musical cultural \u201cColor y Magia\u201d, como parte de las actividades conmemorativas del D\u00eda de las Infancias.<\/p>\n\n\n\n<p>El evento se realizar\u00e1 ma\u00f1ana mi\u00e9rcoles 29 de abril a las 5:00 de la tarde, en el Parque Borunda (escenario interno), ubicado en la colonia Partido Romero.<\/p>\n\n\n\n<p>\u201cColor y Magia\u201d es un festival protagonizado por alumnos de la Academia Municipal de Arte (AMA), quienes compartir\u00e1n con el p\u00fablico el talento y los conocimientos adquiridos en sus distintos talleres art\u00edsticos, como canto, guitarra, piano, saxof\u00f3n, viol\u00edn, teatro y break dance.<\/p>\n\n\n\n<p>Este encuentro destaca por su enfoque participativo, ya que las propias infancias forman parte activa en la construcci\u00f3n del evento, desde la elecci\u00f3n del nombre hasta la selecci\u00f3n de las piezas que interpretar\u00e1n, fortaleciendo as\u00ed su autonom\u00eda, creatividad y capacidad de expresi\u00f3n.<\/p>\n\n\n\n<p>A trav\u00e9s de este tipo de actividades, el IPACULT promueve el ejercicio de los derechos culturales de ni\u00f1as, ni\u00f1os y adolescentes, fomentando su desarrollo integral y reconoci\u00e9ndolos como protagonistas dentro de la vida cultural de la ciudad.<\/p>\n\n\n\n<p>El festival tendr\u00e1 una duraci\u00f3n aproximada de dos horas y media, iniciando con el acceso al p\u00fablico a las 4:50 de la tarde, seguido de un programa art\u00edstico diverso que culminar\u00e1 alrededor de las 19:00 horas.<\/p>\n","protected":false},"excerpt":{"rendered":"<p>Ciudad Ju\u00e1rez, Chih.- El Instituto para la Cultura del Municipio de Ju\u00e1rez (IPACULT), a trav\u00e9s de la Academia Municipal de Arte (AMA), llevar\u00e1 a cabo el festival musical cultural \u201cColor y Magia\u201d, como parte de las actividades conmemorativas del D\u00eda de las Infancias. El evento se realizar\u00e1 ma\u00f1ana mi\u00e9rcoles 29 de abril a las 5:00 [&hellip;]<\/p>\n","protected":false},"author":6,"featured_media":84131,"comment_status":"closed","ping_status":"closed","sticky":false,"template":"","format":"standard","meta":{"_acf_changed":false,"_monsterinsights_skip_tracking":false,"_monsterinsights_sitenote_active":false,"_monsterinsights_sitenote_note":"","_monsterinsights_sitenote_category":0,"slim_seo":{"title":"IPACULT invita al Festival \"Color y Magia\" en el marco del D\u00eda de las Infancias - Opini\u00f3n P\u00fablica","description":"Ciudad Ju\u00e1rez, Chih .- El Instituto para la Cultura del Municipio de Ju\u00e1rez (IPACULT), a trav\u00e9s de la Academia Municipal de Arte (AMA), llevar\u00e1 a cabo el festiv"},"footnotes":""},"categories":[41],"tags":[608,3197],"class_list":["post-84127","post","type-post","status-publish","format-standard","has-post-thumbnail","hentry","category-juarez","tag-ciudad-juarez","tag-dia-de-las-infancias"],"acf":[],"_links":{"self":[{"href":"https:\/\/www.opinionpublica.tv\/portada\/wp-json\/wp\/v2\/posts\/84127","targetHints":{"allow":["GET"]}}],"collection":[{"href":"https:\/\/www.opinionpublica.tv\/portada\/wp-json\/wp\/v2\/posts"}],"about":[{"href":"https:\/\/www.opinionpublica.tv\/portada\/wp-json\/wp\/v2\/types\/post"}],"author":[{"embeddable":true,"href":"https:\/\/www.opinionpublica.tv\/portada\/wp-json\/wp\/v2\/users\/6"}],"replies":[{"embeddable":true,"href":"https:\/\/www.opinionpublica.tv\/portada\/wp-json\/wp\/v2\/comments?post=84127"}],"version-history":[{"count":2,"href":"https:\/\/www.opinionpublica.tv\/portada\/wp-json\/wp\/v2\/posts\/84127\/revisions"}],"predecessor-version":[{"id":84132,"href":"https:\/\/www.opinionpublica.tv\/portada\/wp-json\/wp\/v2\/posts\/84127\/revisions\/84132"}],"wp:featuredmedia":[{"embeddable":true,"href":"https:\/\/www.opinionpublica.tv\/portada\/wp-json\/wp\/v2\/media\/84131"}],"wp:attachment":[{"href":"https:\/\/www.opinionpublica.tv\/portada\/wp-json\/wp\/v2\/media?parent=84127"}],"wp:term":[{"taxonomy":"category","embeddable":true,"href":"https:\/\/www.opinionpublica.tv\/portada\/wp-json\/wp\/v2\/categories?post=84127"},{"taxonomy":"post_tag","embeddable":true,"href":"https:\/\/www.opinionpublica.tv\/portada\/wp-json\/wp\/v2\/tags?post=84127"}],"curies":[{"name":"wp","href":"https:\/\/api.w.org\/{rel}","templated":true}]}}