{"id":84120,"date":"2026-04-29T00:01:00","date_gmt":"2026-04-29T06:01:00","guid":{"rendered":"https:\/\/www.opinionpublica.tv\/portada\/?p=84120"},"modified":"2026-04-28T16:34:12","modified_gmt":"2026-04-28T22:34:12","slug":"respaldan-diputados-locales-al-alcalde-perez-cuellar-en-el-congreso-del-estado","status":"publish","type":"post","link":"https:\/\/www.opinionpublica.tv\/portada\/respaldan-diputados-locales-al-alcalde-perez-cuellar-en-el-congreso-del-estado\/","title":{"rendered":"Respaldan diputados locales al alcalde Cruz P\u00e9rez Cu\u00e9llar en el Congreso del Estado"},"content":{"rendered":"\n<figure class=\"wp-block-image size-large\"><img fetchpriority=\"high\" decoding=\"async\" width=\"1024\" height=\"682\" src=\"https:\/\/www.opinionpublica.tv\/portada\/wp-content\/uploads\/2026\/04\/Respaldan-diputados-locales-al-alcalde-Cruz-Perez-Cuellar-en-el-Congreso-del-Estado-1024x682.jpeg\" alt=\"Respaldan diputados locales al alcalde cruz pe\u0301rez cue\u0301llar en el congreso del estado\" class=\"wp-image-84123\" srcset=\"https:\/\/www.opinionpublica.tv\/portada\/wp-content\/uploads\/2026\/04\/Respaldan-diputados-locales-al-alcalde-Cruz-Perez-Cuellar-en-el-Congreso-del-Estado-1024x682.jpeg 1024w, https:\/\/www.opinionpublica.tv\/portada\/wp-content\/uploads\/2026\/04\/Respaldan-diputados-locales-al-alcalde-Cruz-Perez-Cuellar-en-el-Congreso-del-Estado-300x200.jpeg 300w, https:\/\/www.opinionpublica.tv\/portada\/wp-content\/uploads\/2026\/04\/Respaldan-diputados-locales-al-alcalde-Cruz-Perez-Cuellar-en-el-Congreso-del-Estado-768x512.jpeg 768w, https:\/\/www.opinionpublica.tv\/portada\/wp-content\/uploads\/2026\/04\/Respaldan-diputados-locales-al-alcalde-Cruz-Perez-Cuellar-en-el-Congreso-del-Estado-1536x1023.jpeg 1536w, https:\/\/www.opinionpublica.tv\/portada\/wp-content\/uploads\/2026\/04\/Respaldan-diputados-locales-al-alcalde-Cruz-Perez-Cuellar-en-el-Congreso-del-Estado.jpeg 1600w\" sizes=\"(max-width: 1024px) 100vw, 1024px\" \/><\/figure>\n\n\n\n<p><em>Chihuahua, Chih<\/em>.- Los diputados de la Fracci\u00f3n Parlamentaria de Morena en el Congreso del Estado manifestaron su respaldo al presidente municipal, Cruz P\u00e9rez Cu\u00e9llar, durante la visita que hizo el edil al Palacio Legislativo, donde dio a conocer a los medios de comunicaci\u00f3n de la capital detalles sobre la deuda fiscal de anteriores administraciones, que se est\u00e1 pagando en la actual.<\/p>\n\n\n\n<p>\u201cTenemos todo el apoyo de nuestro coordinador Cuauht\u00e9moc Estrada, de nuestro grupo parlamentario, pero creo que es importante dar la cara estar aqu\u00ed, insistir en que se aprob\u00f3 un acuerdo donde yo mismo le manifest\u00e9 al diputado Estrada mi voluntad, no solo de informar, sino de comparecer y explicarles lo que pas\u00f3 sobre la deuda fiscal\u201d, expres\u00f3.<\/p>\n\n\n\n<p>\u201cLo \u00fanico que pedimos son dos cosas, que la fecha de la comparecencia no sea de un momento para otro y la otra, que sea una comparecencia a bien regulada con tiempos como debe ser, estamos listos\u201d, dijo.<\/p>\n\n\n\n<p>\u201cMorena y el Partido del Trabajo insistieron en que se diera la comparecencia y fueron los otros grupos parlamentarios quienes se opusieron, son quienes tiene que responder por que proponen primero algo y luego no lo ejecutan, no soy yo, ni Morena ni el Partido del Trabajo, en todo caso son los que se opusieron\u201d, se\u00f1al\u00f3.<\/p>\n\n\n\n<figure class=\"wp-block-image size-large\"><img decoding=\"async\" width=\"1024\" height=\"682\" src=\"https:\/\/www.opinionpublica.tv\/portada\/wp-content\/uploads\/2026\/04\/Respaldan-diputados-locales-al-alcalde-Cruz-Perez-Cuellar-en-el-Congreso-del-Estado2-1024x682.jpeg\" alt=\"Respaldan diputados locales al alcalde cruz pe\u0301rez cue\u0301llar en el congreso del estado2\" class=\"wp-image-84124\" srcset=\"https:\/\/www.opinionpublica.tv\/portada\/wp-content\/uploads\/2026\/04\/Respaldan-diputados-locales-al-alcalde-Cruz-Perez-Cuellar-en-el-Congreso-del-Estado2-1024x682.jpeg 1024w, https:\/\/www.opinionpublica.tv\/portada\/wp-content\/uploads\/2026\/04\/Respaldan-diputados-locales-al-alcalde-Cruz-Perez-Cuellar-en-el-Congreso-del-Estado2-300x200.jpeg 300w, https:\/\/www.opinionpublica.tv\/portada\/wp-content\/uploads\/2026\/04\/Respaldan-diputados-locales-al-alcalde-Cruz-Perez-Cuellar-en-el-Congreso-del-Estado2-768x512.jpeg 768w, https:\/\/www.opinionpublica.tv\/portada\/wp-content\/uploads\/2026\/04\/Respaldan-diputados-locales-al-alcalde-Cruz-Perez-Cuellar-en-el-Congreso-del-Estado2-1536x1023.jpeg 1536w, https:\/\/www.opinionpublica.tv\/portada\/wp-content\/uploads\/2026\/04\/Respaldan-diputados-locales-al-alcalde-Cruz-Perez-Cuellar-en-el-Congreso-del-Estado2.jpeg 1600w\" sizes=\"(max-width: 1024px) 100vw, 1024px\" \/><\/figure>\n\n\n\n<p>Resalt\u00f3 que ellos (diputados del PAN) han dado muchas largas porque saben que se tiene la raz\u00f3n, porque se han hecho las cosas bien y van a quedar en evidencia las mentiras que han estado contando.<\/p>\n\n\n\n<p>Coment\u00f3 que este no es un tema de salpicar a nadie, es un tema de que primero no se debe de estar hablando y calumniando sin ning\u00fan elemento, y cuando la persona que se calumnia est\u00e1 dispuesto a dar la cara y a decir lo que pas\u00f3 exactamente.<\/p>\n\n\n\n<p>El alcalde indic\u00f3 que este es un tema de informar al pueblo de Chihuahua y que ellos conozcan lo que se est\u00e1 haciendo.<\/p>\n\n\n\n<p>\u201cVengo a decir lo que ya he dicho en otro momento, en el recinto parlamentario, que estamos listos para debatir los temas que tienen que ver con Ciudad Ju\u00e1rez, particularmente este tema y saludar a mis compa\u00f1eros de Morena\u201d, detall\u00f3.<\/p>\n\n\n\n<p>\u201cEl PAN ha querido tergiversar y ha querido manejar la informaci\u00f3n como que es un tema del Ayuntamiento de Ju\u00e1rez, para que quede la idea que es de nosotros, el auditor superior del Estado dijo lo correcto, que es del 2017 al 2021, este es un tema que se enter\u00f3 el Estado por nosotros, porque pusimos orden en la casa por eso se pidi\u00f3 el convenio\u201d, indic\u00f3.<\/p>\n\n\n\n<p>Anteriormente, P\u00e9rez Cu\u00e9llar inform\u00f3 que el Gobierno Municipal ha logrado avanzar en la regularizaci\u00f3n de un adeudo fiscal heredado de administraciones anteriores, el cual ha representado una carga importante para las finanzas p\u00fablicas en los \u00faltimos a\u00f1os.<\/p>\n\n\n\n<p>Dichos pasivos corresponden principalmente a omisiones registradas entre 2017 y 2021, derivadas de fallas en el manejo de n\u00f3mina y el incumplimiento de obligaciones fiscales, lo que provoc\u00f3 que los impuestos no fueran enterados correctamente ante la autoridad hacendaria.<\/p>\n\n\n\n<p>Como parte de la estrategia de saneamiento financiero, en el 2024 el Municipio cubri\u00f3 alrededor de 136 millones de pesos por estos adeudos, mientras que en 2025 se pagaron otros 101 millones. Para este 2026, se contempla un monto pendiente de 114 millones de pesos correspondiente al ejercicio 2021.<\/p>\n\n\n\n<p>Anunci\u00f3 que se gestiona un convenio con la Secretar\u00eda de Hacienda, a trav\u00e9s del Gobierno del Estado, que permitir\u00eda reducir significativamente esta carga, de aprobarse, el Municipio podr\u00eda pagar \u00fanicamente el 25 por ciento del adeudo, es decir, cerca de 28 millones de pesos, mientras que el resto ser\u00eda cubierto mediante un est\u00edmulo fiscal.<\/p>\n","protected":false},"excerpt":{"rendered":"<p>Chihuahua, Chih.- Los diputados de la Fracci\u00f3n Parlamentaria de Morena en el Congreso del Estado manifestaron su respaldo al presidente municipal, Cruz P\u00e9rez Cu\u00e9llar, durante la visita que hizo el edil al Palacio Legislativo, donde dio a conocer a los medios de comunicaci\u00f3n de la capital detalles sobre la deuda fiscal de anteriores administraciones, que [&hellip;]<\/p>\n","protected":false},"author":6,"featured_media":84123,"comment_status":"closed","ping_status":"closed","sticky":false,"template":"","format":"standard","meta":{"_acf_changed":false,"_monsterinsights_skip_tracking":false,"_monsterinsights_sitenote_active":false,"_monsterinsights_sitenote_note":"","_monsterinsights_sitenote_category":0,"slim_seo":{"title":"Respaldan diputados locales al alcalde Cruz P\u00e9rez Cu\u00e9llar en el Congreso del Estado - Opini\u00f3n P\u00fablica","description":"Chihuahua, Chih .- Los diputados de la Fracci\u00f3n Parlamentaria de Morena en el Congreso del Estado manifestaron su respaldo al presidente municipal, Cruz P\u00e9rez C"},"footnotes":""},"categories":[41],"tags":[608,139,753,3196],"class_list":["post-84120","post","type-post","status-publish","format-standard","has-post-thumbnail","hentry","category-juarez","tag-ciudad-juarez","tag-congreso-del-estado-de-chihuahua","tag-cruz-perez-cuellar","tag-fraccion-parlamentaria-de-morena"],"acf":[],"_links":{"self":[{"href":"https:\/\/www.opinionpublica.tv\/portada\/wp-json\/wp\/v2\/posts\/84120","targetHints":{"allow":["GET"]}}],"collection":[{"href":"https:\/\/www.opinionpublica.tv\/portada\/wp-json\/wp\/v2\/posts"}],"about":[{"href":"https:\/\/www.opinionpublica.tv\/portada\/wp-json\/wp\/v2\/types\/post"}],"author":[{"embeddable":true,"href":"https:\/\/www.opinionpublica.tv\/portada\/wp-json\/wp\/v2\/users\/6"}],"replies":[{"embeddable":true,"href":"https:\/\/www.opinionpublica.tv\/portada\/wp-json\/wp\/v2\/comments?post=84120"}],"version-history":[{"count":2,"href":"https:\/\/www.opinionpublica.tv\/portada\/wp-json\/wp\/v2\/posts\/84120\/revisions"}],"predecessor-version":[{"id":84125,"href":"https:\/\/www.opinionpublica.tv\/portada\/wp-json\/wp\/v2\/posts\/84120\/revisions\/84125"}],"wp:featuredmedia":[{"embeddable":true,"href":"https:\/\/www.opinionpublica.tv\/portada\/wp-json\/wp\/v2\/media\/84123"}],"wp:attachment":[{"href":"https:\/\/www.opinionpublica.tv\/portada\/wp-json\/wp\/v2\/media?parent=84120"}],"wp:term":[{"taxonomy":"category","embeddable":true,"href":"https:\/\/www.opinionpublica.tv\/portada\/wp-json\/wp\/v2\/categories?post=84120"},{"taxonomy":"post_tag","embeddable":true,"href":"https:\/\/www.opinionpublica.tv\/portada\/wp-json\/wp\/v2\/tags?post=84120"}],"curies":[{"name":"wp","href":"https:\/\/api.w.org\/{rel}","templated":true}]}}