{"id":84102,"date":"2026-04-28T00:01:00","date_gmt":"2026-04-28T06:01:00","guid":{"rendered":"https:\/\/www.opinionpublica.tv\/portada\/?p=84102"},"modified":"2026-04-27T18:30:46","modified_gmt":"2026-04-28T00:30:46","slug":"anuncia-secretaria-de-cultura-seleccion-de-companias-para-red-de-teatros-2026","status":"publish","type":"post","link":"https:\/\/www.opinionpublica.tv\/portada\/anuncia-secretaria-de-cultura-seleccion-de-companias-para-red-de-teatros-2026\/","title":{"rendered":"Anuncia Secretar\u00eda de Cultura selecci\u00f3n de compa\u00f1\u00edas para Red de Teatros 2026"},"content":{"rendered":"\n<figure class=\"wp-block-image size-large\"><img fetchpriority=\"high\" decoding=\"async\" width=\"819\" height=\"1024\" src=\"https:\/\/www.opinionpublica.tv\/portada\/wp-content\/uploads\/2026\/04\/Anuncia-Secretaria-de-Cultura-seleccion-de-companias-para-Red-de-Teatros-2026-819x1024.jpeg\" alt=\"Anuncia secretari\u0301a de cultura seleccio\u0301n de compan\u0303i\u0301as para red de teatros 2026\" class=\"wp-image-84105\" srcset=\"https:\/\/www.opinionpublica.tv\/portada\/wp-content\/uploads\/2026\/04\/Anuncia-Secretaria-de-Cultura-seleccion-de-companias-para-Red-de-Teatros-2026-819x1024.jpeg 819w, https:\/\/www.opinionpublica.tv\/portada\/wp-content\/uploads\/2026\/04\/Anuncia-Secretaria-de-Cultura-seleccion-de-companias-para-Red-de-Teatros-2026-240x300.jpeg 240w, https:\/\/www.opinionpublica.tv\/portada\/wp-content\/uploads\/2026\/04\/Anuncia-Secretaria-de-Cultura-seleccion-de-companias-para-Red-de-Teatros-2026-768x960.jpeg 768w, https:\/\/www.opinionpublica.tv\/portada\/wp-content\/uploads\/2026\/04\/Anuncia-Secretaria-de-Cultura-seleccion-de-companias-para-Red-de-Teatros-2026-1229x1536.jpeg 1229w, https:\/\/www.opinionpublica.tv\/portada\/wp-content\/uploads\/2026\/04\/Anuncia-Secretaria-de-Cultura-seleccion-de-companias-para-Red-de-Teatros-2026.jpeg 1280w\" sizes=\"(max-width: 819px) 100vw, 819px\" \/><\/figure>\n\n\n\n<p><em>Chihuahua, Chih<\/em>.- La Secretar\u00eda de Cultura anunci\u00f3 a las compa\u00f1\u00edas y grupos seleccionados para integrar la cartelera del programa Red de Teatros edici\u00f3n 2026, en las disciplinas de teatro, m\u00fasica, arte interdisciplinario y danza, que se presentar\u00e1n en los diversos escenarios que conforman esta red a lo largo del estado.<\/p>\n\n\n\n<p>Las agrupaciones podr\u00e1n presentarse en alguno de los 13 recintos ubicados en Ju\u00e1rez, Chihuahua, Delicias, Camargo, Hidalgo del Parral, Cuauht\u00e9moc y Aldama, adem\u00e1s de acceder a un est\u00edmulo econ\u00f3mico para gastos operativos.<\/p>\n\n\n\n<p>En teatro fueron seleccionadas las compa\u00f1\u00edas Hybris Teatro, Movimiento OT, Anagr\u00e1ma Teatro, Symphothy, Strongylus Teatro, Scenario, Camelot Arte Cultura, Teatro No Lineal, Didascalia Teatro, Tarumba Teatro, Ambulantes Teatro, Vagos Teatrales y Alana Artes.<\/p>\n\n\n\n<p>En m\u00fasica y arte interdisciplinario fueron elegidos Team Havana, Grupo Fidelio, Ensamble Mexicano \u201cM\u00e1gico es M\u00e9xico\u201d, Mariachi Internacional del Real, Cuarteto \u00c9bano, Nina\u2019s Soul, Giovanny Aguilar y Adorarte Sinf\u00f3nico.<\/p>\n\n\n\n<p>En danza participar\u00e1n los grupos \u201cFolkl\u00f3rico Mahuatzi\u201d, Onerom Danza, \u201cCus\u00e1rare\u201d Academia de Danza\u201d, la compa\u00f1\u00eda Folkl\u00f3rica del Cbtis 122, la compa\u00f1\u00eda de danza folkl\u00f3rica \u201cBakochi\u201d y Gallardom\u201d.<\/p>\n\n\n\n<p>Se recuerda que el 100 por ciento del boletaje vendido ser\u00e1 para las y los creadores, adem\u00e1s de que se otorgar\u00e1n apoyos para gastos como ambulancia, difusi\u00f3n, traslados y alimentaci\u00f3n.<\/p>\n\n\n\n<p>La primera sesi\u00f3n informativa se realizar\u00e1 dentro de las dos primeras semanas posteriores a la publicaci\u00f3n de los resultados, la informaci\u00f3n ser\u00e1 enviada v\u00eda correo electr\u00f3nico a la persona responsable de cada proyecto.<\/p>\n\n\n\n<p>La selecci\u00f3n completa puede consultarse en www.culturachihuahua.com\/reddeteatros. Para mayores informes se pone a disposici\u00f3n el tel\u00e9fono 614-214-4800, extensi\u00f3n 246; y en Ciudad Ju\u00e1rez, al tel\u00e9fono 656-617-1003, extensi\u00f3n 302.<\/p>\n","protected":false},"excerpt":{"rendered":"<p>Chihuahua, Chih.- La Secretar\u00eda de Cultura anunci\u00f3 a las compa\u00f1\u00edas y grupos seleccionados para integrar la cartelera del programa Red de Teatros edici\u00f3n 2026, en las disciplinas de teatro, m\u00fasica, arte interdisciplinario y danza, que se presentar\u00e1n en los diversos escenarios que conforman esta red a lo largo del estado. Las agrupaciones podr\u00e1n presentarse en [&hellip;]<\/p>\n","protected":false},"author":6,"featured_media":84105,"comment_status":"closed","ping_status":"closed","sticky":false,"template":"","format":"standard","meta":{"_acf_changed":false,"_monsterinsights_skip_tracking":false,"_monsterinsights_sitenote_active":false,"_monsterinsights_sitenote_note":"","_monsterinsights_sitenote_category":0,"slim_seo":{"title":"Anuncia Secretar\u00eda de Cultura selecci\u00f3n de compa\u00f1\u00edas para Red de Teatros 2026 - Opini\u00f3n P\u00fablica","description":"Chihuahua, Chih .- La Secretar\u00eda de Cultura anunci\u00f3 a las compa\u00f1\u00edas y grupos seleccionados para integrar la cartelera del programa Red de Teatros edici\u00f3n 2026,"},"footnotes":""},"categories":[11],"tags":[88,608,2599],"class_list":["post-84102","post","type-post","status-publish","format-standard","has-post-thumbnail","hentry","category-tendencias","tag-chihuahua","tag-ciudad-juarez","tag-red-de-teatros"],"acf":[],"_links":{"self":[{"href":"https:\/\/www.opinionpublica.tv\/portada\/wp-json\/wp\/v2\/posts\/84102","targetHints":{"allow":["GET"]}}],"collection":[{"href":"https:\/\/www.opinionpublica.tv\/portada\/wp-json\/wp\/v2\/posts"}],"about":[{"href":"https:\/\/www.opinionpublica.tv\/portada\/wp-json\/wp\/v2\/types\/post"}],"author":[{"embeddable":true,"href":"https:\/\/www.opinionpublica.tv\/portada\/wp-json\/wp\/v2\/users\/6"}],"replies":[{"embeddable":true,"href":"https:\/\/www.opinionpublica.tv\/portada\/wp-json\/wp\/v2\/comments?post=84102"}],"version-history":[{"count":2,"href":"https:\/\/www.opinionpublica.tv\/portada\/wp-json\/wp\/v2\/posts\/84102\/revisions"}],"predecessor-version":[{"id":84106,"href":"https:\/\/www.opinionpublica.tv\/portada\/wp-json\/wp\/v2\/posts\/84102\/revisions\/84106"}],"wp:featuredmedia":[{"embeddable":true,"href":"https:\/\/www.opinionpublica.tv\/portada\/wp-json\/wp\/v2\/media\/84105"}],"wp:attachment":[{"href":"https:\/\/www.opinionpublica.tv\/portada\/wp-json\/wp\/v2\/media?parent=84102"}],"wp:term":[{"taxonomy":"category","embeddable":true,"href":"https:\/\/www.opinionpublica.tv\/portada\/wp-json\/wp\/v2\/categories?post=84102"},{"taxonomy":"post_tag","embeddable":true,"href":"https:\/\/www.opinionpublica.tv\/portada\/wp-json\/wp\/v2\/tags?post=84102"}],"curies":[{"name":"wp","href":"https:\/\/api.w.org\/{rel}","templated":true}]}}