{"id":84093,"date":"2026-04-28T00:01:00","date_gmt":"2026-04-28T06:01:00","guid":{"rendered":"https:\/\/www.opinionpublica.tv\/portada\/?p=84093"},"modified":"2026-04-27T18:18:38","modified_gmt":"2026-04-28T00:18:38","slug":"organiza-el-gobierno-municipal-eventos-para-festejar-a-la-ninez-en-ciudad-juarez","status":"publish","type":"post","link":"https:\/\/www.opinionpublica.tv\/portada\/organiza-el-gobierno-municipal-eventos-para-festejar-a-la-ninez-en-ciudad-juarez\/","title":{"rendered":"Organizar\u00e1 el Gobierno Municipal eventos para festejar a la ni\u00f1ez en Ju\u00e1rez"},"content":{"rendered":"\n<figure class=\"wp-block-image size-large\"><img fetchpriority=\"high\" decoding=\"async\" width=\"1024\" height=\"683\" src=\"https:\/\/www.opinionpublica.tv\/portada\/wp-content\/uploads\/2026\/04\/Organizara-el-Gobierno-Municipal-eventos-para-festejar-a-la-ninez-en-Juarez-1024x683.jpeg\" alt=\"Organizara\u0301 el gobierno municipal eventos para festejar a la nin\u0303ez en jua\u0301rez\" class=\"wp-image-84095\" srcset=\"https:\/\/www.opinionpublica.tv\/portada\/wp-content\/uploads\/2026\/04\/Organizara-el-Gobierno-Municipal-eventos-para-festejar-a-la-ninez-en-Juarez-1024x683.jpeg 1024w, https:\/\/www.opinionpublica.tv\/portada\/wp-content\/uploads\/2026\/04\/Organizara-el-Gobierno-Municipal-eventos-para-festejar-a-la-ninez-en-Juarez-300x200.jpeg 300w, https:\/\/www.opinionpublica.tv\/portada\/wp-content\/uploads\/2026\/04\/Organizara-el-Gobierno-Municipal-eventos-para-festejar-a-la-ninez-en-Juarez-768x512.jpeg 768w, https:\/\/www.opinionpublica.tv\/portada\/wp-content\/uploads\/2026\/04\/Organizara-el-Gobierno-Municipal-eventos-para-festejar-a-la-ninez-en-Juarez.jpeg 1280w\" sizes=\"(max-width: 1024px) 100vw, 1024px\" \/><\/figure>\n\n\n\n<p><em>Ciudad Ju\u00e1rez, Chih<\/em>.- El Gobierno Municipal llevar\u00e1 a cabo varias actividades para festejar a la ni\u00f1ez, en el marco del D\u00eda del Ni\u00f1o, dio a conocer el secretario del Ayuntamiento, H\u00e9ctor Rafael Ortiz Orpinel.<\/p>\n\n\n\n<p>Inform\u00f3 que la Direcci\u00f3n de Educaci\u00f3n ya est\u00e1 trabajando en la integraci\u00f3n del Cabildo Infantil, as\u00ed como en los integrantes del gabinete infantil en cada una de las direcciones con la participaci\u00f3n directa de las ni\u00f1as y ni\u00f1os.<\/p>\n\n\n\n<p>\u201cYa se estar\u00e1 dando a conocer c\u00f3mo va el proceso, ya se ha estado trabajando en las convocatorias que se hacen en las escuelas\u201d, indic\u00f3 el funcionario.<\/p>\n\n\n\n<p>Ortiz Orpinel coment\u00f3 tambi\u00e9n del desempe\u00f1o que ha tenido el presidente municipal, Cruz P\u00e9rez Cu\u00e9llar, desde la pasada administraci\u00f3n y en la actual, de lo que destac\u00f3 que se ha tenido una transformaci\u00f3n clar\u00edsima en la ciudad.<\/p>\n\n\n\n<p>El cambio que se ha venido generando en la narrativa negativa que se ten\u00eda, ahora ya es positiva, ya que se ha salido de muchos aspectos lamentables.<\/p>\n\n\n\n<p>\u201cHoy somos referente a nivel nacional en muchos aspectos, este fin de semana m\u00e1s de 50 mil personas acudieron al evento de freestyle en la Plaza de la Mexicanidad, que fue a nivel internacional con saldo blanco, hay conciertos hay movilidad en la ciudad\u201d, detall\u00f3.<\/p>\n\n\n\n<p>Resalt\u00f3 que la visi\u00f3n que tiene el alcalde es clara, de hacerlo transversal para aprovechar los pocos recursos que existen, pero potencializarlos en acciones que realmente vengan a cambiar y transformar la identidad de Ju\u00e1rez.<\/p>\n\n\n\n<p>\u201cYa se han hecho muchas intervenciones en escuelas, porque esa es la casa de los ni\u00f1os, ni\u00f1as, y j\u00f3venes, es donde est\u00e1n estudiando; se han hecho canchas, parques p\u00fablicos, gimnasios, estadios, domos, calles para su movilidad, esto va de la mano de una visi\u00f3n muy clara para donde quiere ir la ciudad y lo ha estado logrando\u201d, expres\u00f3.<\/p>\n","protected":false},"excerpt":{"rendered":"<p>Ciudad Ju\u00e1rez, Chih.- El Gobierno Municipal llevar\u00e1 a cabo varias actividades para festejar a la ni\u00f1ez, en el marco del D\u00eda del Ni\u00f1o, dio a conocer el secretario del Ayuntamiento, H\u00e9ctor Rafael Ortiz Orpinel. Inform\u00f3 que la Direcci\u00f3n de Educaci\u00f3n ya est\u00e1 trabajando en la integraci\u00f3n del Cabildo Infantil, as\u00ed como en los integrantes del [&hellip;]<\/p>\n","protected":false},"author":6,"featured_media":84095,"comment_status":"closed","ping_status":"closed","sticky":false,"template":"","format":"standard","meta":{"_acf_changed":false,"_monsterinsights_skip_tracking":false,"_monsterinsights_sitenote_active":false,"_monsterinsights_sitenote_note":"","_monsterinsights_sitenote_category":0,"slim_seo":{"title":"Organizar\u00e1 el Gobierno Municipal eventos para festejar a la ni\u00f1ez en Ju\u00e1rez - Opini\u00f3n P\u00fablica","description":"Ciudad Ju\u00e1rez, Chih .- El Gobierno Municipal llevar\u00e1 a cabo varias actividades para festejar a la ni\u00f1ez, en el marco del D\u00eda del Ni\u00f1o, dio a conocer el secretar"},"footnotes":""},"categories":[41],"tags":[608,3192,2516],"class_list":["post-84093","post","type-post","status-publish","format-standard","has-post-thumbnail","hentry","category-juarez","tag-ciudad-juarez","tag-dia-del-nino","tag-ninez-juarense"],"acf":[],"_links":{"self":[{"href":"https:\/\/www.opinionpublica.tv\/portada\/wp-json\/wp\/v2\/posts\/84093","targetHints":{"allow":["GET"]}}],"collection":[{"href":"https:\/\/www.opinionpublica.tv\/portada\/wp-json\/wp\/v2\/posts"}],"about":[{"href":"https:\/\/www.opinionpublica.tv\/portada\/wp-json\/wp\/v2\/types\/post"}],"author":[{"embeddable":true,"href":"https:\/\/www.opinionpublica.tv\/portada\/wp-json\/wp\/v2\/users\/6"}],"replies":[{"embeddable":true,"href":"https:\/\/www.opinionpublica.tv\/portada\/wp-json\/wp\/v2\/comments?post=84093"}],"version-history":[{"count":2,"href":"https:\/\/www.opinionpublica.tv\/portada\/wp-json\/wp\/v2\/posts\/84093\/revisions"}],"predecessor-version":[{"id":84097,"href":"https:\/\/www.opinionpublica.tv\/portada\/wp-json\/wp\/v2\/posts\/84093\/revisions\/84097"}],"wp:featuredmedia":[{"embeddable":true,"href":"https:\/\/www.opinionpublica.tv\/portada\/wp-json\/wp\/v2\/media\/84095"}],"wp:attachment":[{"href":"https:\/\/www.opinionpublica.tv\/portada\/wp-json\/wp\/v2\/media?parent=84093"}],"wp:term":[{"taxonomy":"category","embeddable":true,"href":"https:\/\/www.opinionpublica.tv\/portada\/wp-json\/wp\/v2\/categories?post=84093"},{"taxonomy":"post_tag","embeddable":true,"href":"https:\/\/www.opinionpublica.tv\/portada\/wp-json\/wp\/v2\/tags?post=84093"}],"curies":[{"name":"wp","href":"https:\/\/api.w.org\/{rel}","templated":true}]}}