{"id":8409,"date":"2016-11-22T07:00:00","date_gmt":"2016-11-22T06:00:00","guid":{"rendered":"https:\/\/www.opinionpublica.tv\/portada\/2016\/11\/22\/trump-cancela-reunion-con-new-york-times\/"},"modified":"2016-11-22T07:00:00","modified_gmt":"2016-11-22T06:00:00","slug":"trump-cancela-reunion-con-new-york-times","status":"publish","type":"post","link":"https:\/\/www.opinionpublica.tv\/portada\/trump-cancela-reunion-con-new-york-times\/","title":{"rendered":"Trump cancela reuni\u00f3n con &#8216;New York Times&#8217;"},"content":{"rendered":"<p><img fetchpriority=\"high\" decoding=\"async\" class=\" size-full wp-image-8408\" src=\"https:\/\/www.opinionpublica.tv\/portada\/wp-content\/uploads\/2016\/11\/07c094d01177902cf8661f35cdc25d62.jpg\" alt=\"\" width=\"573\" height=\"324\" srcset=\"https:\/\/www.opinionpublica.tv\/portada\/wp-content\/uploads\/2016\/11\/07c094d01177902cf8661f35cdc25d62.jpg 573w, https:\/\/www.opinionpublica.tv\/portada\/wp-content\/uploads\/2016\/11\/07c094d01177902cf8661f35cdc25d62-300x170.jpg 300w\" sizes=\"(max-width: 573px) 100vw, 573px\" \/><br \/>\n<!--more--><\/p>\n<p style=\"text-align: justify;\">El presidente electo de Estados Unidos, Donald Trump, cancel\u00f3 de forma abrupta una reuni\u00f3n prevista para el martes con el diario The New York Times, al que ha criticado con frecuencia, quej\u00e1ndose en mensajes matutinos por Twitter de su cobertura inexacta y su \u00abtono desagradable\u00bb.<\/p>\n<p style=\"text-align: justify;\">La decisi\u00f3n se produjo un d\u00eda despu\u00e9s de que el magnate inmobiliario se reuni\u00f3 en Nueva York con presentadores televisivos, ejecutivos de la industria de los medios y reporteros, en una sesi\u00f3n descrita por The Washington Post como disputada, pero respetuosa en general.<\/p>\n<p style=\"text-align: justify;\">Trump se\u00f1al\u00f3 en particular la cobertura de su campa\u00f1a hecha por CNN y NBC, que consider\u00f3 injusta, indic\u00f3 el Post, citando a cuatro participantes del encuentro. La cita ilustr\u00f3 la complicada relaci\u00f3n de Trump con los medios.<\/p>\n<p style=\"text-align: justify;\">Como candidato presidencial, Trump se quej\u00f3 de las coberturas de noticias poco halagadoras, aunque sigui\u00f3 siendo accesible a ciertos reporteros, incluidos varios del Times. En un momento lleg\u00f3 a impedir que el Post, Buzzfeed y Politico recibieran credenciales para asistir a sus actos.<\/p>\n<blockquote>\n<p>Cancel\u00e9 la reuni\u00f3n de hoy con el @nytimes cuando los t\u00e9rminos y condiciones del encuentro fueron cambiados en el \u00faltimo momento. No fue agradable\u00bb, tuite\u00f3 Trump.<\/p>\n<\/blockquote>\n<blockquote>\n<p>Tal vez fijemos un nuevo encuentro con @nytimes. Mientras, \u00a1seguir\u00e1n cubri\u00e9ndome de forma inexacta y con un tono desagradable!\u00bb, escribi\u00f3 Trump en un segundo mensaje en Twitter.\u00a0<\/p>\n<\/blockquote>\n<div style=\"text-align: justify;\" data-twitter-event-id=\"0\">\n<div id=\"twitter-widget-0\" lang=\"es\" data-click-to-open-target=\"https:\/\/twitter.com\/realDonaldTrump\/status\/801021596228091905\" data-iframe-title=\"Tweet de Twitter\" data-dt-full=\"%{hours24}:%{minutes} - %{day} %{month} %{year}\" data-dt-months=\"ene|feb|mar|abr|Mayo|jun|jul|ago|sep|oct|nov|dic\" data-dt-am=\"AM\" data-dt-pm=\"PM\" data-dt-now=\"ahora\" data-dt-s=\"s\" data-dt-m=\"m\" data-dt-h=\"h\" data-dt-second=\"segundo\" data-dt-seconds=\"segundos\" data-dt-minute=\"minuto\" data-dt-minutes=\"minutos\" data-dt-hour=\"hora\" data-dt-hours=\"horas\" data-dt-abbr=\"%{number}%{symbol}\" data-dt-short=\"%{day} %{month}\" data-dt-long=\"%{day} %{month} %{year}\" data-scribe=\"page:tweet\" data-twitter-event-id=\"2\">\n<div>\n<blockquote cite=\"https:\/\/twitter.com\/realDonaldTrump\/status\/801021596228091905\" data-tweet-id=\"801021596228091905\" data-scribe=\"section:subject\">\n<div>\n<div data-scribe=\"component:author\"><a href=\"https:\/\/twitter.com\/realDonaldTrump\" data-scribe=\"element:user_link\"><img decoding=\"async\" src=\"https:\/\/pbs.twimg.com\/profile_images\/1980294624\/DJT_Headshot_V2_normal.jpg\" alt=\"\" data-scribe=\"element:avatar\" data-src-2x=\"https:\/\/pbs.twimg.com\/profile_images\/1980294624\/DJT_Headshot_V2_bigger.jpg\" data-src-1x=\"https:\/\/pbs.twimg.com\/profile_images\/1980294624\/DJT_Headshot_V2_normal.jpg\" \/><span title=\"Donald J. Trump\" data-scribe=\"element:name\">Donald J. Trump<\/span> <\/a><\/p>\n<div title=\"Cuenta verificada\">\u00a0<\/div>\n<p><a href=\"https:\/\/twitter.com\/realDonaldTrump\" data-scribe=\"element:user_link\"><span data-scribe=\"element:verified_badge\">\u2714<\/span><span dir=\"ltr\" title=\"@realDonaldTrump\" data-scribe=\"element:screen_name\">@realDonaldTrump<\/span><\/a><\/div>\n<\/div>\n<div data-scribe=\"component:tweet\">\n<p dir=\"ltr\" lang=\"en\">I cancelled today&#8217;s meeting with the failing <a dir=\"ltr\" href=\"https:\/\/twitter.com\/nytimes\" data-mentioned-user-id=\"807095\" data-scribe=\"element:mention\">@nytimes<\/a> when the terms and conditions of the meeting were changed at the last moment. Not nice<\/p>\n<\/div>\n<\/blockquote>\n<\/div>\n<\/div>\n<\/div>\n<div style=\"text-align: justify;\" data-twitter-event-id=\"1\">\n<div id=\"twitter-widget-1\" lang=\"es\" data-click-to-open-target=\"https:\/\/twitter.com\/realDonaldTrump\/status\/801025256487940096\" data-iframe-title=\"Tweet de Twitter\" data-dt-full=\"%{hours24}:%{minutes} - %{day} %{month} %{year}\" data-dt-months=\"ene|feb|mar|abr|Mayo|jun|jul|ago|sep|oct|nov|dic\" data-dt-am=\"AM\" data-dt-pm=\"PM\" data-dt-now=\"ahora\" data-dt-s=\"s\" data-dt-m=\"m\" data-dt-h=\"h\" data-dt-second=\"segundo\" data-dt-seconds=\"segundos\" data-dt-minute=\"minuto\" data-dt-minutes=\"minutos\" data-dt-hour=\"hora\" data-dt-hours=\"horas\" data-dt-abbr=\"%{number}%{symbol}\" data-dt-short=\"%{day} %{month}\" data-dt-long=\"%{day} %{month} %{year}\" data-scribe=\"page:tweet\" data-twitter-event-id=\"3\">\n<div>\n<blockquote cite=\"https:\/\/twitter.com\/realDonaldTrump\/status\/801025256487940096\" data-tweet-id=\"801025256487940096\" data-scribe=\"section:subject\">\n<div>\n<div data-scribe=\"component:author\"><a href=\"https:\/\/twitter.com\/realDonaldTrump\" data-scribe=\"element:user_link\"><img decoding=\"async\" src=\"https:\/\/pbs.twimg.com\/profile_images\/1980294624\/DJT_Headshot_V2_normal.jpg\" alt=\"\" data-scribe=\"element:avatar\" data-src-2x=\"https:\/\/pbs.twimg.com\/profile_images\/1980294624\/DJT_Headshot_V2_bigger.jpg\" data-src-1x=\"https:\/\/pbs.twimg.com\/profile_images\/1980294624\/DJT_Headshot_V2_normal.jpg\" \/><span title=\"Donald J. Trump\" data-scribe=\"element:name\">Donald J. Trump<\/span> <\/a><\/p>\n<div title=\"Cuenta verificada\">\u00a0<\/div>\n<p><a href=\"https:\/\/twitter.com\/realDonaldTrump\" data-scribe=\"element:user_link\"><span data-scribe=\"element:verified_badge\">\u2714<\/span><span dir=\"ltr\" title=\"@realDonaldTrump\" data-scribe=\"element:screen_name\">@realDonaldTrump<\/span><\/a><\/div>\n<\/div>\n<div data-scribe=\"component:tweet\">\n<p dir=\"ltr\" lang=\"en\">Perhaps a new meeting will be set up with the <a dir=\"ltr\" href=\"https:\/\/twitter.com\/nytimes\" data-mentioned-user-id=\"807095\" data-scribe=\"element:mention\">@nytimes<\/a>. In the meantime they continue to cover me inaccurately and with a nasty tone!<\/p>\n<div><time title=\"Publicado a las: 22 nov 2016, 11:31:18 (UTC)\" datetime=\"2016-11-22T11:31:18+0000\"><\/time>\u00a0<\/div>\n<\/div>\n<\/blockquote>\n<\/div>\n<\/div>\n<\/div>\n<p style=\"text-align: justify;\">Una portavoz del diario asegur\u00f3 que no se enteraron de la cancelaci\u00f3n hasta que vieron el tuit de Trump, que fue publicado alrededor de las 1130 GMT.<\/p>\n<p style=\"text-align: justify;\">El equipo de Trump intent\u00f3 cambiar las condiciones del encuentro el lunes, pidiendo que fuera sin registro, pero el peri\u00f3dico se neg\u00f3, seg\u00fan la portavoz Eileen Murphy.<\/p>\n<p style=\"text-align: justify;\">Informaci\u00f3n de Exc\u00e9ksior<\/p>\n","protected":false},"excerpt":{"rendered":"","protected":false},"author":1,"featured_media":8408,"comment_status":"open","ping_status":"open","sticky":false,"template":"","format":"standard","meta":{"_acf_changed":false,"_monsterinsights_skip_tracking":false,"slim_seo":{"title":"Trump cancela reuni\u00f3n con 'New York Times' - Opini\u00f3n P\u00fablica","description":"El presidente electo de Estados Unidos, Donald Trump, cancel\u00f3 de forma abrupta una reuni\u00f3n prevista para el martes con el diario The New York Times, al que ha c"},"footnotes":""},"categories":[24],"tags":[],"class_list":["post-8409","post","type-post","status-publish","format-standard","has-post-thumbnail","hentry","category-estados-unidos"],"acf":[],"_links":{"self":[{"href":"https:\/\/www.opinionpublica.tv\/portada\/wp-json\/wp\/v2\/posts\/8409","targetHints":{"allow":["GET"]}}],"collection":[{"href":"https:\/\/www.opinionpublica.tv\/portada\/wp-json\/wp\/v2\/posts"}],"about":[{"href":"https:\/\/www.opinionpublica.tv\/portada\/wp-json\/wp\/v2\/types\/post"}],"author":[{"embeddable":true,"href":"https:\/\/www.opinionpublica.tv\/portada\/wp-json\/wp\/v2\/users\/1"}],"replies":[{"embeddable":true,"href":"https:\/\/www.opinionpublica.tv\/portada\/wp-json\/wp\/v2\/comments?post=8409"}],"version-history":[{"count":0,"href":"https:\/\/www.opinionpublica.tv\/portada\/wp-json\/wp\/v2\/posts\/8409\/revisions"}],"wp:featuredmedia":[{"embeddable":true,"href":"https:\/\/www.opinionpublica.tv\/portada\/wp-json\/wp\/v2\/media\/8408"}],"wp:attachment":[{"href":"https:\/\/www.opinionpublica.tv\/portada\/wp-json\/wp\/v2\/media?parent=8409"}],"wp:term":[{"taxonomy":"category","embeddable":true,"href":"https:\/\/www.opinionpublica.tv\/portada\/wp-json\/wp\/v2\/categories?post=8409"},{"taxonomy":"post_tag","embeddable":true,"href":"https:\/\/www.opinionpublica.tv\/portada\/wp-json\/wp\/v2\/tags?post=8409"}],"curies":[{"name":"wp","href":"https:\/\/api.w.org\/{rel}","templated":true}]}}