{"id":84089,"date":"2026-04-28T00:01:00","date_gmt":"2026-04-28T06:01:00","guid":{"rendered":"https:\/\/www.opinionpublica.tv\/portada\/?p=84089"},"modified":"2026-04-27T18:11:52","modified_gmt":"2026-04-28T00:11:52","slug":"regidores-de-juarez-visitan-concejo-municipal-de-el-paso-fortalecen-coordinacion-binacional","status":"publish","type":"post","link":"https:\/\/www.opinionpublica.tv\/portada\/regidores-de-juarez-visitan-concejo-municipal-de-el-paso-fortalecen-coordinacion-binacional\/","title":{"rendered":"Regidores de Ciudad Ju\u00e1rez visitan el Concejo Municipal de El Paso, Texas"},"content":{"rendered":"\n<figure class=\"wp-block-image size-large\"><img fetchpriority=\"high\" decoding=\"async\" width=\"1024\" height=\"687\" src=\"https:\/\/www.opinionpublica.tv\/portada\/wp-content\/uploads\/2026\/04\/Regidores-de-Ciudad-Juarez-visitan-el-Concejo-Municipal-de-El-Paso-Texas-1024x687.jpeg\" alt=\"Regidores de ciudad jua\u0301rez visitan el concejo municipal de el paso, texas\" class=\"wp-image-84091\" srcset=\"https:\/\/www.opinionpublica.tv\/portada\/wp-content\/uploads\/2026\/04\/Regidores-de-Ciudad-Juarez-visitan-el-Concejo-Municipal-de-El-Paso-Texas-1024x687.jpeg 1024w, https:\/\/www.opinionpublica.tv\/portada\/wp-content\/uploads\/2026\/04\/Regidores-de-Ciudad-Juarez-visitan-el-Concejo-Municipal-de-El-Paso-Texas-300x201.jpeg 300w, https:\/\/www.opinionpublica.tv\/portada\/wp-content\/uploads\/2026\/04\/Regidores-de-Ciudad-Juarez-visitan-el-Concejo-Municipal-de-El-Paso-Texas-768x515.jpeg 768w, https:\/\/www.opinionpublica.tv\/portada\/wp-content\/uploads\/2026\/04\/Regidores-de-Ciudad-Juarez-visitan-el-Concejo-Municipal-de-El-Paso-Texas-1536x1030.jpeg 1536w, https:\/\/www.opinionpublica.tv\/portada\/wp-content\/uploads\/2026\/04\/Regidores-de-Ciudad-Juarez-visitan-el-Concejo-Municipal-de-El-Paso-Texas.jpeg 1600w\" sizes=\"(max-width: 1024px) 100vw, 1024px\" \/><\/figure>\n\n\n\n<p><em>El Paso, Texas, EU<\/em>.- Regidores juarenses, acompa\u00f1ados por el director de Gobierno, \u00d3scar Murillo Delgado, hicieron una visita al Concejo Municipal de El Paso, Texas, con el objetivo de conocer de primera mano sus procesos de trabajo.<\/p>\n\n\n\n<p>Murillo explic\u00f3 que el acercamiento permiti\u00f3 observar c\u00f3mo operan los procedimientos en la vecina ciudad, lo que servir\u00e1 como base para reforzar la coordinaci\u00f3n institucional entre ambas localidades fronterizas.<\/p>\n\n\n\n<p>Este ejercicio forma parte de los preparativos rumbo a la pr\u00f3xima Reuni\u00f3n Binacional de Cabildos, en la que se busca consolidar acuerdos y acciones conjuntas, coment\u00f3.<\/p>\n\n\n\n<p>En la visita participaron los ediles Mar\u00eda Dolores Adame Alvarado, Sandra Garc\u00eda Ramos, Jorge Marcial Bueno Quiroz, Mireya Porras Armend\u00e1riz, Dina Salgado Sotelo, Gloria Roc\u00edo Mirazo de la Rosa y Alejandro Daniel Acosta Avi\u00f1a, adem\u00e1s de Juan Acereto, representante del Gobierno Municipal en El Paso.<\/p>\n","protected":false},"excerpt":{"rendered":"<p>El Paso, Texas, EU.- Regidores juarenses, acompa\u00f1ados por el director de Gobierno, \u00d3scar Murillo Delgado, hicieron una visita al Concejo Municipal de El Paso, Texas, con el objetivo de conocer de primera mano sus procesos de trabajo. Murillo explic\u00f3 que el acercamiento permiti\u00f3 observar c\u00f3mo operan los procedimientos en la vecina ciudad, lo que servir\u00e1 [&hellip;]<\/p>\n","protected":false},"author":6,"featured_media":84091,"comment_status":"closed","ping_status":"closed","sticky":false,"template":"","format":"standard","meta":{"_acf_changed":false,"_monsterinsights_skip_tracking":false,"_monsterinsights_sitenote_active":false,"_monsterinsights_sitenote_note":"","_monsterinsights_sitenote_category":0,"slim_seo":{"title":"Regidores de Ciudad Ju\u00e1rez visitan el Concejo Municipal de El Paso, Texas - Opini\u00f3n P\u00fablica","description":"El Paso, Texas, EU .- Regidores juarenses, acompa\u00f1ados por el director de Gobierno, \u00d3scar Murillo Delgado, hicieron una visita al Concejo Municipal de El Paso,"},"footnotes":""},"categories":[41],"tags":[608,3190,3191],"class_list":["post-84089","post","type-post","status-publish","format-standard","has-post-thumbnail","hentry","category-juarez","tag-ciudad-juarez","tag-concejo-municipal-de-el-paso","tag-regidores-ciudad-juarez"],"acf":[],"_links":{"self":[{"href":"https:\/\/www.opinionpublica.tv\/portada\/wp-json\/wp\/v2\/posts\/84089","targetHints":{"allow":["GET"]}}],"collection":[{"href":"https:\/\/www.opinionpublica.tv\/portada\/wp-json\/wp\/v2\/posts"}],"about":[{"href":"https:\/\/www.opinionpublica.tv\/portada\/wp-json\/wp\/v2\/types\/post"}],"author":[{"embeddable":true,"href":"https:\/\/www.opinionpublica.tv\/portada\/wp-json\/wp\/v2\/users\/6"}],"replies":[{"embeddable":true,"href":"https:\/\/www.opinionpublica.tv\/portada\/wp-json\/wp\/v2\/comments?post=84089"}],"version-history":[{"count":2,"href":"https:\/\/www.opinionpublica.tv\/portada\/wp-json\/wp\/v2\/posts\/84089\/revisions"}],"predecessor-version":[{"id":84092,"href":"https:\/\/www.opinionpublica.tv\/portada\/wp-json\/wp\/v2\/posts\/84089\/revisions\/84092"}],"wp:featuredmedia":[{"embeddable":true,"href":"https:\/\/www.opinionpublica.tv\/portada\/wp-json\/wp\/v2\/media\/84091"}],"wp:attachment":[{"href":"https:\/\/www.opinionpublica.tv\/portada\/wp-json\/wp\/v2\/media?parent=84089"}],"wp:term":[{"taxonomy":"category","embeddable":true,"href":"https:\/\/www.opinionpublica.tv\/portada\/wp-json\/wp\/v2\/categories?post=84089"},{"taxonomy":"post_tag","embeddable":true,"href":"https:\/\/www.opinionpublica.tv\/portada\/wp-json\/wp\/v2\/tags?post=84089"}],"curies":[{"name":"wp","href":"https:\/\/api.w.org\/{rel}","templated":true}]}}