{"id":84080,"date":"2026-04-28T00:01:00","date_gmt":"2026-04-28T06:01:00","guid":{"rendered":"https:\/\/www.opinionpublica.tv\/portada\/?p=84080"},"modified":"2026-04-27T17:09:47","modified_gmt":"2026-04-27T23:09:47","slug":"surrealismo-mexicano","status":"publish","type":"post","link":"https:\/\/www.opinionpublica.tv\/portada\/surrealismo-mexicano\/","title":{"rendered":"Surrealismo mexicano"},"content":{"rendered":"\n<h4 class=\"wp-block-heading\">Ricardo Homs<\/h4>\n\n\n\n<p>___________________________<\/p>\n\n\n\n<p>Fuimos a la tierra de Salvador Dal\u00ed, Catalu\u00f1a, a dar lecciones de democracia. Es parad\u00f3jico que en la tierra de uno de los m\u00e1ximos exponentes del surrealismo este r\u00e9gimen que est\u00e1 destruyendo la democracia, pretenda ser reconocido como palad\u00edn de ella.<\/p>\n\n\n\n<p>Hoy que este r\u00e9gimen iniciado por L\u00f3pez Obrador est\u00e1 fortaleciendo su control sobre el INE colocando a su gente en los tres lugares disponibles, -que dejaron tres consejeros electorales reci\u00e9n jubilados de ese organismo-, nuestra presidenta va a Barcelona a hablar de democracia, arropada por sus hom\u00f3logos del Foro de Sao Paulo.<\/p>\n\n\n\n<p>Sin embargo, cabe decir, que ni el Brasil de Lula da Silva, ni la Colombia del presidente Petro, -exguerrillero-, ni Chile de Gabriel Boric, o Espa\u00f1a de Pedro S\u00e1nchez, tienen los riesgos de p\u00e9rdida de democracia que ensombrecen a M\u00e9xico.<\/p>\n\n\n\n<p>Estos gobernantes han sido respetuosos de ella. Gabriel Boric, de Chile, ha entregado recientemente, -el pasado 11 de marzo-, la presidencia de su pa\u00eds al ultraconservador de extrema derecha Jos\u00e9 Antonio Kast, triunfador en las \u00faltimas elecciones.<\/p>\n\n\n\n<p>Tampoco podemos olvidar que estos tres presidentes de izquierda, Lula, Petro y Boric exigieron a Nicol\u00e1s Maduro respetar las elecciones de 2024 o exhibir las actas que dec\u00eda poseer y que \u00e9l dec\u00eda le dieron el triunfo.<\/p>\n\n\n\n<p>A su vez, ellos tres pidieron su aval al presidente L\u00f3pez Obrador, quien con gran tibieza ni se excus\u00f3, pero tampoco se comprometi\u00f3 ante esta exigencia.<\/p>\n\n\n\n<p>A diferencia de estos presidentes, este r\u00e9gimen destruy\u00f3 en M\u00e9xico a las instituciones que garantizaban la democracia y por asalto, -con argucias leguleyas-, tom\u00f3 control de los otros dos poderes, el Legislativo y el Judicial.<\/p>\n\n\n\n<p>Por algo Andr\u00e9 Bret\u00f3n, el creador del surrealismo expres\u00f3 en su viaje a nuestro pa\u00eds en 1938, que no hab\u00eda un pa\u00eds m\u00e1s surrealista que M\u00e9xico y se dice que el mismo Salvador Dal\u00ed lo confirm\u00f3 en uno de sus viajes.<\/p>\n\n\n\n<p>Candil de la calle y oscuridad en la casa.<\/p>\n\n\n\n<p>En realidad esta cumbre titulada \u201cDefensa de la Democracia\u201d result\u00f3 ser un evento de provocaci\u00f3n en contra del presidente Trump, quien hoy est\u00e1 debilitado por la guerra de Ir\u00e1n. Este evento tambi\u00e9n pretendi\u00f3 arropar al r\u00e9gimen dictatorial de Cuba, pues la supuesta ayuda humanitaria de nuestro gobierno, a esa isla, en realidad es apoyo al gobierno de D\u00edaz Canel para que resista.<\/p>\n\n\n\n<p>El gran dilema de este r\u00e9gimen que nos gobierna es la simulaci\u00f3n: pretende que se le considere un palad\u00edn de la democracia, pero todo su esfuerzo est\u00e1 enfocado en ganar elecciones para retener el poder al precio que sea.<\/p>\n\n\n\n<p>No puede haber democracia sin alternancia partidista. Los gobiernos de \u201cantes\u201d nos dejaron instituciones que garantizaban la alternancia como un derecho ciudadano. En tan solo siete a\u00f1os estas instituciones desaparecieron.<\/p>\n\n\n\n<p>Sin embargo, debemos preguntarnos por qu\u00e9 en unos pa\u00edses la democracia se valora y en el nuestro no. \u00bfQu\u00e9 tanta culpa tenemos los ciudadanos?<\/p>\n\n\n\n<p>Nuestro individualismo, -que es parte de nuestra idiosincrasia-, nos ha hecho tolerantes frente al abuso pol\u00edtico y poco solidarios con las causas colectivas o sociales.<\/p>\n\n\n\n<p>Poco nos importa el pa\u00eds mientras nuestra situaci\u00f3n personal, -o incluso familiar-, nos mantenga en nuestra zona de confort.<\/p>\n\n\n\n<p>\u00bfTenemos lo que merecemos?<\/p>\n\n\n\n<p>Diplomacia pol\u00edtica<\/p>\n\n\n\n<p>A su llegada a M\u00e9xico el alto comisionado para los derechos humanos de la ONU, Volker Turk, gener\u00f3 muchas expectativas entre las v\u00edctimas de la violencia, -que a su vez se consideran agraviadas por la indiferencia gubernamental-, y al fin de su visita dej\u00f3 gran decepci\u00f3n. Un viaje rel\u00e1mpago del 19 al 22 de abril.<\/p>\n\n\n\n<p>En lugar de entrevistarse con los agraviados, vino a reunirse con las autoridades que han sido omisas frente a la violencia, lo cual estar\u00eda bien si no fuese porque termin\u00f3 dando mensajes que avalan la actuaci\u00f3n de las autoridades.<\/p>\n\n\n\n<p>Seguramente M\u00e9xico es el \u00fanico pa\u00eds donde las v\u00edctimas, -o sus familiares y amigos-, deben hacer el trabajo de las fiscal\u00edas: investigar los cr\u00edmenes, identificar a los culpables, descubrir su ubicaci\u00f3n y simplemente decir a la polic\u00eda d\u00f3nde deben acudir para detener a los criminales y posiblemente, -a\u00fan as\u00ed-, el desinter\u00e9s y el esp\u00edritu burocr\u00e1tico deja pasar las oportunidades, si no es que alguien dentro de la fiscal\u00eda da la voz de alerta a los criminales para que desaparezcan.<\/p>\n\n\n\n<p>Detr\u00e1s de todos los descubrimientos de las \u201cmadres buscadoras\u201d y quienes les apoyan, siempre aparece el contubernio de autoridades con criminales y en el caso menos grave, la apat\u00eda gubernamental. As\u00ed ha sucedido.<\/p>\n\n\n\n<p>Por ello podemos decir que Volker Turk simplemente vino a M\u00e9xico a hacer las paces despu\u00e9s de la tormenta que se desat\u00f3 cuando el \u201cComit\u00e9 de las Naciones Unidas contra la Desaparici\u00f3n Forzada\u201d dio la voz de alerta internacionalmente y amenaz\u00f3 con llevar este tema a la Asamblea General de la ONU, generando una rabieta de nuestro gobierno y descalificaciones en contra de este organismo internacional.<\/p>\n\n\n\n<p>Fue una gran oportunidad perdida para resolver el problema de la desaparici\u00f3n forzada en M\u00e9xico.<\/p>\n\n\n\n<p>El caso de Edith Guadalupe<\/p>\n\n\n\n<p>S\u00f3lo la participaci\u00f3n directa de la fiscal de la Ciudad de M\u00e9xico, Bertha Alcalde Luj\u00e1n, pudo frenar el esc\u00e1ndalo y darle un enfoque propositivo a la investigaci\u00f3n, reconociendo los errores iniciales de las autoridades que no actuaron con la celeridad que requer\u00eda el caso a partir de los descubrimientos realizados por los familiares de la v\u00edctima Edith Guadalupe. Adem\u00e1s, ella se gan\u00f3 la confianza de los familiares de la v\u00edctima.<\/p>\n\n\n\n<p>Sin embargo, la gran tragedia de la justicia en M\u00e9xico es que cuando el crimen se maneja en el anonimato porque los familiares no tienen la capacidad para actuar, o forman parte del amplio sector de poblaci\u00f3n vulnerable, la justicia jam\u00e1s llega y abona las alt\u00edsimas cifras de la impunidad. La impunidad estimula la violencia y la criminalidad\u2026 un \u201cc\u00edrculo vicioso\u201d.<\/p>\n\n\n\n<p>\u00bfHasta cu\u00e1ndo el acceso a la justicia se lograr\u00e1 como un derecho institucional?<\/p>\n\n\n\n<p>Seguramente pasar\u00e1n d\u00e9cadas antes de que la justicia se imparta con el respaldo de valores morales y no como producto de una negociaci\u00f3n.<\/p>\n\n\n\n<p>\u00bfA usted qu\u00e9 le parece?<\/p>\n\n\n\n<p>www.ricardohoms.com<\/p>\n","protected":false},"excerpt":{"rendered":"<p>Ricardo Homs ___________________________ Fuimos a la tierra de Salvador Dal\u00ed, Catalu\u00f1a, a dar lecciones de democracia. Es parad\u00f3jico que en la tierra de uno de los m\u00e1ximos exponentes del surrealismo este r\u00e9gimen que est\u00e1 destruyendo la democracia, pretenda ser reconocido como palad\u00edn de ella. Hoy que este r\u00e9gimen iniciado por L\u00f3pez Obrador est\u00e1 fortaleciendo su [&hellip;]<\/p>\n","protected":false},"author":6,"featured_media":81532,"comment_status":"closed","ping_status":"closed","sticky":false,"template":"","format":"standard","meta":{"_acf_changed":false,"_monsterinsights_skip_tracking":false,"_monsterinsights_sitenote_active":false,"_monsterinsights_sitenote_note":"","_monsterinsights_sitenote_category":0,"slim_seo":{"title":"Surrealismo mexicano - Opini\u00f3n P\u00fablica","description":"Ricardo Homs ___________________________ Fuimos a la tierra de Salvador Dal\u00ed, Catalu\u00f1a, a dar lecciones de democracia. Es parad\u00f3jico que en la tierra de uno de"},"footnotes":""},"categories":[38],"tags":[2784],"class_list":["post-84080","post","type-post","status-publish","format-standard","has-post-thumbnail","hentry","category-columna-invitada","tag-ricardo-homs"],"acf":[],"_links":{"self":[{"href":"https:\/\/www.opinionpublica.tv\/portada\/wp-json\/wp\/v2\/posts\/84080","targetHints":{"allow":["GET"]}}],"collection":[{"href":"https:\/\/www.opinionpublica.tv\/portada\/wp-json\/wp\/v2\/posts"}],"about":[{"href":"https:\/\/www.opinionpublica.tv\/portada\/wp-json\/wp\/v2\/types\/post"}],"author":[{"embeddable":true,"href":"https:\/\/www.opinionpublica.tv\/portada\/wp-json\/wp\/v2\/users\/6"}],"replies":[{"embeddable":true,"href":"https:\/\/www.opinionpublica.tv\/portada\/wp-json\/wp\/v2\/comments?post=84080"}],"version-history":[{"count":2,"href":"https:\/\/www.opinionpublica.tv\/portada\/wp-json\/wp\/v2\/posts\/84080\/revisions"}],"predecessor-version":[{"id":84082,"href":"https:\/\/www.opinionpublica.tv\/portada\/wp-json\/wp\/v2\/posts\/84080\/revisions\/84082"}],"wp:featuredmedia":[{"embeddable":true,"href":"https:\/\/www.opinionpublica.tv\/portada\/wp-json\/wp\/v2\/media\/81532"}],"wp:attachment":[{"href":"https:\/\/www.opinionpublica.tv\/portada\/wp-json\/wp\/v2\/media?parent=84080"}],"wp:term":[{"taxonomy":"category","embeddable":true,"href":"https:\/\/www.opinionpublica.tv\/portada\/wp-json\/wp\/v2\/categories?post=84080"},{"taxonomy":"post_tag","embeddable":true,"href":"https:\/\/www.opinionpublica.tv\/portada\/wp-json\/wp\/v2\/tags?post=84080"}],"curies":[{"name":"wp","href":"https:\/\/api.w.org\/{rel}","templated":true}]}}