{"id":84047,"date":"2026-04-28T00:01:00","date_gmt":"2026-04-28T06:01:00","guid":{"rendered":"https:\/\/www.opinionpublica.tv\/portada\/?p=84047"},"modified":"2026-04-27T14:11:38","modified_gmt":"2026-04-27T20:11:38","slug":"video-mexico-86-trailer-oficial-netflix","status":"publish","type":"post","link":"https:\/\/www.opinionpublica.tv\/portada\/video-mexico-86-trailer-oficial-netflix\/","title":{"rendered":"Video: M\u00e9xico 86 | Tr\u00e1iler oficial | Estreno Netflix"},"content":{"rendered":"\n<p><a href=\"https:\/\/www.youtube.com\/@Netflix\"><\/a><\/p>\n\n\n\n<figure class=\"wp-block-embed is-type-video is-provider-youtube wp-block-embed-youtube wp-embed-aspect-16-9 wp-has-aspect-ratio\"><div class=\"wp-block-embed__wrapper\">\n<iframe title=\"Mexico 86 | Official Trailer | Netflix\" width=\"800\" height=\"450\" src=\"https:\/\/www.youtube.com\/embed\/BIVgPq4-mOM?feature=oembed\" frameborder=\"0\" allow=\"accelerometer; autoplay; clipboard-write; encrypted-media; gyroscope; picture-in-picture; web-share\" referrerpolicy=\"strict-origin-when-cross-origin\" allowfullscreen><\/iframe>\n<\/div><\/figure>\n\n\n\n<p>M\u00e9xico nunca ha ganado un Mundial\u2026 pero alguien decidi\u00f3 que eso no importaba.<\/p>\n\n\n\n<p>M\u00e9xico 86 cuenta la historia de Mart\u00edn de la Torre, quien encontr\u00f3 la manera de llegar a la cima y traer el Mundial de 1986 a M\u00e9xico por cualquier medio necesario, usando solo ingenio, audacia y cero escr\u00fapulos.<\/p>\n\n\n\n<p>Porque si no se puede ganar en la cancha\u2026 siempre hay otras maneras de jugar.<\/p>\n","protected":false},"excerpt":{"rendered":"<p>M\u00e9xico nunca ha ganado un Mundial\u2026 pero alguien decidi\u00f3 que eso no importaba. M\u00e9xico 86 cuenta la historia de Mart\u00edn de la Torre, quien encontr\u00f3 la manera de llegar a la cima y traer el Mundial de 1986 a M\u00e9xico por cualquier medio necesario, usando solo ingenio, audacia y cero escr\u00fapulos. Porque si no se [&hellip;]<\/p>\n","protected":false},"author":6,"featured_media":84050,"comment_status":"closed","ping_status":"closed","sticky":false,"template":"","format":"standard","meta":{"_acf_changed":false,"_monsterinsights_skip_tracking":false,"_monsterinsights_sitenote_active":false,"_monsterinsights_sitenote_note":"","_monsterinsights_sitenote_category":0,"slim_seo":{"title":"Video: M\u00e9xico 86 | Tr\u00e1iler oficial | Estreno Netflix - Opini\u00f3n P\u00fablica","description":"https:\/\/youtu.be\/BIVgPq4-mOM?si=gNnsxCME1ZrvV8B_ M\u00e9xico nunca ha ganado un Mundial\u2026 pero alguien decidi\u00f3 que eso no importaba. M\u00e9xico 86 cuenta la historia de M"},"footnotes":""},"categories":[2,13,8],"tags":[3180,741],"class_list":["post-84047","post","type-post","status-publish","format-standard","has-post-thumbnail","hentry","category-videos-destacados","category-videos-destacados-contenido","category-videos","tag-mexico-86","tag-netflix"],"acf":[],"_links":{"self":[{"href":"https:\/\/www.opinionpublica.tv\/portada\/wp-json\/wp\/v2\/posts\/84047","targetHints":{"allow":["GET"]}}],"collection":[{"href":"https:\/\/www.opinionpublica.tv\/portada\/wp-json\/wp\/v2\/posts"}],"about":[{"href":"https:\/\/www.opinionpublica.tv\/portada\/wp-json\/wp\/v2\/types\/post"}],"author":[{"embeddable":true,"href":"https:\/\/www.opinionpublica.tv\/portada\/wp-json\/wp\/v2\/users\/6"}],"replies":[{"embeddable":true,"href":"https:\/\/www.opinionpublica.tv\/portada\/wp-json\/wp\/v2\/comments?post=84047"}],"version-history":[{"count":2,"href":"https:\/\/www.opinionpublica.tv\/portada\/wp-json\/wp\/v2\/posts\/84047\/revisions"}],"predecessor-version":[{"id":84051,"href":"https:\/\/www.opinionpublica.tv\/portada\/wp-json\/wp\/v2\/posts\/84047\/revisions\/84051"}],"wp:featuredmedia":[{"embeddable":true,"href":"https:\/\/www.opinionpublica.tv\/portada\/wp-json\/wp\/v2\/media\/84050"}],"wp:attachment":[{"href":"https:\/\/www.opinionpublica.tv\/portada\/wp-json\/wp\/v2\/media?parent=84047"}],"wp:term":[{"taxonomy":"category","embeddable":true,"href":"https:\/\/www.opinionpublica.tv\/portada\/wp-json\/wp\/v2\/categories?post=84047"},{"taxonomy":"post_tag","embeddable":true,"href":"https:\/\/www.opinionpublica.tv\/portada\/wp-json\/wp\/v2\/tags?post=84047"}],"curies":[{"name":"wp","href":"https:\/\/api.w.org\/{rel}","templated":true}]}}