{"id":84035,"date":"2026-04-27T07:51:17","date_gmt":"2026-04-27T13:51:17","guid":{"rendered":"https:\/\/www.opinionpublica.tv\/portada\/?p=84035"},"modified":"2026-04-27T07:53:21","modified_gmt":"2026-04-27T13:53:21","slug":"impulsa-desarrollo-rural-maquinaria-ligera-entre-pequenos-agricultores-en-valle-de-juarez","status":"publish","type":"post","link":"https:\/\/www.opinionpublica.tv\/portada\/impulsa-desarrollo-rural-maquinaria-ligera-entre-pequenos-agricultores-en-valle-de-juarez\/","title":{"rendered":"Impulsan uso de maquinaria ligera entre agricultores del Valle de Ju\u00e1rez"},"content":{"rendered":"\n<figure class=\"wp-block-image size-large\"><img fetchpriority=\"high\" decoding=\"async\" width=\"1024\" height=\"546\" src=\"https:\/\/www.opinionpublica.tv\/portada\/wp-content\/uploads\/2026\/04\/Impulsan-uso-de-maquinaria-ligera-entre-agricultores-del-Valle-de-Juarez-1024x546.jpeg\" alt=\"Impulsan uso de maquinaria ligera entre agricultores del valle de jua\u0301rez\" class=\"wp-image-84041\" srcset=\"https:\/\/www.opinionpublica.tv\/portada\/wp-content\/uploads\/2026\/04\/Impulsan-uso-de-maquinaria-ligera-entre-agricultores-del-Valle-de-Juarez-1024x546.jpeg 1024w, https:\/\/www.opinionpublica.tv\/portada\/wp-content\/uploads\/2026\/04\/Impulsan-uso-de-maquinaria-ligera-entre-agricultores-del-Valle-de-Juarez-300x160.jpeg 300w, https:\/\/www.opinionpublica.tv\/portada\/wp-content\/uploads\/2026\/04\/Impulsan-uso-de-maquinaria-ligera-entre-agricultores-del-Valle-de-Juarez-768x410.jpeg 768w, https:\/\/www.opinionpublica.tv\/portada\/wp-content\/uploads\/2026\/04\/Impulsan-uso-de-maquinaria-ligera-entre-agricultores-del-Valle-de-Juarez.jpeg 1080w\" sizes=\"(max-width: 1024px) 100vw, 1024px\" \/><\/figure>\n\n\n\n<p><em>Ciudad Ju\u00e1rez, Chih<\/em>.- La Direcci\u00f3n de Desarrollo Rural del Municipio llev\u00f3 a cabo una demostraci\u00f3n dirigida a peque\u00f1os agricultores, con el objetivo de dar a conocer el uso de maquinaria ligera en las labores de sus cultivos, como parte de las acciones para fortalecer la productividad en el campo.<\/p>\n\n\n\n<p>Durante la actividad se explic\u00f3 que actualmente la dependencia cuenta con motocultores que permiten trabajar superficies de entre 3 y 5 hect\u00e1reas en cultivos como calabacita, cilantro, r\u00e1bano, cebollita de rabo, flor de cempas\u00fachil y en viveros, facilitando tareas como la preparaci\u00f3n del suelo y la escarda, lo que representa un ahorro significativo de tiempo y recursos para los productores.<\/p>\n\n\n\n<p>El titular de la dependencia, Enrique Reyes C\u00f3rdova, inform\u00f3 que este equipo ya se encuentra en operaci\u00f3n en el ejido San Isidro, ubicado en la zona de Loma Blanca, donde actualmente se realizan trabajos de preparaci\u00f3n de terreno para la plantaci\u00f3n de patr\u00f3n de nogal, as\u00ed como labores de escarda en \u00e1reas previamente establecidas.<\/p>\n\n\n\n<p>Destac\u00f3 que el objetivo principal de este programa es que los productores conozcan el manejo y las ventajas de este tipo de maquinaria, la cual se caracteriza por su bajo consumo de combustible \u2014ya sea gasolina o di\u00e9sel\u2014 y su accesibilidad econ\u00f3mica, lo que la convierte en una alternativa viable para el campo local.<\/p>\n\n\n\n<p>Por su parte, Pedro Estupi\u00f1\u00e1n, viverista de Loma Blanca, resalt\u00f3 la utilidad de estos equipos al se\u00f1alar que \u201cestas m\u00e1quinas son muy eficientes, especialmente ahora que aqu\u00ed no hay suficiente mano de obra, ya que muchas personas se van a trabajar a Ju\u00e1rez o al extranjero. Adem\u00e1s, consumen poco combustible y su costo es accesible. Estoy considerando adquirir una\u201d.<\/p>\n\n\n\n<p>Otro de los beneficios relevantes es la reducci\u00f3n de la compactaci\u00f3n del suelo, lo que contribuye a mantener mejores condiciones para el desarrollo de los cultivos, fortaleciendo as\u00ed la productividad agr\u00edcola en la regi\u00f3n.<\/p>\n","protected":false},"excerpt":{"rendered":"<p>Ciudad Ju\u00e1rez, Chih.- La Direcci\u00f3n de Desarrollo Rural del Municipio llev\u00f3 a cabo una demostraci\u00f3n dirigida a peque\u00f1os agricultores, con el objetivo de dar a conocer el uso de maquinaria ligera en las labores de sus cultivos, como parte de las acciones para fortalecer la productividad en el campo. Durante la actividad se explic\u00f3 que [&hellip;]<\/p>\n","protected":false},"author":6,"featured_media":84041,"comment_status":"closed","ping_status":"closed","sticky":false,"template":"","format":"standard","meta":{"_acf_changed":false,"_monsterinsights_skip_tracking":false,"_monsterinsights_sitenote_active":false,"_monsterinsights_sitenote_note":"","_monsterinsights_sitenote_category":0,"slim_seo":{"title":"Impulsan uso de maquinaria ligera entre agricultores del Valle de Ju\u00e1rez - Opini\u00f3n P\u00fablica","description":"Ciudad Ju\u00e1rez, Chih .- La Direcci\u00f3n de Desarrollo Rural del Municipio llev\u00f3 a cabo una demostraci\u00f3n dirigida a peque\u00f1os agricultores, con el objetivo de dar a c"},"footnotes":""},"categories":[41],"tags":[1263,3179],"class_list":["post-84035","post","type-post","status-publish","format-standard","has-post-thumbnail","hentry","category-juarez","tag-agricultores","tag-valle-de-juarez"],"acf":[],"_links":{"self":[{"href":"https:\/\/www.opinionpublica.tv\/portada\/wp-json\/wp\/v2\/posts\/84035","targetHints":{"allow":["GET"]}}],"collection":[{"href":"https:\/\/www.opinionpublica.tv\/portada\/wp-json\/wp\/v2\/posts"}],"about":[{"href":"https:\/\/www.opinionpublica.tv\/portada\/wp-json\/wp\/v2\/types\/post"}],"author":[{"embeddable":true,"href":"https:\/\/www.opinionpublica.tv\/portada\/wp-json\/wp\/v2\/users\/6"}],"replies":[{"embeddable":true,"href":"https:\/\/www.opinionpublica.tv\/portada\/wp-json\/wp\/v2\/comments?post=84035"}],"version-history":[{"count":4,"href":"https:\/\/www.opinionpublica.tv\/portada\/wp-json\/wp\/v2\/posts\/84035\/revisions"}],"predecessor-version":[{"id":84042,"href":"https:\/\/www.opinionpublica.tv\/portada\/wp-json\/wp\/v2\/posts\/84035\/revisions\/84042"}],"wp:featuredmedia":[{"embeddable":true,"href":"https:\/\/www.opinionpublica.tv\/portada\/wp-json\/wp\/v2\/media\/84041"}],"wp:attachment":[{"href":"https:\/\/www.opinionpublica.tv\/portada\/wp-json\/wp\/v2\/media?parent=84035"}],"wp:term":[{"taxonomy":"category","embeddable":true,"href":"https:\/\/www.opinionpublica.tv\/portada\/wp-json\/wp\/v2\/categories?post=84035"},{"taxonomy":"post_tag","embeddable":true,"href":"https:\/\/www.opinionpublica.tv\/portada\/wp-json\/wp\/v2\/tags?post=84035"}],"curies":[{"name":"wp","href":"https:\/\/api.w.org\/{rel}","templated":true}]}}